{"id":336253,"date":"2026-01-12T06:11:11","date_gmt":"2026-01-12T06:11:11","guid":{"rendered":"https:\/\/www.europesays.com\/es\/336253\/"},"modified":"2026-01-12T06:11:11","modified_gmt":"2026-01-12T06:11:11","slug":"gh-duo-ficha-a-una-protagonista-de-la-isla-de-las-tentaciones-para-su-nueva-edicion","status":"publish","type":"post","link":"https:\/\/www.europesays.com\/es\/336253\/","title":{"rendered":"&#8216;GH D\u00daO&#8217; ficha a una protagonista de &#8216;La isla de las tentaciones&#8217; para su nueva edici\u00f3n"},"content":{"rendered":"<p><a class=\"v-mdl-ath__fig-a\" href=\"https:\/\/www.lasprovincias.es\/autor\/tamara-villena-3279.html\" title=\"Tamara Villena\" rel=\"nofollow noopener\" target=\"_blank\"><br \/>\n<img decoding=\"async\" class=\"v-mdl-ath__img\" src=\"https:\/\/www.europesays.com\/es\/wp-content\/uploads\/2025\/09\/1757147648_165_autor-3279-foto-2.jpeg\" alt=\"Tamara Villena\"\/><br \/>\n<\/a><\/p>\n<p class=\"v-mdl-ath__p v-mdl-ath__p--6\">\nDomingo, 11 de enero 2026, 23:35<\/p>\n<p>| Actualizado 23:59h.<\/p>\n<p class=\"v-p\"><a href=\"https:\/\/www.lasprovincias.es\/culturas\/tv\/duo-estrena-nueva-edicion-concursantes-confirmados-20260108010028-nt.html\" data-voc-vtm-id=\"in-text-traffic\" title=\"&#039;GH D\u00daO&#039; \" rel=\"nofollow noopener\" target=\"_blank\">&#8216;GH D\u00daO&#8217; <\/a>ya est\u00e1 en marcha y este pasado jueves Telecinco encend\u00eda de nuevo las luces de la casa de Tres Cantos tras finiquitar de forma acelerada la \u00faltima edici\u00f3n de la versi\u00f3n del &#8216;reality&#8217; sin famosos. Las bajas cifras de audiencia han provocado que la cadena pusiera fin a la aventura en &#8216;Gran Hermano&#8217; y se pusiera manos a la obra con una<a href=\"https:\/\/www.lasprovincias.es\/culturas\/tv\/telecinco-anuncia-regreso-duo-escoge-primer-concursante-20251227005324-nt.html\" data-voc-vtm-id=\"in-text-traffic\" title=\" f\u00f3rmula que parece no fallarle\" rel=\"nofollow noopener\" target=\"_blank\"> f\u00f3rmula que parece no fallarle<\/a>: meter a &#8216;celebrities&#8217; a convivir ante las c\u00e1maras y dejar que sus idas y venidas estallen ante los espectadores. <\/p>\n<p class=\"v-p\">El jueves por fin se conoc\u00eda el casting completo de esta edici\u00f3n, de la que ya se hab\u00edan revelado ocho nombres antes de la gala. Jorge Javier V\u00e1zquez fue el encargado de desvelar el resto de concursantes que entrar\u00edan a la casa, donde los primeros d\u00edas de convivencia est\u00e1n siendo de todo menos tranquilos. <\/p>\n<p class=\"v-p\">Como es habitual en el funcionamiento de &#8216;GH D\u00daO&#8217;, los concursantes participan organizados en parejas o tr\u00edos y deben tratar de cumplir las normas para superar las pruebas y conseguir mejorar su convivencia en Tres Cantos. Todo estallaba cuando Cristina Piaget com\u00eda a escondidas ante las c\u00e1maras, desatando una oleada de cr\u00edticas y furia entre sus compa\u00f1eros, que no pod\u00edan creer su actitud despreocupada ante las consecuencias que desatar\u00eda para el grupo. <\/p>\n<p><a href=\"http:\/\/www.lasprovincias.es\/culturas\/tv\/cristina-piaget-concursante-duo-2026-gran-trayectoria-20260108195214-nt.html#vtm_modulosEngag=mod-rel:culturas:noticia:1:cmp:1-not\" class=\"v-a-link\" aria-label=\"Imagen\" rel=\"nofollow noopener\" target=\"_blank\"><\/p>\n<p><img decoding=\"async\" loading=\"lazy\" src=\"https:\/\/www.europesays.com\/es\/wp-content\/uploads\/2026\/01\/cristina-piaget-ky0C--366x256@Las Provincias.jpg\" class=\"v-a-img\" alt=\"\" data-voc-vtm-id=\"in-text-traffic\" width=\"366\" height=\"256\"\/><\/p>\n<p><\/a><\/p>\n<p class=\"v-p\">Como era de esperar, Ion Aramendi les anunciaba en el debate que, efectivamente, la decisi\u00f3n de Piaget repercutir\u00eda en todos, pero que no ser\u00e1 hasta la gala del pr\u00f3ximo jueves cuando Jorge Javier V\u00e1zquez anuncie las consecuencias que la organizaci\u00f3n impondr\u00e1 al grupo. <\/p>\n<p class=\"v-p\">Pero la noticia fuerte del debate de este domingo estaba en el anuncio de una nueva integrante para esta edici\u00f3n de &#8216;GH D\u00daO&#8217;: una de las protagonistas de &#8216;La isla de las tentaciones&#8217;. El programa dejaba caer que la cosa estaba entre Almudena, Sandra y Claudia, y finalmente resolv\u00edan la inc\u00f3gnita en pleno directo con la llegada de la susodicha a plat\u00f3. <\/p>\n<p class=\"v-p\">\u00abMuy nerviosa, con muchas ganas. Con ganas de conocer a toda la casa, voy a darle una oportunidad a todo el mundo, por ahora\u00bb, aseguraba Sandra Barrios, la nueva concursante de &#8216;GH D\u00daO&#8217;. Pero eso s\u00ed, dejaba bien claro lo que ha aprendido de &#8216;La isla de las tentaciones&#8217;: \u00abYo no conf\u00edo en nadie\u00bb, advert\u00eda. Tras su presentaci\u00f3n, Aramendi le aclaraba que no entrar\u00eda sola, y ser\u00e1 el pr\u00f3ximo jueves cuando se sepa qui\u00e9n o qui\u00e9nes har\u00e1n de su pareja o tr\u00edo. <\/p>\n<p>Reporta un error<\/p>\n","protected":false},"excerpt":{"rendered":"Domingo, 11 de enero 2026, 23:35 | Actualizado 23:59h. &#8216;GH D\u00daO&#8217; ya est\u00e1 en marcha y este pasado&hellip;\n","protected":false},"author":2,"featured_media":336254,"comment_status":"","ping_status":"","sticky":false,"template":"","format":"standard","meta":{"footnotes":""},"categories":[171],"tags":[16738,2197,146,147,25,24,1750,3643,795,1440,23,4473,214],"class_list":{"0":"post-336253","1":"post","2":"type-post","3":"status-publish","4":"format-standard","5":"has-post-thumbnail","7":"category-tv","8":"tag-duo","9":"tag-edicion","10":"tag-entertainment","11":"tag-entretenimiento","12":"tag-es","13":"tag-espana","14":"tag-ficha","15":"tag-isla","16":"tag-nueva","17":"tag-protagonista","18":"tag-spain","19":"tag-tentaciones","20":"tag-tv"},"share_on_mastodon":{"url":"https:\/\/pubeurope.com\/@es\/115880649240001798","error":""},"_links":{"self":[{"href":"https:\/\/www.europesays.com\/es\/wp-json\/wp\/v2\/posts\/336253","targetHints":{"allow":["GET"]}}],"collection":[{"href":"https:\/\/www.europesays.com\/es\/wp-json\/wp\/v2\/posts"}],"about":[{"href":"https:\/\/www.europesays.com\/es\/wp-json\/wp\/v2\/types\/post"}],"author":[{"embeddable":true,"href":"https:\/\/www.europesays.com\/es\/wp-json\/wp\/v2\/users\/2"}],"replies":[{"embeddable":true,"href":"https:\/\/www.europesays.com\/es\/wp-json\/wp\/v2\/comments?post=336253"}],"version-history":[{"count":0,"href":"https:\/\/www.europesays.com\/es\/wp-json\/wp\/v2\/posts\/336253\/revisions"}],"wp:featuredmedia":[{"embeddable":true,"href":"https:\/\/www.europesays.com\/es\/wp-json\/wp\/v2\/media\/336254"}],"wp:attachment":[{"href":"https:\/\/www.europesays.com\/es\/wp-json\/wp\/v2\/media?parent=336253"}],"wp:term":[{"taxonomy":"category","embeddable":true,"href":"https:\/\/www.europesays.com\/es\/wp-json\/wp\/v2\/categories?post=336253"},{"taxonomy":"post_tag","embeddable":true,"href":"https:\/\/www.europesays.com\/es\/wp-json\/wp\/v2\/tags?post=336253"}],"curies":[{"name":"wp","href":"https:\/\/api.w.org\/{rel}","templated":true}]}}