{"id":336267,"date":"2026-01-12T06:19:07","date_gmt":"2026-01-12T06:19:07","guid":{"rendered":"https:\/\/www.europesays.com\/es\/336267\/"},"modified":"2026-01-12T06:19:07","modified_gmt":"2026-01-12T06:19:07","slug":"merz-llega-a-la-india-con-ucrania-en-su-agenda-de-reuniones-dw-12-01-2026","status":"publish","type":"post","link":"https:\/\/www.europesays.com\/es\/336267\/","title":{"rendered":"Merz llega a la India con Ucrania en su agenda de reuniones \u2013 DW \u2013 12\/01\/2026"},"content":{"rendered":"<p>El canciller alem\u00e1n, <a class=\"internal-link\" href=\"https:\/\/www.dw.com\/es\/merz-friedrich\/t-46095056\" rel=\"nofollow noopener\" target=\"_blank\">Friedrich Merz<\/a>, lleg\u00f3\u00a0a la <a class=\"internal-link\" href=\"https:\/\/www.dw.com\/es\/india\/t-64545444\" rel=\"nofollow noopener\" target=\"_blank\">India<\/a> en la madrugada de este lunes (12.01.2026) para una visita oficial de dos d\u00edas, en la que Ucrania y la seguridad ocupar\u00e1n un lugar central en la relaci\u00f3n con Nueva Delhi, y durante la cual se reunir\u00e1 con el primer ministro indio, <a class=\"internal-link\" href=\"https:\/\/www.dw.com\/es\/modi-narendra\/t-36071811\" rel=\"nofollow noopener\" target=\"_blank\">Narendra Modi<\/a>.<\/p>\n<p>Merz aterriz\u00f3 en el aeropuerto internacional de Ahmedabad, donde fue recibido por el gobernador del estado de Gujarat, Acharya Devvrat, en el inicio de su primer viaje oficial a la India desde que asumi\u00f3 el cargo.<\/p>\n<p>El portavoz adjunto del gobierno alem\u00e1n, Steffen Meyer, dijo el viernes que Berl\u00edn y la\u00a0Uni\u00f3n Europea\u00a0est\u00e1n presionando a la India para que impida que sus empresas eludan las <a class=\"internal-link\" href=\"https:\/\/www.dw.com\/es\/ue-impone-sanciones-y-bloquea-activos-rusos-para-ucrania\/a-74488812\" rel=\"nofollow noopener\" target=\"_blank\">sanciones impuestas a Rusia<\/a> y para que reduzca sus importaciones de energ\u00eda rusa.<\/p>\n<p>El canciller alem\u00e1n tiene previsto reunirse este lunes con Modi en Ahmedabad, clave para la revisi\u00f3n de la cooperaci\u00f3n bilateral y en la que se espera que se acuerden nuevas v\u00edas para intensificar los intercambios en comercio, inversi\u00f3n y desarrollo, entre otros \u00e1mbitos.<\/p>\n<p>Alemania, principal socio comercial de la India en la Uni\u00f3n Europea, ha reiterado adem\u00e1s su apoyo a un r\u00e1pido cierre del acuerdo de libre comercio entre Bruselas y Nueva Delhi.<\/p>\n<p>La visita se produce despu\u00e9s de que ambos l\u00edderes se reunieran por \u00faltima vez al margen de la cumbre del G7 en Canad\u00e1, y en v\u00edsperas de una cumbre entre la India y la Uni\u00f3n Europea prevista para el 27 de enero.<\/p>\n<p>Seg\u00fan el Parlamento Europeo, si esa cumbre se confirma, se espera que ambas partes alcancen antes un acuerdo definitivo sobre el tratado de libre comercio, tras las intensas negociaciones mantenidas en los \u00faltimos meses.<\/p>\n<p>gs (efe, dpa)<\/p>\n","protected":false},"excerpt":{"rendered":"El canciller alem\u00e1n, Friedrich Merz, lleg\u00f3\u00a0a la India en la madrugada de este lunes (12.01.2026) para una visita&hellip;\n","protected":false},"author":2,"featured_media":336268,"comment_status":"","ping_status":"","sticky":false,"template":"","format":"standard","meta":{"footnotes":""},"categories":[42],"tags":[17,18,13,14,11,61,62,63,64,19,20,9,10,15,16,12,21,22,65,66,67],"class_list":{"0":"post-336267","1":"post","2":"type-post","3":"status-publish","4":"format-standard","5":"has-post-thumbnail","7":"category-internacional","8":"tag-breaking-news","9":"tag-breakingnews","10":"tag-featured-news","11":"tag-featurednews","12":"tag-headlines","13":"tag-internacional","14":"tag-international","15":"tag-international-news","16":"tag-internationalnews","17":"tag-latest-news","18":"tag-latestnews","19":"tag-news","20":"tag-noticias","21":"tag-noticias-destacadas","22":"tag-noticiasdestacadas","23":"tag-titulares","24":"tag-ultimas-noticias","25":"tag-ultimasnoticias","26":"tag-world","27":"tag-world-news","28":"tag-worldnews"},"share_on_mastodon":{"url":"https:\/\/pubeurope.com\/@es\/115880680723354184","error":""},"_links":{"self":[{"href":"https:\/\/www.europesays.com\/es\/wp-json\/wp\/v2\/posts\/336267","targetHints":{"allow":["GET"]}}],"collection":[{"href":"https:\/\/www.europesays.com\/es\/wp-json\/wp\/v2\/posts"}],"about":[{"href":"https:\/\/www.europesays.com\/es\/wp-json\/wp\/v2\/types\/post"}],"author":[{"embeddable":true,"href":"https:\/\/www.europesays.com\/es\/wp-json\/wp\/v2\/users\/2"}],"replies":[{"embeddable":true,"href":"https:\/\/www.europesays.com\/es\/wp-json\/wp\/v2\/comments?post=336267"}],"version-history":[{"count":0,"href":"https:\/\/www.europesays.com\/es\/wp-json\/wp\/v2\/posts\/336267\/revisions"}],"wp:featuredmedia":[{"embeddable":true,"href":"https:\/\/www.europesays.com\/es\/wp-json\/wp\/v2\/media\/336268"}],"wp:attachment":[{"href":"https:\/\/www.europesays.com\/es\/wp-json\/wp\/v2\/media?parent=336267"}],"wp:term":[{"taxonomy":"category","embeddable":true,"href":"https:\/\/www.europesays.com\/es\/wp-json\/wp\/v2\/categories?post=336267"},{"taxonomy":"post_tag","embeddable":true,"href":"https:\/\/www.europesays.com\/es\/wp-json\/wp\/v2\/tags?post=336267"}],"curies":[{"name":"wp","href":"https:\/\/api.w.org\/{rel}","templated":true}]}}