{"id":336270,"date":"2026-01-12T06:21:33","date_gmt":"2026-01-12T06:21:33","guid":{"rendered":"https:\/\/www.europesays.com\/es\/336270\/"},"modified":"2026-01-12T06:21:33","modified_gmt":"2026-01-12T06:21:33","slug":"podemos-bildu-sumar-y-erc-se-suman-a-la-marcha-a-favor-de-los-presos-de-eta-que-reune-a-30-000-personas-en-bilbao","status":"publish","type":"post","link":"https:\/\/www.europesays.com\/es\/336270\/","title":{"rendered":"Podemos, Bildu, Sumar y ERC se suman a la marcha a favor de los presos de ETA que re\u00fane a 30.000 personas en Bilbao"},"content":{"rendered":"<p>            Las claves<\/p>\n<p>\n                nuevo<br \/>\n                Generado con IA\n            <\/p>\n<p>        <a class=\"key__news__heading--closed-content\" href=\"http:\/\/www.elespanol.com\/suscripciones\/#utm_source=internal&amp;utm_medium=claves\" rel=\"nofollow noopener\" target=\"_blank\"><\/p>\n<p class=\"item--text\">\n                            Podemos, Bildu, Sumar, ERC y otros partidos han participado en una manifestaci\u00f3n en Bilbao a favor de los derechos de los presos de ETA.\n                        <\/p>\n<p class=\"item--text\">\n                            La marcha ha reunido a unas 30.000 personas y ha contado con la presencia de varios l\u00edderes pol\u00edticos y activistas.\n                        <\/p>\n<p class=\"item--text\">\n                            Seg\u00fan Sare, a\u00fan quedan 120 presos de ETA en c\u00e1rceles del Pa\u00eds Vasco y Navarra, de los cuales 40 llevan m\u00e1s de 20 a\u00f1os privados de libertad.\n                        <\/p>\n<p class=\"item--text\">\n                            El Gobierno ha trasladado a todos los presos de ETA a prisiones vascas y navarras, y muchos cumplen condena en r\u00e9gimen abierto o libertad condicional.\n                        <\/p>\n<p class=\"paragraph\" id=\"paragraph_1\">Dirigentes de <strong>Podemos, Junts, ERC, BNG, Catalunya en Com\u00fa, M\u00e9s per Mallorca<\/strong> (integrados en Sumar) y la CUP se han sumado este s\u00e1bado, junto a Bildu, a la manifestaci\u00f3n a favor de los \u00abderechos\u00bb de los presos de ETA que ha reunido a cerca de 30.000 personas en las calles de Bilbao.<\/p>\n<p class=\"paragraph\" id=\"paragraph_2\">La marcha ha contado, por tanto, con el apoyo de <strong>casi todos los partidos que forman el \u00abbloque de investidura\u00bb<\/strong> del presidente <a href=\"https:\/\/www.elespanol.com\/espana\/politica\/20260110\/mujeres-cree-sanchez-permisivo-frente-denuncias-acoso-sexual-lideres-psoe\/1003744079174_0.html?utm_cmp_rs=linksinline\" rel=\"nofollow noopener\" target=\"_blank\">Pedro S\u00e1nchez<\/a>.<\/p>\n<p class=\"paragraph\" id=\"paragraph_3\">Ha estado encabezada por una pancarta portada por Rosa Rodero (viuda del sargento mayor de la Ertzaintza <strong>Joseba Goikoetxea<\/strong>, asesinado por ETA en 1993), el cantante de Doctor Deseo y <strong>activistas palestinos y saharauis<\/strong>.<\/p>\n<p class=\"paragraph\" id=\"paragraph_4\">La manifestaci\u00f3n ha contado tambi\u00e9n con la presencia del coordinador de Bildu, <a href=\"https:\/\/www.elespanol.com\/espana\/politica\/20260110\/otegi-llama-lista-nacional-popular-programa-minimos-elecciones-generales\/1003744084887_0.html?utm_cmp_rs=linksinline\" rel=\"nofollow noopener\" target=\"_blank\">Arnaldo Otegi<\/a>, y de <strong>Xabier Iraola<\/strong>, propuesto por el Consejo Nacional de Sortu para ocupar la secretar\u00eda general de esta formaci\u00f3n, informa Efe.<\/p>\n<p class=\"paragraph\" id=\"paragraph_5\">Durante la marcha se han escuchado gritos de \u00abEuskal presoak, etxera\u00bb (\u00ablos presos vascos, a casa\u00bb).<\/p>\n<p><img loading=\"lazy\" decoding=\"async\" alt=\"Jorge Juan Garc\u00eda, Fernando Quiroga y Jos\u00e9 Humberto Fouz, los tres gallegos a los que la ETA de 'Peixoto' asesin\u00f3.\" height=\"180\" src=\"https:\/\/www.europesays.com\/es\/wp-content\/uploads\/2026\/01\/1003744064464_260596613_320x180.jpg\" width=\"320\" data-lazy-status=\"processed\" data-lazy-info=\"remove loading item 1\"\/><\/p>\n<p class=\"paragraph\" id=\"paragraph_6\">Durante el recorrido, el representante de la plataforma Sare <strong>Joseba Azkarraga<\/strong> ha denunciado que en estos momentos \u00abhay 120 presos y presas todav\u00eda\u00bb en las c\u00e1rceles del Pa\u00eds Vasco y Navarra, de los que \u00ab40 llevan m\u00e1s de 20 a\u00f1os privados de libertad\u00bb.<\/p>\n<p class=\"paragraph\" id=\"paragraph_7\">\u00abMuchas de esas personas hoy pod\u00edan estar en libertad, en libertad condicional o en r\u00e9gimen abierto cumpliendo la condena, si no estuvieran bajo la aplicaci\u00f3n de medidas de car\u00e1cter excepcional\u00bb, ha denunciado.<\/p>\n<p class=\"paragraph\" id=\"paragraph_8\">Azkarraga ha recordado que este a\u00f1o se van a cumplir \u00ab15 a\u00f1os desde que <strong>ETA tom\u00f3 la decisi\u00f3n de poner fin a su actividad<\/strong>\u00bb y ha lamentado que \u00ab15 a\u00f1os despu\u00e9s se siguen vulnerando los derechos de los presos y presas vascas\u00bb.<\/p>\n<p class=\"paragraph\" id=\"paragraph_9\">En cumplimiento de <a href=\"https:\/\/www.elespanol.com\/espana\/20251013\/presos-etarras-cumplen-condena-casas-libertad-condicional-solo-duermen-prision\/1003743951934_0.html?utm_cmp_rs=linksinline\" rel=\"nofollow noopener\" target=\"_blank\">sus pactos con Bildu<\/a>, el Gobierno de Pedro S\u00e1nchez ha trasladado durante los \u00faltimos a\u00f1os a la totalidad de los presos de ETA, 135, a prisiones del Pa\u00eds Vasco y Navarra, como ha informado EL ESPA\u00d1OL.<\/p>\n<p class=\"paragraph\" id=\"paragraph_10\">Y dos de cada tres ya cumplen condena en sus casas, est\u00e1n en libertad condicional o s\u00f3lo duermen en prisi\u00f3n, gracias a los beneficios otorgados por el Gobierno vasco, que desde 2021 ejerce las competencias en materia penitenciaria.<\/p>\n<p class=\"paragraph\" id=\"paragraph_11\">El terrorista de ETA <a href=\"https:\/\/www.elespanol.com\/espana\/20260105\/encuentran-cuerpo-sin-vida-preso-eta-iban-apaolaza-tercer-grado-salido-hacer-senderismo\/1003744079018_0.html?utm_cmp_rs=linksinline\" rel=\"nofollow noopener\" target=\"_blank\">Iban Apaolaza Sancho<\/a> fue hallado muerto el pasado lunes en Pe\u00f1as de Aia (Gipuzkoa), tras sufrir un accidente cuando practicaba senderismo.<\/p>\n<p class=\"paragraph\" id=\"paragraph_12\">Disfrutaba del tercer grado penitenciario, a pesar de que la Audiencia Nacional le conden\u00f3 en 2015 a 123 a\u00f1os de prisi\u00f3n por su participaci\u00f3n en el asesinato del teniente coronel del Ej\u00e9rcito <strong>Pedro Antonio Blanco<\/strong> el 21 de enero de 2000.<\/p>\n<p class=\"paragraph\" id=\"paragraph_13\">Fue el primer atentado cometido por la banda terrorista, tras la ruptura de la tregua de 1998.<\/p>\n","protected":false},"excerpt":{"rendered":"Las claves nuevo Generado con IA Podemos, Bildu, Sumar, ERC y otros partidos han participado en una manifestaci\u00f3n&hellip;\n","protected":false},"author":2,"featured_media":336271,"comment_status":"","ping_status":"","sticky":false,"template":"","format":"standard","meta":{"footnotes":""},"categories":[5],"tags":[28284,25690,17,18,5393,25,24,2152,13,14,11,19,20,9,10,15,16,6067,952,23,4453,592,12,21,22],"class_list":{"0":"post-336270","1":"post","2":"type-post","3":"status-publish","4":"format-standard","5":"has-post-thumbnail","7":"category-titulares","8":"tag-arnaldo-otegi","9":"tag-bildu","10":"tag-breaking-news","11":"tag-breakingnews","12":"tag-cup","13":"tag-es","14":"tag-espana","15":"tag-eta","16":"tag-featured-news","17":"tag-featurednews","18":"tag-headlines","19":"tag-latest-news","20":"tag-latestnews","21":"tag-news","22":"tag-noticias","23":"tag-noticias-destacadas","24":"tag-noticiasdestacadas","25":"tag-podemos","26":"tag-politica","27":"tag-spain","28":"tag-sumar","29":"tag-terrorismo","30":"tag-titulares","31":"tag-ultimas-noticias","32":"tag-ultimasnoticias"},"share_on_mastodon":{"url":"https:\/\/pubeurope.com\/@es\/115880688568286321","error":""},"_links":{"self":[{"href":"https:\/\/www.europesays.com\/es\/wp-json\/wp\/v2\/posts\/336270","targetHints":{"allow":["GET"]}}],"collection":[{"href":"https:\/\/www.europesays.com\/es\/wp-json\/wp\/v2\/posts"}],"about":[{"href":"https:\/\/www.europesays.com\/es\/wp-json\/wp\/v2\/types\/post"}],"author":[{"embeddable":true,"href":"https:\/\/www.europesays.com\/es\/wp-json\/wp\/v2\/users\/2"}],"replies":[{"embeddable":true,"href":"https:\/\/www.europesays.com\/es\/wp-json\/wp\/v2\/comments?post=336270"}],"version-history":[{"count":0,"href":"https:\/\/www.europesays.com\/es\/wp-json\/wp\/v2\/posts\/336270\/revisions"}],"wp:featuredmedia":[{"embeddable":true,"href":"https:\/\/www.europesays.com\/es\/wp-json\/wp\/v2\/media\/336271"}],"wp:attachment":[{"href":"https:\/\/www.europesays.com\/es\/wp-json\/wp\/v2\/media?parent=336270"}],"wp:term":[{"taxonomy":"category","embeddable":true,"href":"https:\/\/www.europesays.com\/es\/wp-json\/wp\/v2\/categories?post=336270"},{"taxonomy":"post_tag","embeddable":true,"href":"https:\/\/www.europesays.com\/es\/wp-json\/wp\/v2\/tags?post=336270"}],"curies":[{"name":"wp","href":"https:\/\/api.w.org\/{rel}","templated":true}]}}