{"id":336278,"date":"2026-01-12T06:32:08","date_gmt":"2026-01-12T06:32:08","guid":{"rendered":"https:\/\/www.europesays.com\/es\/336278\/"},"modified":"2026-01-12T06:32:08","modified_gmt":"2026-01-12T06:32:08","slug":"la-ciudad-como-nunca-se-ha-pintado","status":"publish","type":"post","link":"https:\/\/www.europesays.com\/es\/336278\/","title":{"rendered":"La ciudad como nunca se ha pintado"},"content":{"rendered":"<p>El Museo de Historia de Madrid se convierte esta temporada en un espacio de contemplaci\u00f3n, gracias, entre otras exposiciones, a \u00abNaturaleza de asfalto. Madrid hiperrealista\u00bb, la obra monogr\u00e1fica que re\u00fane \u00f3leos y esculturas de Jos\u00e9 Miguel Palacio. La muestra, comisariada y coordinada por Raquel Vel\u00e1zquez Ray\u00f3n, jefa de la secci\u00f3n de Exposiciones del Museo, propone un recorrido por la capital desde una mirada tan precisa que, parad\u00f3jicamente, transforma lo cotidiano en extraordinario.<\/p>\n<p><img decoding=\"async\" loading=\"lazy\" src=\"https:\/\/www.europesays.com\/es\/wp-content\/uploads\/2026\/01\/1768199528_497_58.jpg\" alt=\"El hiperrealismo urbano de Jos\u00e9 Miguel Palacio llega al Museo de Historia con 70 obras que recorren Madrid\" width=\"1500\" height=\"1000\"\/><b>El hiperrealismo urbano de Jos\u00e9 Miguel Palacio llega al Museo de Historia con 70 obras que recorren Madrid<\/b>AYUNTAMIENTO DE MADRIDEuropa Press<\/p>\n<p>Hasta el 24 de mayo de 2026, la sala de exposiciones temporales del museo acoge una selecci\u00f3n de obras que sit\u00faan al espectador frente a un Madrid reconocible y, al mismo tiempo, sorprendente. \u00abHablar de hiperrealismo en Madrid cobra un sentido especial\u00bb, explica Vel\u00e1zquez Ray\u00f3n. \u00abEs una ciudad vibrante, llena de vida y ritmo, que ofrece m\u00faltiples escenarios capaces de inspirar este movimiento art\u00edstico\u00bb. La exposici\u00f3n no busca un Madrid monumental en el sentido cl\u00e1sico, sino una capital vivida, transitada, observada con mucha atenci\u00f3n. Gran V\u00eda, Paseo de la Castellana, parques, calles, mercados y escenas aparentemente banales (como un m\u00fasico tocando la guitarra en el Parque del Retiro) se convierten en protagonistas absolutos. En ellos, Jos\u00e9 Miguel Palacio encuentra el pulso urbano que define a la ciudad contempor\u00e1nea.<\/p>\n<p>El hiperrealismo, movimiento caracterizado por la representaci\u00f3n precisa y minuciosa de la realidad, alcanza un significado especial. Cada \u00f3leo es el resultado de un proceso t\u00e9cnico riguroso, donde la fidelidad a la imagen original no anula la emoci\u00f3n, sino que la potencia. \u00abLa realidad supera a la ficci\u00f3n\u00bb, se\u00f1ala la coordinadora de la muestra. \u00abEn cada uno de los \u00f3leos observamos una minuciosidad abrumadora, cuidando cada detalle, textura y acabado\u00bb. Esa obsesi\u00f3n por el detalle es un medio para provocar una experiencia sensorial en quien las mira. Ante las obras de Palacio, se busca que el espectador no solo vea Madrid sino que lo escuche, intuya, y casi lo respire. \u00abAl situarnos delante de cada una de ellas sentimos el tren que llega, la melod\u00eda de la m\u00fasica callejera, el ajetreo de la calle\u00bb, apunta Vel\u00e1zquez Ray\u00f3n. \u00abEs la faz de una urbe que se nos revela grandiosa\u00bb.<\/p>\n<p>Uno de los aciertos de \u00abNaturaleza de asfalto\u00bb es el contraste que establece entre el bullicio representado y el silencio del espacio expositivo. Al cruzar el museo, el ruido de la capital se apaga, pero reaparece transformado en imagen. Esa paradoja de la ciudad m\u00e1s ruidosa contemplada desde la quietud permite una aproximaci\u00f3n distinta a Madrid: \u00abEl pulso de la capital se transforma en silencio al entrar en el \u00e1mbito expositivo\u00bb, explica la jefa de Exposiciones. \u00abLa precisi\u00f3n de las obras nos redescubre un Madrid que nos permite acercarnos a su esencia y sentir la ciudad m\u00e1s nuestra que nunca\u00bb.<\/p>\n<p>Fotograf\u00eda y pintura<\/p>\n<p>El proceso creativo de Jos\u00e9 Miguel Palacio parte de la fotograf\u00eda, que utiliza como base para sus composiciones. Sin embargo, lejos de limitarse a una simple traslaci\u00f3n mec\u00e1nica, el artista somete la imagen fotogr\u00e1fica a un trabajo pict\u00f3rico exhaustivo. \u00abLas replica con un grado de exactitud y una fidelidad tal que las convierte en objeto de contemplaci\u00f3n en s\u00ed mismas\u00bb. Ese tr\u00e1nsito de la fotograf\u00eda al \u00f3leo es clave para entender el impacto de la obra porque la pintura a\u00f1ade tiempo, capas y presencia material a una imagen originalmente instant\u00e1nea. El resultado es una escena congelada que \u00abconcentra la vida\u00bb.<\/p>\n<p>El t\u00edtulo de la exposici\u00f3n encierra una de las ideas fundamentales del proyecto. \u00abNaturaleza de asfalto\u00bb aboga por que la naturaleza no desaparezca de la ciudad, sino que la transforme; se adapta, convive con el hormig\u00f3n y el tr\u00e1fico. \u00abVa m\u00e1s all\u00e1 de ser un simple t\u00edtulo: es una declaraci\u00f3n de intenciones, la s\u00edntesis perfecta entre la materia urbana, el devenir de nuestros d\u00edas y la mirada art\u00edstica\u00bb. En este Madrid hiperrealista, la naturaleza se cuela en los parques, en la luz que se filtra entre los edificios, en los gestos humanos dentro de un paisaje urbano y la ciudad aparece as\u00ed como un organismo vivo, en constante transformaci\u00f3n.<\/p>\n<p>La exposici\u00f3n resulta especialmente pertinente en un momento en que Madrid se redefine constantemente debido al crecimiento urbano, cambios sociales y nuevas formas de habitar la ciudad. Frente a esa velocidad, la obra de Jos\u00e9 Miguel Palacio propone una pausa: \u00abMadrid tiene la extraordinaria capacidad de reinventarse cada d\u00eda\u00bb, considera Vel\u00e1zquez Ray\u00f3n. \u00abDe revelarse distinta en cada esquina, en cada luz, en cada calle\u00bb. Por ello, uno de los objetivos de la exposici\u00f3n es presentarla como una invitaci\u00f3n a redescubrir la ciudad desde una mirada profunda, atenta a los matices, capaz de encontrar belleza donde a menudo solo vemos rutina.<\/p>\n<p>Como resultado, el espectador se reconoce en las escenas, en los lugares, en los instantes suspendidos en el tiempo. \u00abLa precisi\u00f3n t\u00e9cnica nos lleva a una realidad que supera a la ficci\u00f3n porque , cuando se mira con tanta atenci\u00f3n, lo real se vuelve casi irreal, cargado de significado\u00bb.<\/p>\n<p>La ciudad en la actualidad<\/p>\n<p>El montaje expositivo refuerza esta experiencia de redescubrimiento. Las obras crean para el espectador un recorrido de la ciudad que acompa\u00f1a al visitante por distintos espacios y atm\u00f3sferas de la ciudad en busca de mostrar un un retrato coral de Madrid \u00abcon todas sus caras\u00bb. La explicaci\u00f3n es que cada sala funciona como una ventana abierta a un espacio urbano, y el conjunto construye una imagen compleja y muy contempor\u00e1nea que nos hace sentir identificados. \u00abNos ayuda a descifrar una ciudad en permanente transformaci\u00f3n\u00bb, a\u00f1ade la entrevistada a LA RAZ\u00d3N.<\/p>\n<p>Con todo ello, la exposici\u00f3n puede visitarse en la sala de exposiciones temporales del Museo de Historia de Madrid de martes a domingo, de 10:00 a 20:00 horas. Pero, m\u00e1s all\u00e1 de fechas y horarios, la exposici\u00f3n se plantea como una experiencia imprescindible para quienes quieran mirar Madrid con otros ojos. Una invitaci\u00f3n a detenerse, observar y descubrir que, incluso en el asfalto, late una forma de naturaleza que tambi\u00e9n es muy humana.<\/p>\n","protected":false},"excerpt":{"rendered":"El Museo de Historia de Madrid se convierte esta temporada en un espacio de contemplaci\u00f3n, gracias, entre otras&hellip;\n","protected":false},"author":2,"featured_media":336279,"comment_status":"","ping_status":"","sticky":false,"template":"","format":"standard","meta":{"footnotes":""},"categories":[173],"tags":[229,233,231,230,232,234,146,147,25,24,23],"class_list":{"0":"post-336278","1":"post","2":"type-post","3":"status-publish","4":"format-standard","5":"has-post-thumbnail","7":"category-arte-y-diseno","8":"tag-arte","9":"tag-arte-y-diseno","10":"tag-arts","11":"tag-arts-and-design","12":"tag-design","13":"tag-diseno","14":"tag-entertainment","15":"tag-entretenimiento","16":"tag-es","17":"tag-espana","18":"tag-spain"},"share_on_mastodon":{"url":"https:\/\/pubeurope.com\/@es\/115880731806423211","error":""},"_links":{"self":[{"href":"https:\/\/www.europesays.com\/es\/wp-json\/wp\/v2\/posts\/336278","targetHints":{"allow":["GET"]}}],"collection":[{"href":"https:\/\/www.europesays.com\/es\/wp-json\/wp\/v2\/posts"}],"about":[{"href":"https:\/\/www.europesays.com\/es\/wp-json\/wp\/v2\/types\/post"}],"author":[{"embeddable":true,"href":"https:\/\/www.europesays.com\/es\/wp-json\/wp\/v2\/users\/2"}],"replies":[{"embeddable":true,"href":"https:\/\/www.europesays.com\/es\/wp-json\/wp\/v2\/comments?post=336278"}],"version-history":[{"count":0,"href":"https:\/\/www.europesays.com\/es\/wp-json\/wp\/v2\/posts\/336278\/revisions"}],"wp:featuredmedia":[{"embeddable":true,"href":"https:\/\/www.europesays.com\/es\/wp-json\/wp\/v2\/media\/336279"}],"wp:attachment":[{"href":"https:\/\/www.europesays.com\/es\/wp-json\/wp\/v2\/media?parent=336278"}],"wp:term":[{"taxonomy":"category","embeddable":true,"href":"https:\/\/www.europesays.com\/es\/wp-json\/wp\/v2\/categories?post=336278"},{"taxonomy":"post_tag","embeddable":true,"href":"https:\/\/www.europesays.com\/es\/wp-json\/wp\/v2\/tags?post=336278"}],"curies":[{"name":"wp","href":"https:\/\/api.w.org\/{rel}","templated":true}]}}