{"id":336290,"date":"2026-01-12T06:40:08","date_gmt":"2026-01-12T06:40:08","guid":{"rendered":"https:\/\/www.europesays.com\/es\/336290\/"},"modified":"2026-01-12T06:40:08","modified_gmt":"2026-01-12T06:40:08","slug":"la-tecnologia-para-desvelar-que-sucede-en-0-000000000000000001-segundo-el-instante-que-determina-la-materia-ciencia","status":"publish","type":"post","link":"https:\/\/www.europesays.com\/es\/336290\/","title":{"rendered":"La tecnolog\u00eda para desvelar qu\u00e9 sucede en 0.000000000000000001 segundo, el instante que determina la materia | Ciencia"},"content":{"rendered":"<p class=\"\">Las personas tenemos la sensaci\u00f3n de que todo pasa muy deprisa. Pero es un tiempo extraordinariamente lento en comparaci\u00f3n con la velocidad de los sucesos en el mundo microsc\u00f3pico, m\u00e1s all\u00e1 de los l\u00edmites de la percepci\u00f3n humana, donde se determina la materia, donde las combinaciones de part\u00edculas conforman todas las sustancias del universo. All\u00ed hay sucesos que se producen en <a href=\"https:\/\/elpais.com\/elpais\/2014\/12\/18\/ciencia\/1418906216_476268.html\" target=\"_self\" rel=\"nofollow noopener\" title=\"https:\/\/elpais.com\/elpais\/2014\/12\/18\/ciencia\/1418906216_476268.html\">attosegundos<\/a> (as), la trillon\u00e9sima parte de un segundo. Un as es equivalente a 0,000000000000000001 segundo o 10-18 y se corresponde, aproximadamente, con el tiempo que tarda la luz <a href=\"https:\/\/elpais.com\/ciencia\/2023-02-22\/premio-a-los-cientificos-que-han-logrado-fotografiar-lo-inaccesible-el-attosegundo-la-velocidad-a-la-que-la-luz-cruza-un-atomo.html\" target=\"_self\" rel=\"nofollow noopener\" title=\"https:\/\/elpais.com\/ciencia\/2023-02-22\/premio-a-los-cientificos-que-han-logrado-fotografiar-lo-inaccesible-el-attosegundo-la-velocidad-a-la-que-la-luz-cruza-un-atomo.html\">en atravesar un \u00e1tomo<\/a> y la escala natural del movimiento electr\u00f3nico en la materia. El <a href=\"https:\/\/www.icfo.eu\/es\/\" rel=\"nofollow noopener\" target=\"_blank\">Instituto de Ciencias Fot\u00f3nicas (ICFO)<\/a> tambi\u00e9n ha conseguido un pulso de rayos X blandos de tan solo 19,2 attosegundos<\/p>\n<p class=\"\">El h\u00fangaro Ferenc Krausz, la francesa Anne L\u2019Huillier y su compatriota Pierre Agostini fueron galardonados en 2023 con el <a href=\"https:\/\/elpais.com\/ciencia\/2023-10-03\/premio-nobel-de-fisica.html\" rel=\"nofollow noopener\" target=\"_blank\">Nobel de F\u00edsica<\/a> por desarrollar pulsos de luz extremadamente breves para medir ese, hasta entonces inmensurable, proceso del movimiento o intercambio de energ\u00eda de los electrones. Lo recibieron ocho meses despu\u00e9s de que esas investigaciones obtuvieran el <a href=\"https:\/\/elpais.com\/ciencia\/2023-02-22\/premio-a-los-cientificos-que-han-logrado-fotografiar-lo-inaccesible-el-attosegundo-la-velocidad-a-la-que-la-luz-cruza-un-atomo.html\" rel=\"nofollow noopener\" target=\"_blank\">Premio Fronteras del Conocimiento<\/a> en la categor\u00eda de Ciencias B\u00e1sicas de la Fundaci\u00f3n BBVA.<\/p>\n<p class=\"\">Esta \u00faltima entidad y la Real Sociedad Espa\u00f1ola de F\u00edsica (RSEF) han vuelto a premiar a un explorador de esta zona del universo casi desconocida y de la que, hasta este siglo, solo se pod\u00eda dibujar el mapa con teor\u00edas sobre el papel. Allan Johnson, cient\u00edfico Ram\u00f3n y Cajal en el <a href=\"https:\/\/www.nanociencia.imdea.org\/es\/\" rel=\"nofollow noopener\" target=\"_blank\">IMDEA Nanociencia<\/a>, ha sido distinguido con el <a href=\"https:\/\/www.fbbva.es\/noticias\/fallados-premios-fisica-rsef-fundacion-bbva-2025\/\" rel=\"nofollow noopener\" target=\"_blank\">Premio Investigador Joven en F\u00edsica Experimental<\/a> por sus experimentos para generar pulsos ultrarr\u00e1pidos de luz, la br\u00fajula para descubrir ese mundo donde se empieza a conformar lo que conocemos, investigar materiales, comprender el mundo cu\u00e1ntico e incluso observar las c\u00e9lulas del cuerpo en una dimensi\u00f3n in\u00e9dita.<\/p>\n<p class=\"\">Johnson naci\u00f3 hace 35 a\u00f1os en Ottawa (Canad\u00e1), donde se form\u00f3 en F\u00edsica y Matem\u00e1ticas. Tras doctorarse en el Imperial College de Londres, recala en Espa\u00f1a por amor a su esposa, con la que tiene dos hijos, y al pa\u00eds. \u201cEn otros sitios, tengo la sensaci\u00f3n de que la vida es sufrir, de que el presente es peor que el pasado. En Espa\u00f1a siento que hay un futuro m\u00e1s brillante. Es un buen pa\u00eds para vivir\u201d, comenta.<\/p>\n<blockquote class=\"a_q\">\n<p>En otros sitios, tengo la sensaci\u00f3n de que la vida es sufrir, de que el presente es peor que el pasado. En Espa\u00f1a siento que hay un futuro m\u00e1s brillante. Es un buen pa\u00eds para vivir<\/p>\n<p>Allan Johnson, cient\u00edfico en el IMDEA Nanociencia<\/p><\/blockquote>\n<p class=\"\">Recibe el premio por sus trabajos con el llamado r\u00e9gimen sobreimpulsado, una tecnolog\u00eda que emplea l\u00e1seres de grand\u00edsima potencia para generar pulsos de rayos X de attosegundos de duraci\u00f3n con los que puede medir materiales complejos. \u201cUtilizamos un l\u00e1ser de muy alta potencia y lo enfocamos para alcanzar una intensidad tan alta que, en el foco m\u00e1s caliente, podr\u00eda llegar a temperaturas superiores a las del exterior del Sol. Se consigue un plasma s\u00fapercaliente que saca los electrones de los \u00e1tomos, rompe la materia\u201d, explica.<\/p>\n<p class=\"\">La tecnolog\u00eda del equipo de Johnson es la llave de otras investigaciones. En este sentido, precisa: \u201cCuando generamos el plasma con un l\u00e1ser muy potente, emite un pulso de rayos X de un attosegundo y es este pulso emitido el que utilizamos para otros experimentos. El r\u00e9gimen sobreimpulsado es una forma de generar pulsos de attosegundos con energ\u00edas de rayos X en el laboratorio. Todas las aplicaciones posteriores utilizan rayos X ultrarr\u00e1pidos, pero no son espec\u00edficas del r\u00e9gimen sobreimpulsado\u201d.<\/p>\n<p class=\"\">Entre esas aplicaciones posteriores est\u00e1 entender la din\u00e1mica de los electrones, fundamental en el \u00e1mbito cu\u00e1ntico, el que, seg\u00fan la f\u00edsica, explica la naturaleza: \u201cLas correlaciones entre los electrones son muy importantes. En un material normal, como una porci\u00f3n de aluminio o un vidrio, imaginamos que cada electr\u00f3n funciona independientemente. Eso no es completamente verdad, aunque hemos construido todos los semiconductores del mundo y los ordenadores sobre esta idea. Pero en los materiales cu\u00e1nticos el modelo no funciona as\u00ed y por eso necesitamos entender c\u00f3mo interact\u00faan los electrones\u201d.<\/p>\n<p class=\"\">Para ejemplificar la trascendencia de estas investigaciones, Johnson explica que el 10% la electricidad que se genera se pierde en el camino. \u201cReducir estas p\u00e9rdidas puede ayudar mucho con las luchas contra el cambio clim\u00e1tico o en la independencia energ\u00e9tica de Europa\u201d, resalta.<\/p>\n<p class=\"\">Las tecnolog\u00edas de r\u00e9gimen sobreimpulsado tambi\u00e9n son fundamentales en metrolog\u00eda y con aplicaciones pr\u00e1cticas en la construcci\u00f3n de microprocesadores o, como detalla, para \u201cmirar c\u00e9lulas a una resoluci\u00f3n mayor que la de cualquier microscopio \u00f3ptico existente\u201d.<\/p>\n<p class=\"\">Otro de los campos que abren esos pulsos de attosegundos es la ciencia de los materiales. Pero el campo es amplio: \u201cA escala nanom\u00e9trica, podemos tomar materiales y convertirlos en magn\u00e9ticos o al rev\u00e9s. Hay algunos trabajos que sugieren que realmente podemos convertir en un superconductor un material que no lo es, podemos atrapar materiales en estados muy diferentes que los que se pueden lograr de cualquier otra manera\u201d.<\/p>\n<p class=\"\">\u201cEl sue\u00f1o\u201d, seg\u00fan admite Johnson, ser\u00eda crear materiales inexistentes en la naturaleza con propiedades \u00fanicas, a demanda. Pero reconoce que a\u00fan estamos lejos. Sin embargo, considera que la senda est\u00e1 abierta y que ya hay aplicaciones factibles en procesamiento de informaci\u00f3n, sensores, tecnolog\u00eda espacial y computaci\u00f3n neurom\u00f3rfica, que imita al cerebro humano.<\/p>\n<p>R\u00e9cord del ICFO<\/p>\n<p class=\"\">En el mismo campo, un grupo de investigadores del <a href=\"https:\/\/www.icfo.eu\/es\/\" rel=\"nofollow noopener\" target=\"_blank\">Instituto de Ciencias Fot\u00f3nicas (ICFO)<\/a> ha establecido un nuevo r\u00e9cord al generar el pulso de rayos X blandos de tan solo 19,2 attosegundos, considerado el m\u00e1s corto hasta la fecha. Se trata del destello de luz m\u00e1s r\u00e1pido, incluso m\u00e1s veloz que la unidad at\u00f3mica de tiempo (24,2 attosegundos), que corresponde al tiempo que tarda un electr\u00f3n en completar una \u00f3rbita alrededor del \u00e1tomo de hidr\u00f3geno: el \u201ca\u00f1o at\u00f3mico\u201d, informa el ICFO en una nota a partir de la investigaci\u00f3n publicada en <a href=\"https:\/\/spj.science.org\/doi\/10.34133\/ultrafastscience.0128\" rel=\"nofollow noopener\" target=\"_blank\">Ultrafast Science<\/a>. <\/p>\n<p><img decoding=\"auto\" class=\"_re lazyload a_m-h\" height=\"272\"  width=\"414\"  src=\"https:\/\/www.europesays.com\/es\/wp-content\/uploads\/2026\/01\/3CAB2ECKLNCFPJ676H3LQTCSCI.jpg\" loading=\"lazy\"\/>Los investigadores del ICFO Jens Biegert y Fernando Ardana-Lamas.ICFO<\/p>\n<p class=\"\">\u201cEsta nueva capacidad allana el camino a avances en f\u00edsica, qu\u00edmica, biolog\u00eda y ciencia cu\u00e1ntica, permitiendo la observaci\u00f3n directa de procesos que impulsan la fotovoltaica, la cat\u00e1lisis, los materiales correlacionados y los dispositivos cu\u00e1nticos emergentes\u201d, afirma el f\u00edsico alem\u00e1n del ICFO Jens Biegert.<\/p>\n<p class=\"\">El instituto explica que la clave de estos hallazgos es comprender c\u00f3mo se comporta e interact\u00faa la materia a escalas at\u00f3micas y subat\u00f3micas: \u201cLos electrones lo determinan todo: c\u00f3mo se desarrollan las reacciones qu\u00edmicas, c\u00f3mo los materiales conducen la electricidad, c\u00f3mo las mol\u00e9culas biol\u00f3gicas transfieren energ\u00eda y c\u00f3mo operan las tecnolog\u00edas cu\u00e1nticas. Pero la din\u00e1mica electr\u00f3nica ocurre en escalas de tiempo de attosegundos, demasiado r\u00e1pidas para las herramientas de medici\u00f3n convencionales\u201d.<\/p>\n<p class=\"\">\u201cNuestros resultados demuestran las notables capacidades de la tecnolog\u00eda de attosegundos y sientan las bases para su uso generalizado en la ciencia fundamental y aplicada\u201d, concluyen los cient\u00edficos en su investigaci\u00f3n, donde advierten de un logro similar, aunque en un rango diferente, publicado en <a href=\"https:\/\/arxiv.org\/abs\/2508.14774\" rel=\"nofollow noopener\" target=\"_blank\">arXiv<\/a>.<\/p>\n","protected":false},"excerpt":{"rendered":"Las personas tenemos la sensaci\u00f3n de que todo pasa muy deprisa. Pero es un tiempo extraordinariamente lento en&hellip;\n","protected":false},"author":2,"featured_media":336291,"comment_status":"","ping_status":"","sticky":false,"template":"","format":"standard","meta":{"footnotes":""},"categories":[81],"tags":[119,123,124,25,24,8450,77045,77044,21346,17120,646,1875,4763,117,121,122,23,118,120],"class_list":{"0":"post-336290","1":"post","2":"type-post","3":"status-publish","4":"format-standard","5":"has-post-thumbnail","7":"category-ciencia-y-tecnologia","8":"tag-ciencia","9":"tag-ciencia-y-tecnologia","10":"tag-cienciaytecnologia","11":"tag-es","12":"tag-espana","13":"tag-fisica","14":"tag-fisica-cuantica","15":"tag-fisica-nuclear","16":"tag-idi","17":"tag-id","18":"tag-investigacion-cientifica","19":"tag-luz","20":"tag-nanotecnologia","21":"tag-science","22":"tag-science-and-technology","23":"tag-scienceandtechnology","24":"tag-spain","25":"tag-technology","26":"tag-tecnologia"},"share_on_mastodon":{"url":"https:\/\/pubeurope.com\/@es\/115880763456853212","error":""},"_links":{"self":[{"href":"https:\/\/www.europesays.com\/es\/wp-json\/wp\/v2\/posts\/336290","targetHints":{"allow":["GET"]}}],"collection":[{"href":"https:\/\/www.europesays.com\/es\/wp-json\/wp\/v2\/posts"}],"about":[{"href":"https:\/\/www.europesays.com\/es\/wp-json\/wp\/v2\/types\/post"}],"author":[{"embeddable":true,"href":"https:\/\/www.europesays.com\/es\/wp-json\/wp\/v2\/users\/2"}],"replies":[{"embeddable":true,"href":"https:\/\/www.europesays.com\/es\/wp-json\/wp\/v2\/comments?post=336290"}],"version-history":[{"count":0,"href":"https:\/\/www.europesays.com\/es\/wp-json\/wp\/v2\/posts\/336290\/revisions"}],"wp:featuredmedia":[{"embeddable":true,"href":"https:\/\/www.europesays.com\/es\/wp-json\/wp\/v2\/media\/336291"}],"wp:attachment":[{"href":"https:\/\/www.europesays.com\/es\/wp-json\/wp\/v2\/media?parent=336290"}],"wp:term":[{"taxonomy":"category","embeddable":true,"href":"https:\/\/www.europesays.com\/es\/wp-json\/wp\/v2\/categories?post=336290"},{"taxonomy":"post_tag","embeddable":true,"href":"https:\/\/www.europesays.com\/es\/wp-json\/wp\/v2\/tags?post=336290"}],"curies":[{"name":"wp","href":"https:\/\/api.w.org\/{rel}","templated":true}]}}