{"id":336332,"date":"2026-01-12T07:15:14","date_gmt":"2026-01-12T07:15:14","guid":{"rendered":"https:\/\/www.europesays.com\/es\/336332\/"},"modified":"2026-01-12T07:15:14","modified_gmt":"2026-01-12T07:15:14","slug":"la-razon-de-la-ausencia-de-erikstrup-en-valencia-ya-no-es-jugadora-de-avenida","status":"publish","type":"post","link":"https:\/\/www.europesays.com\/es\/336332\/","title":{"rendered":"La raz\u00f3n de la ausencia de Erikstrup en Valencia: ya no es jugadora de Avenida"},"content":{"rendered":"<p><a class=\"v-mdl-ath__fig-a\" href=\"https:\/\/www.lagacetadesalamanca.es\/autor\/alex-g-santana-6000.html\" title=\"Alex G. Santana\" rel=\"nofollow noopener\" target=\"_blank\"><br \/>\n<img decoding=\"async\" class=\"v-mdl-ath__img\" src=\"https:\/\/www.europesays.com\/es\/wp-content\/uploads\/2025\/12\/autor-6000-foto-1.png\" alt=\"Alex G. Santana\"\/><br \/>\n<\/a><\/p>\n<p class=\"v-mdl-ath__p v-mdl-ath__p--6\">\nDomingo, 11 de enero 2026, 14:58<\/p>\n<p>| Actualizado 16:38h.<\/p>\n<p class=\"v-p\"><strong>Laura Erikstrup<\/strong> ya no ha estado presente este domingo en el partido entre el Valencia BC y el <strong>Perfumer\u00edas Avenida<\/strong>, que ha terminado <a href=\"https:\/\/www.lagacetadesalamanca.es\/deportes\/baloncesto-local\/perfumeriasavenida\/perfumerias-avenida-deriva-hunde-valencia-8154-20260111140247-nt.html\" target=\"_blank\" data-voc-vtm-id=\"in-text-traffic\" title=\"con la contundente derrota del conjunto salmantino\" data-mrf-link=\"www.lagacetadesalamanca.es\" rel=\"nofollow noopener\">con la contundente derrota del conjunto salmantino<\/a>, y minutos despu\u00e9s de su finalizaci\u00f3n se ha conocido el motivo: ya no pertenece al club. De todas formas, tampoco hubiera podido viajar al encuentro al encontrarse convaleciente despu\u00e9s de varios afectada por un virus.<\/p>\n<p class=\"v-p\">As\u00ed lo ha comunicado Avenida: \u00abLaura Erikstrup y Avenida acuerdan su desvinculaci\u00f3n en busca de nuevas oportunidades profesionales. Agradecemos a Lo su enorme profesionalidad, el trabajo de estos meses a nuestro lado y su esfuerzo y capacidad de aprendizaje diario\u00bb.<\/p>\n<p class=\"v-p\">Lo cierto es que la jugadora norteamericana con pasaporte dan\u00e9s no ha cumplido con <a href=\"https:\/\/www.lagacetadesalamanca.es\/deportes\/baloncesto-local\/perfumeriasavenida\/avenida-apuesta-promesa-laura-erikstrup-juego-interior-20250530120518-nt.html\" target=\"_blank\" data-voc-vtm-id=\"in-text-traffic\" title=\"las expectativas que provocaron su fichaje\" data-mrf-link=\"www.lagacetadesalamanca.es\" rel=\"nofollow noopener\">las expectativas que provocaron su fichaje<\/a>, despu\u00e9s de sus buenos n\u00fameros en la NCAA y en la &#8216;segunda liga&#8217; de Australia&#8217; y no ha convencido al cuerpo t\u00e9cnico para tener m\u00e1s oportunidades.<\/p>\n<p class=\"v-p\">Erikstrup ha disputado un total de <strong>14 encuentros<\/strong> con el Perfumer\u00edas Avenida entre las distintas competiciones, en los que ha anotado 34 puntos.<\/p>\n<p class=\"v-p\">Con su salida del equipo, el juego interior queda compuesto por Khadijiah Cave, Mouss Djaldi-Tabdi, Virag Takacs-Kiss y Bel\u00e9n Arrojo, que sigue multiplicando sus esfuerzos para ayudar en la pintura, <strong>a la espera de que Regan Magarity pueda comenzar a jugar<\/strong>.<\/p>\n<p>Reporta un error<\/p>\n","protected":false},"excerpt":{"rendered":"Domingo, 11 de enero 2026, 14:58 | Actualizado 16:38h. Laura Erikstrup ya no ha estado presente este domingo&hellip;\n","protected":false},"author":2,"featured_media":336333,"comment_status":"","ping_status":"","sticky":false,"template":"","format":"standard","meta":{"footnotes":""},"categories":[269],"tags":[3272,14092,299,298,168,24241,25,24,1713,12109,23,167,235],"class_list":{"0":"post-336332","1":"post","2":"type-post","3":"status-publish","4":"format-standard","5":"has-post-thumbnail","7":"category-baloncesto","8":"tag-ausencia","9":"tag-avenida","10":"tag-baloncesto","11":"tag-basketball","12":"tag-deportes","13":"tag-erikstrup","14":"tag-es","15":"tag-espana","16":"tag-jugadora","17":"tag-razon","18":"tag-spain","19":"tag-sports","20":"tag-valencia"},"share_on_mastodon":{"url":"https:\/\/pubeurope.com\/@es\/115880900918570947","error":""},"_links":{"self":[{"href":"https:\/\/www.europesays.com\/es\/wp-json\/wp\/v2\/posts\/336332","targetHints":{"allow":["GET"]}}],"collection":[{"href":"https:\/\/www.europesays.com\/es\/wp-json\/wp\/v2\/posts"}],"about":[{"href":"https:\/\/www.europesays.com\/es\/wp-json\/wp\/v2\/types\/post"}],"author":[{"embeddable":true,"href":"https:\/\/www.europesays.com\/es\/wp-json\/wp\/v2\/users\/2"}],"replies":[{"embeddable":true,"href":"https:\/\/www.europesays.com\/es\/wp-json\/wp\/v2\/comments?post=336332"}],"version-history":[{"count":0,"href":"https:\/\/www.europesays.com\/es\/wp-json\/wp\/v2\/posts\/336332\/revisions"}],"wp:featuredmedia":[{"embeddable":true,"href":"https:\/\/www.europesays.com\/es\/wp-json\/wp\/v2\/media\/336333"}],"wp:attachment":[{"href":"https:\/\/www.europesays.com\/es\/wp-json\/wp\/v2\/media?parent=336332"}],"wp:term":[{"taxonomy":"category","embeddable":true,"href":"https:\/\/www.europesays.com\/es\/wp-json\/wp\/v2\/categories?post=336332"},{"taxonomy":"post_tag","embeddable":true,"href":"https:\/\/www.europesays.com\/es\/wp-json\/wp\/v2\/tags?post=336332"}],"curies":[{"name":"wp","href":"https:\/\/api.w.org\/{rel}","templated":true}]}}