{"id":336363,"date":"2026-01-12T07:39:07","date_gmt":"2026-01-12T07:39:07","guid":{"rendered":"https:\/\/www.europesays.com\/es\/336363\/"},"modified":"2026-01-12T07:39:07","modified_gmt":"2026-01-12T07:39:07","slug":"endrick-sale-de-la-jaula-en-el-lyon","status":"publish","type":"post","link":"https:\/\/www.europesays.com\/es\/336363\/","title":{"rendered":"Endrick sale de la jaula en el Lyon"},"content":{"rendered":"<p data-mrf-recirculation=\"Links P\u00e1rrafos\" class=\"ue-c-article__paragraph paragraph ue-c-article--first-letter-highlighted\">Endrick aterriz\u00f3 en Lyon como una especie de le\u00f3n enjaulado y, sobre todo, sediento por salir de caza en busca de un puesto en el Mundial. Pero, tras quedarse fuera de la convocatoria contra el M\u00f3naco el pasado fin de semana, Fonseca lo sac\u00f3 de la jaula aline\u00e1ndolo como titular&#8230; y anot\u00f3 el gol de la victoria contra el Lille (1-2) para avanzar a octavos de Coupe.<\/p>\n<p data-mrf-recirculation=\"Links P\u00e1rrafos\" class=\"ue-c-article__paragraph paragraph\">El Pierre-Mauroy recibi\u00f3 con honores a un Paulo Fonseca que salud\u00f3 afectivamente a Bruno Gen\u00e9sio, ext\u00e9cnico del Lyon entre 2015 y 2019. Ahora bien, la presencia de Endrick se rob\u00f3 toda la cuota de protagonismo&#8230; aunque sorprendi\u00f3 que arrancase tirado a banda derecha. Sulc ejerci\u00f3 como (falso) &#8216;9&#8217; y Afonso Moreira partiendo desde izquierda.<\/p>\n<p data-mrf-recirculation=\"Links P\u00e1rrafos\" class=\"ue-c-article__paragraph paragraph\">El extremo luso, que est\u00e1 siendo la gran revelaci\u00f3n de la temporada en el Lyon, tard\u00f3 menos de un minuto en comenzar a inclinar la balanza rompiendo al espacio y aprovechando un fallo de comunicaci\u00f3n entre Bodart y Ngoy. Quinto gol del curso para el canterano del Sporting CP.<\/p>\n<p data-mrf-recirculation=\"Links P\u00e1rrafos\" class=\"ue-c-article__paragraph paragraph\">No tard\u00f3 demasiado Endrick en disfrutar de su primera ocasi\u00f3n. Recibi\u00f3 pegado a banda derecha, tir\u00f3 la diagonal y sac\u00f3 el ca\u00f1\u00f3n a pasear desde el balc\u00f3n del \u00e1rea. Bodart puso la mano blanda&#8230; pero tuvo suerte, ya que el disparo del brasile\u00f1o se acab\u00f3 estrellando contra la madera.<\/p>\n<p data-mrf-recirculation=\"Links P\u00e1rrafos\" class=\"ue-c-article__paragraph paragraph\">Aunque pec\u00f3 de individualista en ciertas acciones, las ganas de demostrar y gustar a la afici\u00f3n del Lyon por parte de Endrick eran palpables. En el 13&#8242;, de hecho, volvi\u00f3 a probar fortuna con un &#8216;punterazo&#8217; desde el interior del \u00e1rea demostrando variedad de recursos a la hora de definir.<\/p>\n<p data-mrf-recirculation=\"Links P\u00e1rrafos\" class=\"ue-c-article__paragraph paragraph\">Hasta el momento, el Lille no hab\u00eda dado noticias. Pero, en uno de sus primeros acercamientos, Ngoy se repuso de su error en el 0-1 recogiendo un rechace suelto en el coraz\u00f3n del \u00e1rea para empatar en el 28&#8242; tras una deficiente salida de Deschamps intentando descolgar un centro lateral por parte de F\u00e9lix Correia.<\/p>\n<p data-mrf-recirculation=\"Links P\u00e1rrafos\" class=\"ue-c-article__paragraph paragraph\">Perdi\u00f3 fuelle el Lyon desde entonces. Pero, cuando agonizaba la primera parte, Endrick enton\u00f3 su primer &#8216;rugido&#8217; con &#8216;Les Gones&#8217;. Afonso Moreira levant\u00f3 la cabeza en el sector izquierdo, puso un centro prolongado por Tolisso en el punto de penalti y, de primeras, el madridista empalm\u00f3 en el segundo palo.<\/p>\n<p data-mrf-recirculation=\"Links P\u00e1rrafos\" class=\"ue-c-article__paragraph paragraph\">Endrick continu\u00f3 coleccionando detalles durante los primeros compases del segundo tiempo que comenzaron a desesperar a los jugadores del Lille. Sin embargo, viendo que estaba sufriendo un sinfin de faltas, Paulo Fonseco lo retir\u00f3 a falta de poco menos de 20&#8242; tratando de protegerlo.<\/p>\n<p data-mrf-recirculation=\"Links P\u00e1rrafos\" class=\"ue-c-article__paragraph paragraph\">En todo momento, la sensaci\u00f3n era que estaba mucho m\u00e1s cerca la sentencia del Lyon que el gol del empate del Lille. Pero, cuando ya se acercaba el 90&#8242;, Tiago Santos conect\u00f3 un &#8216;zapatazo&#8217; que Deschamps s\u00f3lo pudo seguir con la mirada mientras se estrellaba en el palo. No lo tuvo que lamentar el Lyon, ni tampoco un Endrick que firm\u00f3 un debut para enmarcar.<\/p>\n","protected":false},"excerpt":{"rendered":"Endrick aterriz\u00f3 en Lyon como una especie de le\u00f3n enjaulado y, sobre todo, sediento por salir de caza&hellip;\n","protected":false},"author":2,"featured_media":336364,"comment_status":"","ping_status":"","sticky":false,"template":"","format":"standard","meta":{"footnotes":""},"categories":[268],"tags":[168,25,24,280,282,281,23,167],"class_list":{"0":"post-336363","1":"post","2":"type-post","3":"status-publish","4":"format-standard","5":"has-post-thumbnail","7":"category-futbol","8":"tag-deportes","9":"tag-es","10":"tag-espana","11":"tag-football","12":"tag-futbol","13":"tag-soccer","14":"tag-spain","15":"tag-sports"},"share_on_mastodon":{"url":"https:\/\/pubeurope.com\/@es\/115880995527202076","error":""},"_links":{"self":[{"href":"https:\/\/www.europesays.com\/es\/wp-json\/wp\/v2\/posts\/336363","targetHints":{"allow":["GET"]}}],"collection":[{"href":"https:\/\/www.europesays.com\/es\/wp-json\/wp\/v2\/posts"}],"about":[{"href":"https:\/\/www.europesays.com\/es\/wp-json\/wp\/v2\/types\/post"}],"author":[{"embeddable":true,"href":"https:\/\/www.europesays.com\/es\/wp-json\/wp\/v2\/users\/2"}],"replies":[{"embeddable":true,"href":"https:\/\/www.europesays.com\/es\/wp-json\/wp\/v2\/comments?post=336363"}],"version-history":[{"count":0,"href":"https:\/\/www.europesays.com\/es\/wp-json\/wp\/v2\/posts\/336363\/revisions"}],"wp:featuredmedia":[{"embeddable":true,"href":"https:\/\/www.europesays.com\/es\/wp-json\/wp\/v2\/media\/336364"}],"wp:attachment":[{"href":"https:\/\/www.europesays.com\/es\/wp-json\/wp\/v2\/media?parent=336363"}],"wp:term":[{"taxonomy":"category","embeddable":true,"href":"https:\/\/www.europesays.com\/es\/wp-json\/wp\/v2\/categories?post=336363"},{"taxonomy":"post_tag","embeddable":true,"href":"https:\/\/www.europesays.com\/es\/wp-json\/wp\/v2\/tags?post=336363"}],"curies":[{"name":"wp","href":"https:\/\/api.w.org\/{rel}","templated":true}]}}