{"id":336438,"date":"2026-01-12T08:35:11","date_gmt":"2026-01-12T08:35:11","guid":{"rendered":"https:\/\/www.europesays.com\/es\/336438\/"},"modified":"2026-01-12T08:35:11","modified_gmt":"2026-01-12T08:35:11","slug":"graitec-anuncia-innovate2build-2026-acelerando-la-innovacion-en-aeco-mediante-ia-y-automatizacion","status":"publish","type":"post","link":"https:\/\/www.europesays.com\/es\/336438\/","title":{"rendered":"Graitec Anuncia Innovate2BUILD 2026: Acelerando la Innovaci\u00f3n en AECO mediante IA y Automatizaci\u00f3n"},"content":{"rendered":"<p>Este evento global gratuito, que tendr\u00e1 lugar el\u00a0<strong>4 y 5 de febrero de 2026<\/strong>, re\u00fane a arquitectos, ingenieros, constructores, propietarios, fabricantes y tecn\u00f3logos para explorar las tecnolog\u00edas que est\u00e1n transformando la forma en que se dise\u00f1an, construyen y entregan los proyectos.<\/p>\n<p>A medida que la transformaci\u00f3n digital redefine el entorno construido,\u00a0<strong>Innovate2BUILD<\/strong>\u00a0ofrece una plataforma transformadora para que los profesionales de AECO con visi\u00f3n de futuro obtengan conocimientos, compartan estrategias y se conecten con l\u00edderes que est\u00e1n dando forma al futuro de la pr\u00e1ctica.<\/p>\n<p><strong>\u00bfQu\u00e9 es Innovate2BUILD?<\/strong><\/p>\n<p><strong>Innovate2BUILD\u00a0<\/strong>es un evento virtual global dise\u00f1ado por Graitec para ayudar a los equipos de AECO y fabricaci\u00f3n a aprovechar el poder de las tecnolog\u00edas emergentes. Durante dos d\u00edas, los participantes explorar\u00e1n c\u00f3mo la\u00a0<strong>inteligencia artificial, la automatizaci\u00f3n y los flujos de trabajo basados en datos<\/strong>\u00a0est\u00e1n desbloqueando nuevos niveles de eficiencia, precisi\u00f3n y colaboraci\u00f3n.<\/p>\n<p>\u201cNuestros clientes est\u00e1n atravesando un momento extraordinario de cambio y buscan claridad, confianza y estrategias pr\u00e1cticas. Innovate2BUILD se cre\u00f3 para ofrecer precisamente eso. A trav\u00e9s del prisma de la IA y la automatizaci\u00f3n, ayudamos a los profesionales de AECO a replantearse su forma de trabajar, fortalecer sus bases digitales y acelerar su camino hacia una entrega de proyectos m\u00e1s sostenible, eficiente y predecible.\u201d\u00a0\u2014\u00a0<strong>Manuel Liedot, CEO, Graitec<br clear=\"all\"\/><\/strong><\/p>\n<p><strong>Por qu\u00e9 es importante Innovate2BUILD<\/strong><\/p>\n<p>La IA y la automatizaci\u00f3n est\u00e1n acelerando el cambio en todo el entorno construido, transformando las expectativas en dise\u00f1o, ingenier\u00eda, construcci\u00f3n y operaciones.\u00a0<strong>Innovate2BUILD<\/strong>\u00a0ofrece a los asistentes:<\/p>\n<ul>\n<li>Informaci\u00f3n sobre tecnolog\u00edas de alto impacto que impulsan la evoluci\u00f3n del sector<\/li>\n<li>Flujos de trabajo y estrategias probadas por profesionales l\u00edderes<\/li>\n<li>Interacci\u00f3n significativa con innovadores del sector y l\u00edderes con visi\u00f3n de futuro<\/li>\n<li>Oportunidades para cuestionar lo convencional y explorar nuevos enfoques de trabajo<\/li>\n<\/ul>\n<p><strong>Ponentes destacados<\/strong><\/p>\n<p>Graitec se complace en reunir a las figuras m\u00e1s destacadas de la industria en la convergencia del dise\u00f1o, la tecnolog\u00eda y la transformaci\u00f3n digital.<\/p>\n<p><strong>Phillip G. Bernstein, FAIA, NOMA, LEED AP<br \/><\/strong>Subdecano y Profesor, Escuela de Arquitectura de Yale<\/p>\n<p>Ex vicepresidente de Autodesk y referente en pr\u00e1ctica digital, Phil Bernstein presentar\u00e1\u00a0<strong>\u201cEscalas de Inteligencia: IA, Autonom\u00eda y Arquitectura\u201d<\/strong>, una ponencia sobre c\u00f3mo la IA introduce autonom\u00eda en los flujos de trabajo, redefiniendo la autor\u00eda, la responsabilidad y la identidad de la pr\u00e1ctica arquitect\u00f3nica.<\/p>\n<p><strong>Randy Deutsch, FAIA<br \/><\/strong>Profesor Asociado Cl\u00ednico, Universidad de Illinois Urbana-Champaign<\/p>\n<p>Arquitecto, docente e investigador en IA, Randy Deutsch es autor de seis libros influyentes sobre tecnolog\u00eda, dise\u00f1o y pr\u00e1ctica. Presentar\u00e1\u00a0<strong>\u201cC\u00f3mo, D\u00f3nde y Por Qu\u00e9 Innovar mediante IA\u201d<\/strong>, abordando c\u00f3mo la IA est\u00e1 transformando AECO, desde asistentes inteligentes y herramientas de gesti\u00f3n de riesgos hasta tecnolog\u00edas generativas y predictivas que mejoran el rendimiento de los edificios, la seguridad del usuario y la productividad de las empresas.<\/p>\n<p><strong>Dr. Luciana Burdi, Intl. Assoc.\u00a0<\/strong><strong>AIA, CCM, MCPPO, NAC, FCMAA<\/strong><br \/>Directora de Infraestructura, Autoridad Portuaria de Massachusetts<\/p>\n<p>Responsable del desarrollo, administraci\u00f3n y ejecuci\u00f3n del programa de inversi\u00f3n de capital para todas las instalaciones de Massport, incluidos aeropuertos, terminales y otras propiedades. Gestiona el dise\u00f1o interno y la integraci\u00f3n de tecnolog\u00edas de dise\u00f1o para programas de capital, liderando su transici\u00f3n hacia un enfoque m\u00e1s innovador, basado en datos y habilitado por tecnolog\u00eda. Presentar\u00e1\u00a0<strong>\u201cC\u00f3mo Massport est\u00e1 blindando el futuro de la entrega de infraestructuras\u201d<\/strong>.<\/p>\n<p><strong>Ponentes del sector<\/strong><\/p>\n<p>Junto a los ponentes principales, Innovate2BUILD contar\u00e1 con expertos que compartir\u00e1n implementaciones reales, retos, flujos de trabajo y lecciones aprendidas:<\/p>\n<ul>\n<li>Mairead Gallagher Morgan, BIM Lead UK\/EMEA, Grimshaw<\/li>\n<li>Dan Reynolds, Principal &amp; AI Leader, Walter P Moore<\/li>\n<li>Steve Jones, Senior Director of Industry &amp; Research, Dodge Data &amp; Analytics<\/li>\n<li>Kevin Fielding, Director de BIM y Tecnolog\u00edas de Dise\u00f1o, Sheppard Robson<\/li>\n<li>Alexandra Pollock, Senior Director, CORE studio, Thornton Tomasetti<\/li>\n<li>Nirva Fereshetian, Principal &amp; CIO, CBT Architects<\/li>\n<li>Ayse Polat, Regional VDC Manager NY, Turner Construction<\/li>\n<li>Marie Grieve, Vicepresidenta Global, Women in BIM<\/li>\n<li>Dylan Quan, BIM Manager de Infraestructura y Edificaci\u00f3n, Kiewit Engineering Group Inc.<\/li>\n<li>\u00a1Y m\u00e1s por anunciar!<\/li>\n<\/ul>\n<p><strong>\u00bfA qui\u00e9n va dirigido?<\/strong><\/p>\n<p>Este evento est\u00e1 dise\u00f1ado para profesionales de AECO y fabricaci\u00f3n que deseen potenciar sus capacidades digitales, incluidos arquitectos e ingenieros, l\u00edderes de construcci\u00f3n y especialistas en VDC, responsables de BIM y pr\u00e1ctica digital, y otros interesados en el impacto de la IA y la automatizaci\u00f3n en el entorno construido.<\/p>\n<p>La asistencia es gratuita, previa inscripci\u00f3n. La mayor\u00eda de las sesiones se presentar\u00e1n en ingl\u00e9s y se retransmitir\u00e1n globalmente, con algunas disponibles en franc\u00e9s, espa\u00f1ol y polaco.<\/p>\n<p><strong>Reserve la fecha<\/strong><\/p>\n<p align=\"center\">\u00a1Asegure su plaza y\u00a0<a href=\"https:\/\/webinars.graitec.com\/innovate2build-2026\/register?utm_source=Infoconstruccion&amp;utm_campaign=ESIndustryOnlineMedia&amp;utm_medium=web\" target=\"_blank\" rel=\"nofollow noopener\">reg\u00edstrese aqu\u00ed<\/a>!<\/p>\n","protected":false},"excerpt":{"rendered":"Este evento global gratuito, que tendr\u00e1 lugar el\u00a04 y 5 de febrero de 2026, re\u00fane a arquitectos, ingenieros,&hellip;\n","protected":false},"author":2,"featured_media":336439,"comment_status":"","ping_status":"","sticky":false,"template":"","format":"standard","meta":{"footnotes":""},"categories":[81],"tags":[119,123,124,25,24,117,121,122,23,118,120],"class_list":{"0":"post-336438","1":"post","2":"type-post","3":"status-publish","4":"format-standard","5":"has-post-thumbnail","7":"category-ciencia-y-tecnologia","8":"tag-ciencia","9":"tag-ciencia-y-tecnologia","10":"tag-cienciaytecnologia","11":"tag-es","12":"tag-espana","13":"tag-science","14":"tag-science-and-technology","15":"tag-scienceandtechnology","16":"tag-spain","17":"tag-technology","18":"tag-tecnologia"},"share_on_mastodon":{"url":"https:\/\/pubeurope.com\/@es\/115881215485654402","error":""},"_links":{"self":[{"href":"https:\/\/www.europesays.com\/es\/wp-json\/wp\/v2\/posts\/336438","targetHints":{"allow":["GET"]}}],"collection":[{"href":"https:\/\/www.europesays.com\/es\/wp-json\/wp\/v2\/posts"}],"about":[{"href":"https:\/\/www.europesays.com\/es\/wp-json\/wp\/v2\/types\/post"}],"author":[{"embeddable":true,"href":"https:\/\/www.europesays.com\/es\/wp-json\/wp\/v2\/users\/2"}],"replies":[{"embeddable":true,"href":"https:\/\/www.europesays.com\/es\/wp-json\/wp\/v2\/comments?post=336438"}],"version-history":[{"count":0,"href":"https:\/\/www.europesays.com\/es\/wp-json\/wp\/v2\/posts\/336438\/revisions"}],"wp:featuredmedia":[{"embeddable":true,"href":"https:\/\/www.europesays.com\/es\/wp-json\/wp\/v2\/media\/336439"}],"wp:attachment":[{"href":"https:\/\/www.europesays.com\/es\/wp-json\/wp\/v2\/media?parent=336438"}],"wp:term":[{"taxonomy":"category","embeddable":true,"href":"https:\/\/www.europesays.com\/es\/wp-json\/wp\/v2\/categories?post=336438"},{"taxonomy":"post_tag","embeddable":true,"href":"https:\/\/www.europesays.com\/es\/wp-json\/wp\/v2\/tags?post=336438"}],"curies":[{"name":"wp","href":"https:\/\/api.w.org\/{rel}","templated":true}]}}