{"id":336551,"date":"2026-01-12T10:00:09","date_gmt":"2026-01-12T10:00:09","guid":{"rendered":"https:\/\/www.europesays.com\/es\/336551\/"},"modified":"2026-01-12T10:00:09","modified_gmt":"2026-01-12T10:00:09","slug":"el-pintor-cantabro-pedro-sobrado-sera-homenajeado-el-viernes-en-ambito-cultural","status":"publish","type":"post","link":"https:\/\/www.europesays.com\/es\/336551\/","title":{"rendered":"El pintor c\u00e1ntabro Pedro Sobrado ser\u00e1 homenajeado el viernes en \u00c1mbito Cultural"},"content":{"rendered":"<p><a class=\"v-mdl-ath__fig-a\" href=\"https:\/\/www.eldiariomontanes.es\/autor\/guillermo-balbona-1020.html\" title=\"Guillermo Balbona\" rel=\"nofollow noopener\" target=\"_blank\"><br \/>\n<img decoding=\"async\" class=\"v-mdl-ath__img\" src=\"https:\/\/www.europesays.com\/es\/wp-content\/uploads\/2025\/09\/autor-1020-foto-3.jpeg\" alt=\"Guillermo Balbona\"\/><br \/>\n<\/a><\/p>\n<p class=\"v-mdl-ath__p v-mdl-ath__p--6\">\nLunes, 12 de enero 2026, 01:00<\/p>\n<p class=\"v-p\"> \u00abCuando estamos ante Sobrados genuinos, lo sabemos; el autor ha conseguido que sus cuadros no necesiten ning\u00fan calificativo a\u00f1adido para identificar su obra. El espectador enseguida ve que un Sobrado es un Sobrado. El pintor ha alcanzado aquello a lo que tantos artistas aspiran y casi nunca consiguen: personalidad y voz propia\u00bb. Las palabras del escritor Juan Francisco Quevedo, autor adem\u00e1s de dos libros sobre el pintor, definen y enmarcan la popularidad de un creador que, cerca de cumplir 90 a\u00f1os, ha edificado una de las trayectorias m\u00e1s prol\u00edficas y reconocidas del arte c\u00e1ntabro. Tras la premisa que alude a que Pedro Sobrado (Torrelavega, 1936) \u00abno s\u00f3lo ha creado un estilo, sino que ha llegado a darle su propio nombre\u00bb, el pr\u00f3ximo viernes, d\u00eda 16, a las 18.00 horas, \u00c1mbito Cultural de Santander rendir\u00e1 homenaje al veterano artista. Precisamente el acto ser\u00e1 presentado por Francisco Quevedo.<\/p>\n<p class=\"v-p\">En el espacio de El Corte Ingl\u00e9s, adem\u00e1s, participar\u00e1n Mar\u00eda Sansegundo Gonz\u00e1lez, pintora y empresaria; Javier L\u00f3pez Estrada, alcalde de Torrelavega; Francisco Javier L\u00f3pez Marcano, diputado; Natalia Saiz Guti\u00e9rrez, directora del CEIP Pintor Escudero Espronceda y la propia hija del artista, la pintora y escritora Veronique Sobrado.<\/p>\n<p class=\"v-p\">El pasado a\u00f1o el Teatro Concha Espina, durante la entrega de premios del XXXV Concurso de Pintura que lleva el nombre de Sobrado, organizado por el CEIP Pintor Escudero Espronceda, el pintor recibi\u00f3 un homenaje de esa comunidad educativa. Esa velada fue coincidente con la \u00faltima exposici\u00f3n celebrada hasta hoy del pintor, &#8217;35 a\u00f1os compartiendo arte y educaci\u00f3n&#8217;, que tuvo lugar en la sala Mauro Muriedas. Una representaci\u00f3n de tres de las grandes secciones, en lo cronol\u00f3gico y creativo de Sobrado -su periodo parisino, la etapa madrile\u00f1a y su profusa producci\u00f3n en Cantabria-estuvieron acompa\u00f1adas en la muestra por reinterpretaciones realizadas por el alumnado del Colegio.<\/p>\n<p class=\"v-p\"> Un a\u00f1o antes, el pintor protagoniz\u00f3 en el Casino del Sardinero la exposici\u00f3n &#8216;Naturalismo&#8217;, en su regreso al espacio diez a\u00f1os m\u00e1s tarde de su \u00faltima muestra en 2014. En ese caso exhibi\u00f3 obras creadas desde el confinamiento en las que se reflejaban instantes cotidianos, escenas urbanas y, como siempre, con la figura femenina muy presente.<\/p>\n<p class=\"v-p\">Sobrado celebr\u00f3 su primera muestra en 1959. Y casi setenta a\u00f1os despu\u00e9s su coherencia, sensibilidad, amor a la pintura permanecen reflejadas de modo incansable en la l\u00ednea, el dibujo y el perfil del presente. Dos testimonios, entre otros muchos sembrados en el tiempo sobre el artista evidencian su significado: Leopoldo Rodr\u00edguez Alcalde, poeta y cr\u00edtico, alud\u00eda \u00abal dibujo certero y el bien trabado \u00f3leo de Sobrado, sensible a los m\u00e1s agudos ritmos del esp\u00edritu y due\u00f1o, en plena juventud, de una madurez de fervoroso creador\u00bb. <\/p>\n<p class=\"v-p\">Por su parte, el escritor y cr\u00edtico Antonio Mart\u00ednez Cerezo sosten\u00eda, a\u00f1os despu\u00e9s, que Sobrado \u00abresponde a la apocal\u00edptica llamada del segundo milenio con alma de perspicaz retratista de un tiempo, el nuestro, que vive en un c\u00f3mic. Cada quien encerrado en su vi\u00f1eta de luces y sombras\u00bb.<\/p>\n<p>Reporta un error<\/p>\n","protected":false},"excerpt":{"rendered":"Lunes, 12 de enero 2026, 01:00 \u00abCuando estamos ante Sobrados genuinos, lo sabemos; el autor ha conseguido que&hellip;\n","protected":false},"author":2,"featured_media":336552,"comment_status":"","ping_status":"","sticky":false,"template":"","format":"standard","meta":{"footnotes":""},"categories":[173],"tags":[49369,229,233,231,230,52146,8332,232,234,146,147,25,24,13574,1822,475,77097,23,381],"class_list":{"0":"post-336551","1":"post","2":"type-post","3":"status-publish","4":"format-standard","5":"has-post-thumbnail","7":"category-arte-y-diseno","8":"tag-ambito","9":"tag-arte","10":"tag-arte-y-diseno","11":"tag-arts","12":"tag-arts-and-design","13":"tag-cantabro","14":"tag-cultural","15":"tag-design","16":"tag-diseno","17":"tag-entertainment","18":"tag-entretenimiento","19":"tag-es","20":"tag-espana","21":"tag-homenajeado","22":"tag-pedro","23":"tag-pintor","24":"tag-sobrado","25":"tag-spain","26":"tag-viernes"},"share_on_mastodon":{"url":"https:\/\/pubeurope.com\/@es\/115881549673920908","error":""},"_links":{"self":[{"href":"https:\/\/www.europesays.com\/es\/wp-json\/wp\/v2\/posts\/336551","targetHints":{"allow":["GET"]}}],"collection":[{"href":"https:\/\/www.europesays.com\/es\/wp-json\/wp\/v2\/posts"}],"about":[{"href":"https:\/\/www.europesays.com\/es\/wp-json\/wp\/v2\/types\/post"}],"author":[{"embeddable":true,"href":"https:\/\/www.europesays.com\/es\/wp-json\/wp\/v2\/users\/2"}],"replies":[{"embeddable":true,"href":"https:\/\/www.europesays.com\/es\/wp-json\/wp\/v2\/comments?post=336551"}],"version-history":[{"count":0,"href":"https:\/\/www.europesays.com\/es\/wp-json\/wp\/v2\/posts\/336551\/revisions"}],"wp:featuredmedia":[{"embeddable":true,"href":"https:\/\/www.europesays.com\/es\/wp-json\/wp\/v2\/media\/336552"}],"wp:attachment":[{"href":"https:\/\/www.europesays.com\/es\/wp-json\/wp\/v2\/media?parent=336551"}],"wp:term":[{"taxonomy":"category","embeddable":true,"href":"https:\/\/www.europesays.com\/es\/wp-json\/wp\/v2\/categories?post=336551"},{"taxonomy":"post_tag","embeddable":true,"href":"https:\/\/www.europesays.com\/es\/wp-json\/wp\/v2\/tags?post=336551"}],"curies":[{"name":"wp","href":"https:\/\/api.w.org\/{rel}","templated":true}]}}