{"id":336561,"date":"2026-01-12T10:06:10","date_gmt":"2026-01-12T10:06:10","guid":{"rendered":"https:\/\/www.europesays.com\/es\/336561\/"},"modified":"2026-01-12T10:06:10","modified_gmt":"2026-01-12T10:06:10","slug":"terapia-con-fagos-y-antibioticos","status":"publish","type":"post","link":"https:\/\/www.europesays.com\/es\/336561\/","title":{"rendered":"Terapia con fagos y antibi\u00f3ticos"},"content":{"rendered":"<p>La <strong>terapia con fagos vuelve a situarse en el centro del debate cient\u00edfico<\/strong> como una posible respuesta frente a uno de los mayores retos actuales de la salud p\u00fablica: las resistencias a los antibi\u00f3ticos. Este enfoque terap\u00e9utico, basado en el uso de virus capaces de infectar y destruir bacterias de forma selectiva, est\u00e1 siendo reevaluado por la comunidad cient\u00edfica ante el aumento sostenido de infecciones causadas por bacterias multirresistentes, <strong>responsables de m\u00e1s de 24.000 muertes anuales en Espa\u00f1a<\/strong>, una cifra muy superior a la registrada por los accidentes de tr\u00e1fico .<\/p>\n<p>El potencial de la fagoterapia fue uno de los ejes centrales del <a href=\"https:\/\/seimc.org\/\" title=\"\" rel=\"nofollow noopener\" target=\"_blank\">IV Encuentro de la Sociedad Espa\u00f1ola de Enfermedades Infecciosas y Microbiolog\u00eda Cl\u00ednica (SEIMC)<\/a> con comunicadores sanitarios. La iniciativa, desarrollada junto a la Asociaci\u00f3n Nacional de Informadores de Salud (ANIS), sirvi\u00f3 para analizar los \u00faltimos avances en medicina de precisi\u00f3n aplicada a las enfermedades infecciosas y para reflexionar sobre los cambios necesarios en el abordaje diagn\u00f3stico y terap\u00e9utico de estas patolog\u00edas.<\/p>\n<p>Un enfoque antiguo con nuevas oportunidades<\/p>\n<p>Aunque pueda parecer una innovaci\u00f3n reciente, <strong>la terapia con fagos se utilizaba ya a principios del siglo XX<\/strong> para tratar infecciones bacterianas en humanos y animales. Su desarrollo qued\u00f3 relegado en muchos pa\u00edses occidentales a partir de la d\u00e9cada de 1940, coincidiendo con la expansi\u00f3n de los antibi\u00f3ticos, m\u00e1s f\u00e1ciles de producir y administrar. Sin embargo, el aumento de las resistencias ha devuelto el inter\u00e9s a esta estrategia, que destaca por su alta especificidad: cada fago act\u00faa sobre bacterias concretas, sin da\u00f1ar al resto de la microbiota.<\/p>\n<p>Seg\u00fan explicaron los expertos reunidos en el encuentro, <strong>esta capacidad abre la puerta a tratamientos personalizados<\/strong> y a combinaciones terap\u00e9uticas con antibi\u00f3ticos convencionales. De hecho, uno de los aspectos m\u00e1s prometedores es la posibilidad de que el uso conjunto de fagos y antibi\u00f3ticos permita que bacterias resistentes recuperen su sensibilidad a estos f\u00e1rmacos, ampliando as\u00ed las opciones terap\u00e9uticas disponibles.<\/p>\n<p>\u201cLa fagoterapia representa la frontera entre una crisis sanitaria y una oportunidad cient\u00edfica\u201d, se\u00f1al\u00f3 Mar\u00eda del Mar Tom\u00e1s, vocal de comunicaci\u00f3n de SEIMC. En su opini\u00f3n, el rescate de este enfoque puede contribuir a <strong>un cambio de paradigma en el tratamiento de las infecciones<\/strong>, aunque todav\u00eda existen barreras importantes para su implantaci\u00f3n a gran escala.<\/p>\n<p>Retos regulatorios y cient\u00edficos<\/p>\n<p>Entre los principales obst\u00e1culos identificados se encuentra la necesidad de <strong>impulsar ensayos cl\u00ednicos robustos<\/strong> que permitan definir con claridad en qu\u00e9 pacientes y en qu\u00e9 situaciones la fagoterapia ofrece mayores beneficios. A nivel europeo, la Agencia Europea de Medicamentos ya ha publicado <a href=\"https:\/\/www.ema.europa.eu\/en\/documents\/scientific-guideline\/draft-guideline-quality-aspects-phage-therapy-medicinal-products_en.pdf\" title=\"\" rel=\"nofollow noopener\" target=\"_blank\">una gu\u00eda regulatoria<\/a> para la producci\u00f3n industrial de fagos, pero en Espa\u00f1a a\u00fan no existe un marco normativo espec\u00edfico que facilite su desarrollo estandarizado como medicamentos.<\/p>\n<p>En la actualidad, <strong>el uso de fagos se limita mayoritariamente a contextos experimentales<\/strong> y a tratamientos individualizados autorizados caso por caso. Estos trabajos suelen apoyarse en proyectos de investigaci\u00f3n coordinados entre sociedades cient\u00edficas, hospitales y organismos p\u00fablicos, lo que refleja tanto el inter\u00e9s creciente como la complejidad de trasladar este enfoque a la pr\u00e1ctica cl\u00ednica habitual.<\/p>\n<p>Diagn\u00f3stico r\u00e1pido y atenci\u00f3n continuada<\/p>\n<p>El encuentro tambi\u00e9n puso de relieve la importancia del diagn\u00f3stico precoz y preciso como pilar de la medicina de precisi\u00f3n en enfermedades infecciosas. En los \u00faltimos a\u00f1os, las t\u00e9cnicas de diagn\u00f3stico r\u00e1pido en microbiolog\u00eda cl\u00ednica <strong>han permitido identificar el microorganismo causante de una infecci\u00f3n en pocas horas<\/strong>, facilitando la elecci\u00f3n del tratamiento m\u00e1s adecuado desde fases muy tempranas.<\/p>\n<p>Para aprovechar todo su potencial, los especialistas insistieron en la necesidad de <strong>reforzar los servicios de microbiolog\u00eda cl\u00ednica con atenci\u00f3n continuada 24 horas al d\u00eda<\/strong>, siete d\u00edas a la semana. \u201cLas infecciones no esperan\u201d, advirti\u00f3 Patricia Ruiz, vicepresidenta de SEIMC. En procesos graves como la sepsis, cada hora de retraso en la administraci\u00f3n del tratamiento \u00f3ptimo incrementa de forma significativa la mortalidad, lo que subraya la relevancia de contar con estructuras asistenciales preparadas para actuar con rapidez.<\/p>\n<p>Formaci\u00f3n especializada<\/p>\n<p>Otro de los temas abordados fue la necesidad de avanzar en la formaci\u00f3n de especialistas en enfermedades infecciosas. Desde SEIMC se defendi\u00f3 la creaci\u00f3n de <strong>una especialidad MIR propia<\/strong>, frente a otras f\u00f3rmulas formativas, como las \u00e1reas de capacitaci\u00f3n espec\u00edfica, que podr\u00edan resultar insuficientes ante la complejidad creciente de este campo.<\/p>\n<p>El presidente de la sociedad cient\u00edfica, el doctor Javier Membrillo, subray\u00f3 que la aparici\u00f3n de nuevas amenazas infecciosas, el aumento de las resistencias antimicrobianas y el desarrollo de terapias personalizadas requieren profesionales altamente cualificados desde el inicio de su carrera. La evidencia disponible muestra que la atenci\u00f3n por especialistas en enfermedades infecciosas se asocia con una reducci\u00f3n de la mortalidad hospitalaria y de los costes de la estancia.<\/p>\n","protected":false},"excerpt":{"rendered":"La terapia con fagos vuelve a situarse en el centro del debate cient\u00edfico como una posible respuesta frente&hellip;\n","protected":false},"author":2,"featured_media":336562,"comment_status":"","ping_status":"","sticky":false,"template":"","format":"standard","meta":{"footnotes":""},"categories":[92],"tags":[5738,24078,25,24,165,166,23],"class_list":{"0":"post-336561","1":"post","2":"type-post","3":"status-publish","4":"format-standard","5":"has-post-thumbnail","7":"category-salud","8":"tag-al-dia","9":"tag-de-interes","10":"tag-es","11":"tag-espana","12":"tag-health","13":"tag-salud","14":"tag-spain"},"share_on_mastodon":{"url":"https:\/\/pubeurope.com\/@es\/115881573332750630","error":""},"_links":{"self":[{"href":"https:\/\/www.europesays.com\/es\/wp-json\/wp\/v2\/posts\/336561","targetHints":{"allow":["GET"]}}],"collection":[{"href":"https:\/\/www.europesays.com\/es\/wp-json\/wp\/v2\/posts"}],"about":[{"href":"https:\/\/www.europesays.com\/es\/wp-json\/wp\/v2\/types\/post"}],"author":[{"embeddable":true,"href":"https:\/\/www.europesays.com\/es\/wp-json\/wp\/v2\/users\/2"}],"replies":[{"embeddable":true,"href":"https:\/\/www.europesays.com\/es\/wp-json\/wp\/v2\/comments?post=336561"}],"version-history":[{"count":0,"href":"https:\/\/www.europesays.com\/es\/wp-json\/wp\/v2\/posts\/336561\/revisions"}],"wp:featuredmedia":[{"embeddable":true,"href":"https:\/\/www.europesays.com\/es\/wp-json\/wp\/v2\/media\/336562"}],"wp:attachment":[{"href":"https:\/\/www.europesays.com\/es\/wp-json\/wp\/v2\/media?parent=336561"}],"wp:term":[{"taxonomy":"category","embeddable":true,"href":"https:\/\/www.europesays.com\/es\/wp-json\/wp\/v2\/categories?post=336561"},{"taxonomy":"post_tag","embeddable":true,"href":"https:\/\/www.europesays.com\/es\/wp-json\/wp\/v2\/tags?post=336561"}],"curies":[{"name":"wp","href":"https:\/\/api.w.org\/{rel}","templated":true}]}}