{"id":336577,"date":"2026-01-12T10:21:04","date_gmt":"2026-01-12T10:21:04","guid":{"rendered":"https:\/\/www.europesays.com\/es\/336577\/"},"modified":"2026-01-12T10:21:04","modified_gmt":"2026-01-12T10:21:04","slug":"el-betis-esta-obligado-a-crecer-para-terminar-en-la-zona-pellegrini","status":"publish","type":"post","link":"https:\/\/www.europesays.com\/es\/336577\/","title":{"rendered":"El Betis est\u00e1 obligado a crecer para terminar en la zona Pellegrini"},"content":{"rendered":"<p style=\"\">El a\u00f1o futbol\u00edstico del <strong>Betis<\/strong> ha comenzado con dos partidos consecutivos a domicilio. Tras la derrota del 4 de enero ante el Real Madrid (5-1) lleg\u00f3 el empate del s\u00e1bado con el Oviedo (1-1). El equipo dirigido por Manuel Pellegrini ha completado  &#8230; la <strong>primera vuelta de LaLiga<\/strong>. Desde mediados de agosto hasta ahora son 19 jornadas del campeonato en el que el balance del Betis es de <strong>siete triunfos, ocho empates y cuatro derrotas<\/strong>. 29 puntos en total, cifra que recuerda a la obtenida por el equipo verdiblanco a estas alturas del curso desde que Pellegrini lleg\u00f3 a Heli\u00f3polis. Quedan algo m\u00e1s de cuatro meses de f\u00fatbol. El tiempo y los resultados dir\u00e1n qu\u00e9 ocurre con el Betis en el campeonato. Si vuelve, al igual que ocurri\u00f3 en las cinco temporadas anteriores, a clasificarse para competici\u00f3n continental al final de LaLiga. De momento, tras 19 jornadas, no se ha dado un salto significativo en la tabla. Las plazas de Champions quedan lejos en puntos y sensaciones. A d\u00eda de hoy, el universo particular del equipo verdiblanco es otro. De momento, la zona vinculada a los puestos de Europa League y Conference. <\/p>\n<p>29<br \/>\npuntos<\/p>\n<p class=\"voc-d-c-fignumber__desc\">El balance del Betis en la primera vuelta de LaLiga es de siete triunfos, ocho empates y cuatro derrotas<\/p>\n<p class=\"voc-p\" style=\"\">M\u00e1s all\u00e1 de los resultados, del uno de seis en puntos, las sensaciones que ha transmitido el equipo en los primeros 180 minutos de 2026 no han sido del todo buenas. El s\u00e1bado, con la visita del Villarreal a la Cartuja, comenzar\u00e1 el camino particular del Betis en la segunda parte del campeonato. 19 cap\u00edtulos hasta el pen\u00faltimo fin de semana de mayo. Enero llega repleto de ex\u00e1menes. Atenci\u00f3n a repartir entre LaLiga, Copa del Rey y competici\u00f3n continental. Sin perder de vista las semanas que quedan hasta el cierre del mercado invernal de fichajes.<\/p>\n<p>\nCambio de escenario\n<\/p>\n<p class=\"voc-p\" style=\"\">El sexto curso de Pellegrini comenz\u00f3 sin la presencia de Isco en las alineaciones por la lesi\u00f3n sufrida el 9 de agosto en un amistoso de pretemporada. En el arranque del campeonato, empate a domicilio ante el Elche (1-1). Aitor, tras culminar una asistencia de Riquelme, se convirti\u00f3 en el primer futbolista b\u00e9tico en ver porter\u00eda. Cuatro d\u00edas despu\u00e9s lleg\u00f3 un momento significativo. Primer partido en la nueva etapa del equipo verdiblanco en la Cartuja. Un solitario gol de Lo Celso hizo realidad el triunfo del Betis ante el Alav\u00e9s. 16 de los 29 puntos que tiene el equipo verdiblanco llegaron en encuentros disputados en la Cartuja. Adem\u00e1s del mencionado contra el Alav\u00e9s, el Betis gan\u00f3 los partidos ante la Real Sociedad (3-1), Osasuna (2-0), Mallorca (3-0) y Getafe (4-0). Perdi\u00f3 en las visitas del Athletic (1-2), Atl\u00e9tico de Madrid (0-2) y Barcelona (3-5) mientras que ante el Girona el resultado fue de 1-1. <\/p>\n<p>\nMuchos empates\n<\/p>\n<p class=\"voc-p\" style=\"\">El empate se ha convertido en algo habitual para el Betis. Ocho de los 19 encuentros disputados en la primera vuelta terminaron en reparto de puntos. La lectura e interpretaci\u00f3n del resultado var\u00eda en un campeonato que concede tres puntos por triunfo. El Betis ha vivido sensaciones opuestas. Termin\u00f3 empatando encuentros que se hab\u00edan complicado bastante en el marcador. Por ejemplo los disputados a domicilio ante el Levante (2-2) y el Villarreal (2-2) en los que el equipo verdiblanco lleg\u00f3 a ir perdiendo en ambas ocasiones por 2-0. Tambi\u00e9n evit\u00f3 la derrota en el tramo final de la referida visita del Girona a la Cartuja y en el encuentro del domingo ante el Oviedo en el Carlos Tartiere. Por el contrario no consigui\u00f3 el Betis mantener la ventaja inicial en partidos a domicilio que terminaron en empate a uno con el Elche, Celta y Valencia. <\/p>\n<p>\nA domicilio\n<\/p>\n<p class=\"voc-p\" style=\"\">Otra de las lecturas que se puede extraer de los muchos empates del equipo b\u00e9tico tiene relaci\u00f3n con el papel de visitante. El equipo dirigido por Pellegrini ha jugado diez partidos a domicilio en el campeonato y s\u00f3lo ha perdido ante el Real Madrid (5-1). Completan el balance siete empates y dos triunfos. Los dos partidos ganados tuvieron significado especial. El primero tuvo lugar a comienzos de octubre. Los goles de Cucho Hern\u00e1ndez y Abde remontaron el inicial de Pol Lozano para el <strong>Espanyol<\/strong>. En el tiempo de prolongaci\u00f3n del segundo tiempo, el guardameta b\u00e9tico Pau L\u00f3pez despej\u00f3 el penalti lanzado por Javi Puado. Seis jornadas despu\u00e9s, los goles de Fornals y Altimira en el segundo tiempo le dieron al Betis el triunfo en el derbi ante el <strong>Sevilla<\/strong> (0-2). En lo que va de campeonato, el equipo verdiblanco ha dejado la porter\u00eda a cero dos veces a domicilio y cuatro en partidos disputados en la Cartuja.<\/p>\n<p>\nNombres propios\n<\/p>\n<p class=\"voc-p\" style=\"\">Imposible perder de vista el enorme significado que tiene<strong> Isco<\/strong> para el Betis. Lo mucho que supone para el equipo verdiblanco dentro y fuera del terreno de juego. Su participaci\u00f3n en el c\u00e9sped en lo que va de temporada queda en poco m\u00e1s de media hora. El centrocampista volvi\u00f3 el 23 de noviembre, el d\u00eda en el que se anunci\u00f3 su ampliaci\u00f3n de contrato hasta 2028. Sustituy\u00f3 a Fornals a la hora de juego, cuando el Betis perd\u00eda con el Girona. Un lanzamiento de esquina del capit\u00e1n lo remat\u00f3 de cabeza Valent\u00edn G\u00f3mez para hacer el definitivo 1-1. Apenas cuatro d\u00edas despu\u00e9s, Isco volv\u00eda a ser titular aunque apenas estuvo unos minutos en el c\u00e9sped. La imagen del choque con su compa\u00f1ero <strong>Amrabat<\/strong> en los minutos iniciales del Betis-Utrecht tard\u00f3 poco en dar la vuelta al planeta futbol\u00edstico. <\/p>\n<p class=\"voc-p\" style=\"\">Entre los nombres propios del equipo verdiblanco en la primera parte del campeonato est\u00e1 el de <strong>Cucho Hern\u00e1ndez<\/strong>. El delantero, que sufri\u00f3 molestias y fue sustituido en los \u00faltimos minutos del partido del s\u00e1bado, es el m\u00e1ximo goleador del Betis en LaLiga. Ocho de los 31 goles del equipo verdiblanco llevaron su firma. A continuaci\u00f3n aparece <strong>Antony<\/strong>, con cinco. El rendimiento del brasile\u00f1o ha ido de m\u00e1s a menos. Se espera mucho de \u00e9l, sobre todo recordando el rendimiento ofrecido en sus primeros meses como futbolista b\u00e9tico. En esta temporada ha sido clave, por ejemplo, en el d\u00eda del empate con el Villarreal. Tambi\u00e9n iniciando con goles el camino del triunfo ante el Mallorca. Ha ofrecido asistencias, la \u00faltima de ellas el s\u00e1bado en Oviedo. Sin embargo las sensaciones que transmite, por ejemplo a la hora de buscar el regate, no son las mismas que en momentos anteriores. Tambi\u00e9n espera el Betis encontrar la mejor versi\u00f3n posible de <strong>Lo Celso<\/strong>, futbolista llamado a ser clave en el equipo. En la primera vuelta del equipo verdiblanco destac\u00f3 la aportaci\u00f3n de futbolistas como <strong>Fornals<\/strong>, convocado de nuevo con Espa\u00f1a. Tambi\u00e9n <strong>Abde<\/strong>, que volvi\u00f3 a mediados de septiembre ofreciendo velocidad por el costado izquierdo y que en estos momentos disputa con Marruecos la Copa \u00c1frica. <\/p>\n<p>\nTarea pendiente\n<\/p>\n<p class=\"voc-p\" style=\"\">\u00a0<\/p>\n<p class=\"voc-p\" style=\"\">El Betis es sexto en la clasificaci\u00f3n a la espera del partido Sevilla-Celta que este lunes completar\u00e1 la jornada. El equipo dirigido por Claudio Gir\u00e1ldez, s\u00e9ptimo en estos momentos, est\u00e1 a tres puntos de los verdiblancos. En la quinta posici\u00f3n se encuentra el Espanyol (con cinco puntos m\u00e1s que el Betis), mientras que la zona Champions queda ahora mismo a nueve puntos. El Atl\u00e9tico de Madrid es cuarto con 38 y el Villarreal, que tiene un partido pendiente todav\u00eda, cuenta con 41. Los 29 puntos que tiene el Betis mejoran las primeras vueltas realizadas en las dos temporadas anteriores. Por otro lado, si se toma como referencia lo ocurrido al final del campeonato pasado el Betis tendr\u00eda que mejorar sus n\u00fameros en la segunda vuelta para igualar los 60 puntos con los que termin\u00f3 en la sexta posici\u00f3n de la clasificaci\u00f3n. <\/p>\n<ul class=\"voc-list\">\n<li class=\"voc-list__item\">\n<strong>Temporada 20-21<\/strong><br \/>\n26 puntos\n<\/li>\n<li class=\"voc-list__item\">\n<strong>Temporada 21-22<\/strong><br \/>\n33 puntos\n<\/li>\n<li class=\"voc-list__item\">\n<strong>Temporada 22-23<\/strong><br \/>\n31 puntos\n<\/li>\n<li class=\"voc-list__item\">\n<strong>Temporada 23-24<\/strong><br \/>\n28 puntos\n<\/li>\n<li class=\"voc-list__item\">\n<strong>Temporada 24-25<\/strong><br \/>\n25 puntos\n<\/li>\n<\/ul>\n<p class=\"voc-p\" style=\"\">\u00a0<\/p>\n<ul class=\"voc-list\">\n<li class=\"voc-list__item\">\n<strong>Temporada 20-21<\/strong><br \/>\n61 puntos (sexto)\n<\/li>\n<li class=\"voc-list__item\">\n<strong>Temporada 21-22<\/strong><br \/>\n65 puntos (quinto)\n<\/li>\n<li class=\"voc-list__item\">\n<strong>Temporada 22-23<\/strong><br \/>\n60 puntos (sexto)\n<\/li>\n<li class=\"voc-list__item\">\n<strong>Temporada 23-24<\/strong><br \/>\n57 puntos (s\u00e9ptimo)\n<\/li>\n<li class=\"voc-list__item\">\n<strong>Temporada 24-25<\/strong><br \/>\n60 puntos (sexto)\n<\/li>\n<\/ul>\n<p class=\"voc-p\" style=\"\">El mejor balance del equipo verdiblanco en las primeras 19 jornadas del campeonato desde la llegada de Manuel Pellegrini a Heli\u00f3polis tuvo lugar en 2022. Entonces fueron 33 los puntos firmados por el Betis despu\u00e9s de diez triunfos, tres empates y seis derrotas. En aquella temporada 21-22 gan\u00f3 el equipo verdiblanco su primer partido en la cuarta jornada. Fue a domicilio ante el Granada por 1-2. Destac\u00f3 en aquella primera vuelta el tramo que fue desde finales de noviembre a mediados de diciembre en el que el equipo verdiblanco firm\u00f3 un doce de doce en puntos. Cuatro triunfos consecutivos en LaLiga en los partidos ante el Elche (0-3), Levante (3-1), Barcelona (0-1) y Real Sociedad (4-0). A los 33 puntos que ten\u00eda el Betis al final de aquella primera parte del campeonato se a\u00f1adieron 32 en la segunda vuelta. 65 en total tras las 38 jornadas del campeonato, la mejor puntuaci\u00f3n hasta el momento del equipo verdiblanco con Pellegrini de entrenador.<\/p>\n","protected":false},"excerpt":{"rendered":"El a\u00f1o futbol\u00edstico del Betis ha comenzado con dos partidos consecutivos a domicilio. Tras la derrota del 4&hellip;\n","protected":false},"author":2,"featured_media":336578,"comment_status":"","ping_status":"","sticky":false,"template":"","format":"standard","meta":{"footnotes":""},"categories":[268],"tags":[20294,168,25,24,280,282,660,417,22479,281,23,167,6420],"class_list":{"0":"post-336577","1":"post","2":"type-post","3":"status-publish","4":"format-standard","5":"has-post-thumbnail","7":"category-futbol","8":"tag-crecer","9":"tag-deportes","10":"tag-es","11":"tag-espana","12":"tag-football","13":"tag-futbol","14":"tag-llegar","15":"tag-obligado","16":"tag-pellegrini","17":"tag-soccer","18":"tag-spain","19":"tag-sports","20":"tag-zona"},"share_on_mastodon":{"url":"https:\/\/pubeurope.com\/@es\/115881632472358303","error":""},"_links":{"self":[{"href":"https:\/\/www.europesays.com\/es\/wp-json\/wp\/v2\/posts\/336577","targetHints":{"allow":["GET"]}}],"collection":[{"href":"https:\/\/www.europesays.com\/es\/wp-json\/wp\/v2\/posts"}],"about":[{"href":"https:\/\/www.europesays.com\/es\/wp-json\/wp\/v2\/types\/post"}],"author":[{"embeddable":true,"href":"https:\/\/www.europesays.com\/es\/wp-json\/wp\/v2\/users\/2"}],"replies":[{"embeddable":true,"href":"https:\/\/www.europesays.com\/es\/wp-json\/wp\/v2\/comments?post=336577"}],"version-history":[{"count":0,"href":"https:\/\/www.europesays.com\/es\/wp-json\/wp\/v2\/posts\/336577\/revisions"}],"wp:featuredmedia":[{"embeddable":true,"href":"https:\/\/www.europesays.com\/es\/wp-json\/wp\/v2\/media\/336578"}],"wp:attachment":[{"href":"https:\/\/www.europesays.com\/es\/wp-json\/wp\/v2\/media?parent=336577"}],"wp:term":[{"taxonomy":"category","embeddable":true,"href":"https:\/\/www.europesays.com\/es\/wp-json\/wp\/v2\/categories?post=336577"},{"taxonomy":"post_tag","embeddable":true,"href":"https:\/\/www.europesays.com\/es\/wp-json\/wp\/v2\/tags?post=336577"}],"curies":[{"name":"wp","href":"https:\/\/api.w.org\/{rel}","templated":true}]}}