{"id":336585,"date":"2026-01-12T10:26:06","date_gmt":"2026-01-12T10:26:06","guid":{"rendered":"https:\/\/www.europesays.com\/es\/336585\/"},"modified":"2026-01-12T10:26:06","modified_gmt":"2026-01-12T10:26:06","slug":"que-fue-de-los-elastica-el-grupo-alternativo-que-le-dio-un-zarpazo-al-britpop","status":"publish","type":"post","link":"https:\/\/www.europesays.com\/es\/336585\/","title":{"rendered":"Qu\u00e9 fue de los Elastica, el grupo alternativo que le dio un zarpazo al &#8216;britpop&#8217;"},"content":{"rendered":"<p class=\"c-paragraph\">Elastica es una de esas bandas que no necesitan presentaci\u00f3n para cualquier amante del rock alternativo de los 90. Surgida en Londres en 1992, se convirti\u00f3 en una referencia inmediata del <b>britpop\u00a0<\/b>y del indie de la d\u00e9cada gracias a un sonido directo, guitarrero y repleto de actitud punk\u00a0y new wave.<\/p>\n<p class=\"c-paragraph\">Fue <b>fundada por Justine Frischmann y Justin Welch<\/b> (tras dejar Suede), y completada por Donna Matthews y Annie Holland, formando un cuarteto que irrumpi\u00f3 con fuerza en la escena musical brit\u00e1nica.<\/p>\n<p class=\"c-paragraph\">Su primer sencillo, Stutter\u00a0(1993), prepar\u00f3 el terreno, pero fue <b>su \u00e1lbum hom\u00f3nimo de 1995<\/b>\u00a0el que consagr\u00f3 a Elastica: editado en marzo de ese a\u00f1o, elastica debut\u00f3 en el n\u00famero uno de las listas brit\u00e1nicas, convirti\u00e9ndose en el <b>disco debut que m\u00e1s r\u00e1pido se vendi\u00f3 en el Reino Unido <\/b>hasta ese momento, incluso por delante del Definitely Maybe\u00a0de Oasis. Canciones como Connection o Line Up\u00a0no solo fueron \u00e9xitos locales, sino que tambi\u00e9n llegaron a sonar con fuerza en el resto de Europa y en EE. UU.<\/p>\n<p class=\"c-paragraph\">La recepci\u00f3n fue extraordinaria: \u00e9xito en ventas, nominaci\u00f3n al <b>Mercury Prize<\/b>\u00a0y presencia constante en festivales y radio. No obstante, la historia de la banda tras ese estallido inicial fue turbulenta. La intensa gira y las presiones internas terminaron pasando factura: <b>Annie Holland abandon\u00f3 temporalmente la banda <\/b>el a\u00f1o del lanzamiento, cansada del ritmo de conciertos y de una lesi\u00f3n por esfuerzo repetitivo, lo que marc\u00f3 el inicio de una serie de problemas en la formaci\u00f3n.<\/p>\n<p class=\"c-paragraph\">A pesar de las expectativas, <b>su segundo \u00e1lbum, <\/b>The Menace, no cumpli\u00f3 con la misma energ\u00eda arrolladora del debut. Despu\u00e9s de a\u00f1os de cambios internos, luchas creativas y una escena musical brit\u00e1nica que ya empezaba a mirar m\u00e1s all\u00e1 del britpop, Elastica lanz\u00f3 este disco en 2000 con una <b>repercusi\u00f3n comercial y cr\u00edtica mucho m\u00e1s discreta<\/b>. El \u00e1lbum lleg\u00f3 al puesto 24 en las listas del Reino Unido, pero no logr\u00f3 revitalizar la carrera del grupo. Pocos meses despu\u00e9s, en 2001, la banda se disolvi\u00f3 de manera amistosa tras casi una d\u00e9cada de contrastes art\u00edsticos.<\/p>\n<p class=\"c-paragraph\">La ca\u00edda de Elastica no signific\u00f3 el final creativo para todos sus miembros, aunque s\u00ed marc\u00f3 el cierre de un cap\u00edtulo. Su l\u00edder, <b>Justine Frischmann<\/b>, se retir\u00f3 de la m\u00fasica despu\u00e9s de la separaci\u00f3n. Tras vivir un per\u00edodo complicado personal y profesional, se traslad\u00f3 a Estados Unidos, donde <b>estudi\u00f3 arte y desarroll\u00f3 una carrera como pintora abstracta<\/b>, mostrando en galer\u00edas su trabajo que, a menudo, refleja una est\u00e9tica arquitect\u00f3nica y contemplativa muy distinta del punk\u00a0afilado de Elastica.<\/p>\n<p class=\"c-paragraph\">En los \u00faltimos a\u00f1os, el legado de Elastica ha tenido <b>peque\u00f1os resurgimientos de atenci\u00f3n<\/b>. En 2025 se celebr\u00f3 el 30\u00ba aniversario de su \u00e1lbum debut con ediciones especiales en vinilo y reediciones que recuerdan la importancia hist\u00f3rica del grupo dentro del britpop.<\/p>\n<p class=\"c-paragraph\">Aunque la banda no volvi\u00f3 a grabar ni reunirse de forma oficial tras su separaci\u00f3n, su influencia pervive en el imaginario del rock brit\u00e1nico de los 90 y en la memoria de quienes vivieron de cerca aquel momento en que cuatro londinenses combinaron con \u00e9xito la urgencia punk con melod\u00edas pop inolvidables.<\/p>\n","protected":false},"excerpt":{"rendered":"Elastica es una de esas bandas que no necesitan presentaci\u00f3n para cualquier amante del rock alternativo de los&hellip;\n","protected":false},"author":2,"featured_media":336586,"comment_status":"","ping_status":"","sticky":false,"template":"","format":"standard","meta":{"footnotes":""},"categories":[170],"tags":[77102,146,147,25,24,11128,100,4417,184,185,2074,23],"class_list":{"0":"post-336585","1":"post","2":"type-post","3":"status-publish","4":"format-standard","5":"has-post-thumbnail","7":"category-musica","8":"tag-elastica","9":"tag-entertainment","10":"tag-entretenimiento","11":"tag-es","12":"tag-espana","13":"tag-fue","14":"tag-grupo","15":"tag-los","16":"tag-music","17":"tag-musica","18":"tag-que","19":"tag-spain"},"share_on_mastodon":{"url":"https:\/\/pubeurope.com\/@es\/115881652095554855","error":""},"_links":{"self":[{"href":"https:\/\/www.europesays.com\/es\/wp-json\/wp\/v2\/posts\/336585","targetHints":{"allow":["GET"]}}],"collection":[{"href":"https:\/\/www.europesays.com\/es\/wp-json\/wp\/v2\/posts"}],"about":[{"href":"https:\/\/www.europesays.com\/es\/wp-json\/wp\/v2\/types\/post"}],"author":[{"embeddable":true,"href":"https:\/\/www.europesays.com\/es\/wp-json\/wp\/v2\/users\/2"}],"replies":[{"embeddable":true,"href":"https:\/\/www.europesays.com\/es\/wp-json\/wp\/v2\/comments?post=336585"}],"version-history":[{"count":0,"href":"https:\/\/www.europesays.com\/es\/wp-json\/wp\/v2\/posts\/336585\/revisions"}],"wp:featuredmedia":[{"embeddable":true,"href":"https:\/\/www.europesays.com\/es\/wp-json\/wp\/v2\/media\/336586"}],"wp:attachment":[{"href":"https:\/\/www.europesays.com\/es\/wp-json\/wp\/v2\/media?parent=336585"}],"wp:term":[{"taxonomy":"category","embeddable":true,"href":"https:\/\/www.europesays.com\/es\/wp-json\/wp\/v2\/categories?post=336585"},{"taxonomy":"post_tag","embeddable":true,"href":"https:\/\/www.europesays.com\/es\/wp-json\/wp\/v2\/tags?post=336585"}],"curies":[{"name":"wp","href":"https:\/\/api.w.org\/{rel}","templated":true}]}}