{"id":336630,"date":"2026-01-12T10:56:12","date_gmt":"2026-01-12T10:56:12","guid":{"rendered":"https:\/\/www.europesays.com\/es\/336630\/"},"modified":"2026-01-12T10:56:12","modified_gmt":"2026-01-12T10:56:12","slug":"mas-carne-roja-menos-azucar-y-giro-en-el-consumo-de-alcohol","status":"publish","type":"post","link":"https:\/\/www.europesays.com\/es\/336630\/","title":{"rendered":"m\u00e1s carne roja, menos az\u00facar y giro en el consumo de alcohol"},"content":{"rendered":"<p>EE.UU. ha dado la vuelta, literalmente, a su pir\u00e1mide alimenticia. Las <strong>nuevas gu\u00edas diet\u00e9ticas publicadas\u00a0por los Departamentos de Salud y Agricultura<\/strong> recomiendan <strong>menos az\u00facares<\/strong>, un <strong>mayor consumo de prote\u00edna animal<\/strong>, como \u2014para sorpresa de muchos\u2014\u00a0carne roja, o la sugerencia de \u00ab<strong><a data-external=\"0\" data-intl-links-es=\"https:\/\/www.huleymantel.com\/despensa\/como-reducir-consumo-alcohol-sin-renunciar-vida-social-consejos-dos-expertas_103178_102.html\" href=\"https:\/\/www.huleymantel.com\/despensa\/como-reducir-consumo-alcohol-sin-renunciar-vida-social-consejos-dos-expertas_103178_102.html\" rel=\"follow nofollow noopener\" target=\"_self\" title=\"C\u00f3mo reducir el consumo de alcohol sin renunciar a la vida social: los consejos de dos expertas\">no beber alcohol en el desayuno<\/a><\/strong>\u00ab.<\/p>\n<p>El secretario de Salud, <strong>Robert F. Kennedy Jr.<\/strong>, asegur\u00f3 que el objetivo es \u00ab<strong>poner la comida real en el centro de la dieta<\/strong>\u00ab, respaldados por lo que llaman \u00abciencia de m\u00e1xima calidad\u00bb y \u00absentido com\u00fan\u00bb.\u00a0Pero ese sentido com\u00fan ha <strong>sorprendido a buena parte de la comunidad cient\u00edfica<\/strong>, que ve con escepticismo el regreso de alimentos que durante a\u00f1os fueron relegados a la categor\u00eda de ocasionales.<\/p>\n<p>Las gu\u00edas, actualizadas cada cinco a\u00f1os, influyen directamente en <strong>programas federales de <a data-external=\"0\" data-intl-links-es=\"https:\/\/www.huleymantel.com\/cuchillo\/comer-en-escuela-tabla-salvacion-alimentaria_103137_102.html\" href=\"https:\/\/www.huleymantel.com\/cuchillo\/comer-en-escuela-tabla-salvacion-alimentaria_103137_102.html\" rel=\"follow nofollow noopener\" target=\"_self\" title=\"Comer en la escuela: la tabla de salvaci\u00f3n alimentaria\">alimentaci\u00f3n escolar <\/a>y subsidios nutricionales<\/strong>, como la comida que se sirve en colegios, hospitales y prisiones, por lo que su impacto va mucho m\u00e1s all\u00e1 de la mesa familiar.<\/p>\n<p><img decoding=\"async\" loading=\"lazy\" src=\"https:\/\/www.europesays.com\/es\/wp-content\/uploads\/2026\/01\/foto-apertura-hule-y-mantel-laia-2026-01-08t111741-052.webp.webp\" alt=\"Platos peque\u00f1os, cartas m\u00e1s cortas y una experiencia m\u00e1s contenida marcan las tendencias 2026 en restaurantes \/ Pexels\" title=\"Platos peque\u00f1os, cartas m\u00e1s cortas y una experiencia m\u00e1s contenida marcan las tendencias 2026 en restaurantes \/ Pexels\" class=\"c-image__img\" width=\"120\" height=\"68\"\/><\/p>\n<p>La nueva pir\u00e1mide invertida \u00a0<\/p>\n<p>La nueva pir\u00e1mide propuesta por la Administraci\u00f3n cambia la tradicional composici\u00f3n visual de la dieta estadounidense. En la parte m\u00e1s ancha, ahora arriba, <strong>aparecen carnes, l\u00e1cteos y grasas \u00absaludables\u00bb, junto con frutas y verduras<\/strong>. Abajo, los cereales integrales.\u00a0 Lo primero que llama la atenci\u00f3n en la esquina superior izquierda es un filete, un cart\u00f3n de leche entera y una barra de mantequilla.\u00a0<\/p>\n<p><img decoding=\"async\" loading=\"lazy\" alt=\"Diversos cortes de carne roja de ternera \/ Canva\" data-id=\"531700\" data-resize=\"5\" height=\"371\" src=\"https:\/\/www.europesays.com\/es\/wp-content\/uploads\/2026\/01\/foto-apertura-hule-y-mantel-laia-2025-01-18t110035-258_5_659x371.webp.webp\" title=\"Diversos cortes de carne roja de ternera \/ Canva\" width=\"659\"\/>Diversos cortes de carne roja\u00a0 \/ Canva<\/p>\n<p>Aunque la<strong> carne roja<\/strong> puede formar parte de una dieta saludable, la Agencia Internacional para la Investigaci\u00f3n del C\u00e1ncer, junto a la Organizaci\u00f3n Mundial de la Salud, de la que EE.UU. se ha retirado, han clasificado su <strong>consumo como \u00abposiblemente cancer\u00edgeno\u00bb<\/strong>.\u00a0<\/p>\n<p>Tambi\u00e9n destaca la lista de \u00ab<strong>grasas saludables<\/strong>\u00bb que aparece en el documento \u2014de tan solo 10 p\u00e1ginas\u2014\u00a0donde<strong> mencionan como alternativas \u00absanas\u00bb el uso de <a data-external=\"0\" data-intl-links-es=\"https:\/\/www.huleymantel.com\/despensa\/unica-mantequilla-made-in-barcelona-se-elabora-artesanalmente-en-barrio-gracia_102423_102.html\" href=\"https:\/\/www.huleymantel.com\/despensa\/unica-mantequilla-made-in-barcelona-se-elabora-artesanalmente-en-barrio-gracia_102423_102.html\" rel=\"follow nofollow noopener\" target=\"_self\" title=\"La \u00fanica mantequilla &#039;made in Barcelona&#039; se elabora artesanalmente en el barrio de Gr\u00e0cia\">mantequilla<\/a> y el sebo de res para cocinar<\/strong> alimentos, productos muy populares entre los defensores de las pol\u00edticas de Kennedy.\u00a0La prestigiosa revista JAMA public\u00f3 un estudio en 2025 que asocia un mayor consumo de mantequilla a un <strong>aumento de la mortalidad total<\/strong>.\u00a0<\/p>\n<p>El secretario de Salud ha enmarcado estas recomendaciones en el movimiento &#8216;<strong>Make America Healthy Again<\/strong>&#8216;, (Hacer que Estados Unidos vuelva a estar sano).<\/p>\n<p>Un empuj\u00f3n al campo y a las prote\u00ednas\u00a0<\/p>\n<p>\u00abEstamos reestructurando nuestro sistema alimentario para <strong>apoyar a los agricultores, ganaderos y empresas estadounidenses<\/strong> que cultivan y producen alimentos de verdad\u00bb, detallan las nuevas recomendaciones, lo que supone un empuj\u00f3n a las prote\u00ednas de origen animal y a su comercializaci\u00f3n.\u00a0<\/p>\n<p>Seg\u00fan las cifras, las pautas <strong>priorizan el consumo de prote\u00edna en cada comida<\/strong>, entre 1,2 y 1,6 gramos por kilo de peso corporal, lo que supone un aumento de entre un 50% y un 100% con respecto a lo recomendado en directrices anteriores.\u00a0<\/p>\n<p><img decoding=\"async\" loading=\"lazy\" src=\"https:\/\/www.europesays.com\/es\/wp-content\/uploads\/2026\/01\/foto-apertura-hule-y-mantel-laia-2026-01-03t112231-416.webp.webp\" alt=\"Ni\u00f1a comiendo 'Fast food' o 'comida basura' \/ Canva\" title=\"Ni\u00f1a comiendo 'Fast food' o 'comida basura' \/ Canva\" class=\"c-image__img\" width=\"120\" height=\"68\"\/><\/p>\n<p>El consumo de alcohol \u00a0<\/p>\n<p>Las gu\u00edas tambi\u00e9n se refieren al consumo de alcohol, pero no establecen l\u00edmites espec\u00edficos para estas bebidas: \u00ab<strong>El alcohol es un lubricante social que une a las personas<\/strong>\u00ab, declar\u00f3 el famoso m\u00e9dico televisivo Mehmet Oz, director del programa sanitario Medicare, tras lo que a\u00f1adi\u00f3 que la implicaci\u00f3n de las nuevas directrices con respecto al alcohol es \u00ab<strong>no consumirlo en el desayuno<\/strong>\u00ab.<\/p>\n<p>En el documento, las directrices son un tanto vagas y tan solo mencionan que consumir menos alcohol es mejor para la salud. \u00bfPero mejor con respecto a qu\u00e9? Lo \u00fanico que subrayan es que <strong>las embarazadas y personas en tratamiento por alcoholismo eviten por completo su consumo<\/strong>.\u00a0<\/p>\n<p>Un sondeo nacional de la encuestadora Gallup en 2025 report\u00f3 que el porcentaje de adultos que dicen beber alcohol en EE.UU. cay\u00f3 al 54%, el nivel m\u00e1s bajo en varias d\u00e9cadas, y resalta que \u00ab<strong>los m\u00e1s j\u00f3venes beben menos<\/strong>\u00ab.\u00a0<\/p>\n<p>Limitar los ultraprocesados y el az\u00facar \u00a0<\/p>\n<p>Uno de los objetivos primordiales de las recomendaciones abanderadas por Kennedy Jr. es la de <strong>reducir el consumo de ultraprocesados y de az\u00facares <\/strong>en EE.UU. De media, los estadounidenses obtienen algo m\u00e1s de la mitad de las calor\u00edas que consumen a diario de alimentos ultraprocesados, muy por encima de las medias que se estiman en Latinoam\u00e9rica (en torno al 20%) o Europa (alrededor del 30%).\u00a0<\/p>\n<p><img decoding=\"async\" loading=\"lazy\" alt=\"Mujer consultando los ingredientes de una bolsa de snacks ultraprocesados \/ Canva\" data-id=\"386449\" data-resize=\"5\" height=\"371\" src=\"https:\/\/www.europesays.com\/es\/wp-content\/uploads\/2026\/01\/diseno-sin-titulo-2022-12-07t132541-132_5_659x371.png\" title=\"Mujer consultando los ingredientes de una bolsa de snacks ultraprocesados \/ Canva\" width=\"659\"\/>Mujer consultando los ingredientes de una bolsa de snacks ultraprocesados \/ Canva<\/p>\n<p>A su vez, el 13% de su <strong>ingesta cal\u00f3rica procede de az\u00facares a\u00f1adidos<\/strong>, similar a las medias de Latinoam\u00e9rica y unos cuatro puntos porcentuales por encima de los niveles que se calculan en los pa\u00edses europeos.\u00a0<\/p>\n<p>\u00abNuestro Gobierno declara la guerra al az\u00facar a\u00f1adido. Los alimentos altamente procesados, cargados de aditivos, az\u00facar y exceso de sal, da\u00f1an la salud y deben evitarse. Nuestro mensaje es claro: <strong>comed alimentos de verdad<\/strong>\u00ab, declar\u00f3 Robert F. Kennedy en una rueda de prensa en la Casa Blanca.\u00a0<\/p>\n","protected":false},"excerpt":{"rendered":"EE.UU. ha dado la vuelta, literalmente, a su pir\u00e1mide alimenticia. Las nuevas gu\u00edas diet\u00e9ticas publicadas\u00a0por los Departamentos de&hellip;\n","protected":false},"author":2,"featured_media":336631,"comment_status":"","ping_status":"","sticky":false,"template":"","format":"standard","meta":{"footnotes":""},"categories":[42],"tags":[17,18,13,14,11,61,62,63,64,19,20,9,10,15,16,12,21,22,65,66,67],"class_list":{"0":"post-336630","1":"post","2":"type-post","3":"status-publish","4":"format-standard","5":"has-post-thumbnail","7":"category-internacional","8":"tag-breaking-news","9":"tag-breakingnews","10":"tag-featured-news","11":"tag-featurednews","12":"tag-headlines","13":"tag-internacional","14":"tag-international","15":"tag-international-news","16":"tag-internationalnews","17":"tag-latest-news","18":"tag-latestnews","19":"tag-news","20":"tag-noticias","21":"tag-noticias-destacadas","22":"tag-noticiasdestacadas","23":"tag-titulares","24":"tag-ultimas-noticias","25":"tag-ultimasnoticias","26":"tag-world","27":"tag-world-news","28":"tag-worldnews"},"share_on_mastodon":{"url":"","error":""},"_links":{"self":[{"href":"https:\/\/www.europesays.com\/es\/wp-json\/wp\/v2\/posts\/336630","targetHints":{"allow":["GET"]}}],"collection":[{"href":"https:\/\/www.europesays.com\/es\/wp-json\/wp\/v2\/posts"}],"about":[{"href":"https:\/\/www.europesays.com\/es\/wp-json\/wp\/v2\/types\/post"}],"author":[{"embeddable":true,"href":"https:\/\/www.europesays.com\/es\/wp-json\/wp\/v2\/users\/2"}],"replies":[{"embeddable":true,"href":"https:\/\/www.europesays.com\/es\/wp-json\/wp\/v2\/comments?post=336630"}],"version-history":[{"count":0,"href":"https:\/\/www.europesays.com\/es\/wp-json\/wp\/v2\/posts\/336630\/revisions"}],"wp:featuredmedia":[{"embeddable":true,"href":"https:\/\/www.europesays.com\/es\/wp-json\/wp\/v2\/media\/336631"}],"wp:attachment":[{"href":"https:\/\/www.europesays.com\/es\/wp-json\/wp\/v2\/media?parent=336630"}],"wp:term":[{"taxonomy":"category","embeddable":true,"href":"https:\/\/www.europesays.com\/es\/wp-json\/wp\/v2\/categories?post=336630"},{"taxonomy":"post_tag","embeddable":true,"href":"https:\/\/www.europesays.com\/es\/wp-json\/wp\/v2\/tags?post=336630"}],"curies":[{"name":"wp","href":"https:\/\/api.w.org\/{rel}","templated":true}]}}