{"id":336666,"date":"2026-01-12T11:26:08","date_gmt":"2026-01-12T11:26:08","guid":{"rendered":"https:\/\/www.europesays.com\/es\/336666\/"},"modified":"2026-01-12T11:26:08","modified_gmt":"2026-01-12T11:26:08","slug":"el-canadiense-raonic-anuncia-su-retirada","status":"publish","type":"post","link":"https:\/\/www.europesays.com\/es\/336666\/","title":{"rendered":"El canadiense Raonic anuncia su retirada"},"content":{"rendered":"<p class=\"\">El tenista canadiense <b>Milos Raonic, que hace diez a\u00f1os lleg\u00f3 a ser n\u00famero tres del mundo, <\/b>gan\u00f3 ocho t\u00edtulos en el circuito ATP y que jug\u00f3 su \u00faltimo partido en los Juegos de Par\u00eds 2024, <b>ha anunciado su retirada.<\/b><\/p>\n<p class=\"\"><b>\u201cHa llegado el momento, <\/b>me retiro del tenis. Es un momento que sabes que llegar\u00e1 alg\u00fan d\u00eda, pero <b>por alguna raz\u00f3n nunca te sientes preparado para ello. Ahora estoy m\u00e1s preparado que nunca\u201d, <\/b>expres\u00f3 el norteamericano nacido en Montenegro hace <b>35 a\u00f1os.<\/b><\/p>\n<p class=\"\">\u201cEl tenis ha sido mi pasi\u00f3n y mi obsesi\u00f3n durante la mayor parte de mi vida. <b>He sido la persona m\u00e1s afortunada por haber podido vivir y cumplir mis sue\u00f1os. <\/b>He podido acudir cada d\u00eda y centrarme solo en mejorar, ver ad\u00f3nde me llevaba eso y jugar a un deporte que descubr\u00ed a los 8 a\u00f1os por pura casualidad. De alguna manera, <b>se convirti\u00f3 en mi obsesi\u00f3n y mi infancia, y luego en mi profesi\u00f3n y mi vida\u201d, <\/b>expres\u00f3 en un emotivo mensaje.<\/p>\n<p class=\"\">Adem\u00e1s de agradecer a aficionados, entrenadores, a su equipo, a la ATP, a la Federaci\u00f3n Internacional, organizadores de torneos, rivales, Canad\u00e1 y su familia, <b>indic\u00f3 que a partir de ahora no va \u201ca bajar el ritmo\u201d.<\/b><\/p>\n<p class=\"\">\u201cMe queda mucha vida por delante y estoy tan motivado y con tantas ganas como en 2011, cuando di el salto en el circuito. <b>Pondr\u00e9 el mismo esfuerzo e intensidad en lo que venga despu\u00e9s. <\/b>Si puedo perseguir la misma excelencia que en el tenis, simplemente intentando ser mejor cada d\u00eda, ya veremos a d\u00f3nde me lleva\u201d, apunt\u00f3.<\/p>\n<p>Noticias relacionadas<\/p>\n<p class=\"\"><b>Raonic, campe\u00f3n por \u00faltima vez en Brisbane 2016, alcanz\u00f3 la final en Wimbledon 2016 y de cuatro Masters 1000<\/b> (Canad\u00e1 2013, Par\u00eds 2014, Indian Wells 2016 y Cincinnati 2020). En su amplio recorrido <b>consigui\u00f3 vencer a tres de los cuatro miembros del \u2018Big-4\u2019:<\/b> el suizo <b>Roger Federer, <\/b>el espa\u00f1ol <b>Rafa Nadal y<\/b> el brit\u00e1nico <b>Andy Murray.<\/b><\/p>\n<p class=\"\"><b>\u00a1Tus opiniones importan!<\/b> Comenta en los art\u00edculos y suscr\u00edbete gratis a nuestra <a href=\"https:\/\/asfan.as.com\/newsletters\/\" target=\"_blank\" rel=\"nofollow noopener\" title=\"https:\/\/asfan.as.com\/newsletters\/\">newsletter<\/a> y a las alertas informativas en la <a href=\"https:\/\/as.com\/aplicacion-de-as-n\/\" target=\"_blank\" rel=\"nofollow noopener\" title=\"https:\/\/as.com\/aplicacion-de-as-n\/\">App<\/a> o el canal de <a href=\"https:\/\/www.whatsapp.com\/channel\/0029VaAasdA7j6g745nz9M10\" target=\"_blank\" rel=\"nofollow noopener\" title=\"https:\/\/www.whatsapp.com\/channel\/0029VaAasdA7j6g745nz9M10\">WhatsApp<\/a>. \u00bfBuscas licenciar contenido? Haz clic <a href=\"https:\/\/profesional.elpais.com\/soluciones-sindicacion?utm_medium=interno&amp;utm_source=crosslinking&amp;utm_campaign=sindicacion_as_pie_articulos\" target=\"_blank\" rel=\"nofollow noopener\" title=\"https:\/\/profesional.elpais.com\/soluciones-sindicacion?utm_medium=interno&amp;utm_source=crosslinking&amp;utm_campaign=sindicacion_as_pie_articulos\">aqu\u00ed<\/a><\/p>\n","protected":false},"excerpt":{"rendered":"El tenista canadiense Milos Raonic, que hace diez a\u00f1os lleg\u00f3 a ser n\u00famero tres del mundo, gan\u00f3 ocho&hellip;\n","protected":false},"author":2,"featured_media":336667,"comment_status":"","ping_status":"","sticky":false,"template":"","format":"standard","meta":{"footnotes":""},"categories":[274],"tags":[168,25,24,23,167,327,326],"class_list":{"0":"post-336666","1":"post","2":"type-post","3":"status-publish","4":"format-standard","5":"has-post-thumbnail","7":"category-tenis","8":"tag-deportes","9":"tag-es","10":"tag-espana","11":"tag-spain","12":"tag-sports","13":"tag-tenis","14":"tag-tennis"},"share_on_mastodon":{"url":"https:\/\/pubeurope.com\/@es\/115881887847079695","error":""},"_links":{"self":[{"href":"https:\/\/www.europesays.com\/es\/wp-json\/wp\/v2\/posts\/336666","targetHints":{"allow":["GET"]}}],"collection":[{"href":"https:\/\/www.europesays.com\/es\/wp-json\/wp\/v2\/posts"}],"about":[{"href":"https:\/\/www.europesays.com\/es\/wp-json\/wp\/v2\/types\/post"}],"author":[{"embeddable":true,"href":"https:\/\/www.europesays.com\/es\/wp-json\/wp\/v2\/users\/2"}],"replies":[{"embeddable":true,"href":"https:\/\/www.europesays.com\/es\/wp-json\/wp\/v2\/comments?post=336666"}],"version-history":[{"count":0,"href":"https:\/\/www.europesays.com\/es\/wp-json\/wp\/v2\/posts\/336666\/revisions"}],"wp:featuredmedia":[{"embeddable":true,"href":"https:\/\/www.europesays.com\/es\/wp-json\/wp\/v2\/media\/336667"}],"wp:attachment":[{"href":"https:\/\/www.europesays.com\/es\/wp-json\/wp\/v2\/media?parent=336666"}],"wp:term":[{"taxonomy":"category","embeddable":true,"href":"https:\/\/www.europesays.com\/es\/wp-json\/wp\/v2\/categories?post=336666"},{"taxonomy":"post_tag","embeddable":true,"href":"https:\/\/www.europesays.com\/es\/wp-json\/wp\/v2\/tags?post=336666"}],"curies":[{"name":"wp","href":"https:\/\/api.w.org\/{rel}","templated":true}]}}