{"id":336682,"date":"2026-01-12T11:38:08","date_gmt":"2026-01-12T11:38:08","guid":{"rendered":"https:\/\/www.europesays.com\/es\/336682\/"},"modified":"2026-01-12T11:38:08","modified_gmt":"2026-01-12T11:38:08","slug":"como-han-terminado-las-ccaa-esta-primera-ola-de-gripe","status":"publish","type":"post","link":"https:\/\/www.europesays.com\/es\/336682\/","title":{"rendered":"\u00bfC\u00f3mo han terminado las CCAA esta primera ola de gripe?"},"content":{"rendered":"<p>            <a href=\"https:\/\/gacetamedica.com\/wp-content\/uploads\/2026\/01\/1763388886047vacunaCovidEst.jpg\" data-caption=\"\" rel=\"nofollow noopener\" target=\"_blank\"><img loading=\"lazy\" decoding=\"async\" width=\"696\" height=\"410\" class=\"entry-thumb td-modal-image\" src=\"https:\/\/www.europesays.com\/es\/wp-content\/uploads\/2026\/01\/1763388886047vacunaCovidEst-696x410.jpg\"   alt=\"\" title=\"\"\/><\/a><\/p>\n<p>La primera gran batalla contra los virus respiratorios de la temporada 2025-2026 est\u00e1 ofreciendo una de cal y otra de arena a los sistemas de salud espa\u00f1oles. Tras semanas de intensa presi\u00f3n, el pa\u00eds se encuentra en un punto de inflexi\u00f3n donde la <strong>prevenci\u00f3n mediante la vacunaci\u00f3n<\/strong> se ha erigido como el muro de contenci\u00f3n fundamental para evitar el colapso de las estructuras sanitarias. Mientras los centros de salud comienzan a ver la luz al final del t\u00fanel, los hospitales todav\u00eda lidian con las consecuencias de las celebraciones navide\u00f1as.<\/p>\n<p><strong>Menos contagios, pero m\u00e1s ingresos<\/strong><\/p>\n<p>Para entender lo que ocurre en las autonom\u00edas, es vital mirar el mapa general que dibuja el <strong>Sistema de Vigilancia de Infecci\u00f3n Respiratoria Aguda (SiVIRA)<\/strong>. Los \u00faltimos datos confirman que la <strong>gripe es el virus predominante<\/strong> en Espa\u00f1a, aunque su transmisi\u00f3n est\u00e1 perdiendo fuerza. En la primera semana de 2026, la tasa nacional de s\u00edndrome gripal en Atenci\u00f3n Primaria descendi\u00f3 a <strong>84,1 casos por cada 100.000 habitantes<\/strong>, frente a los 106 de la semana anterior.<\/p>\n<p>Sin embargo, esta tregua en los centros de salud no se traslada todav\u00eda a los hospitales. El informe SiVIRA revela una <strong>paradoja asistencial<\/strong>: mientras la incidencia baja en la calle, la <strong>tasa de hospitalizaci\u00f3n por infecci\u00f3n respiratoria grave ha subido<\/strong> de 23,7 a 25,7 casos por 100.000 habitantes. El impacto cl\u00ednico no es menor, ya que desde el inicio de la temporada, el 20% de los ingresados por gripe han desarrollado neumon\u00eda, con una <strong>letalidad del 4,6%<\/strong>. En este escenario, el COVID-19 se mantiene en niveles residuales, mientras que el <strong>Virus Respiratorio Sincitial (VRS)<\/strong> muestra una preocupante tendencia ascendente en el \u00e1mbito hospitalario.<\/p>\n<p>En la <strong>Comunidad de Madrid<\/strong>, la estrategia de facilitar el acceso a la inmunizaci\u00f3n ha dado frutos tangibles. La regi\u00f3n ha logrado vacunar a <strong>m\u00e1s de 1,57 millones de personas<\/strong>, lo que supone un<strong> incremento del 8,8%<\/strong> respecto al a\u00f1o pasado. Un pilar clave ha sido el dispositivo especial del Hospital Isabel Zendal, que permiti\u00f3 la vacunaci\u00f3n sin cita previa para adultos, una medida que ha beneficiado a 15.695 madrile\u00f1os desde finales de noviembre.<\/p>\n<p>Gracias a este empuje, la incidencia en Madrid se ha desplomado un <strong>24% en una semana<\/strong>, situ\u00e1ndose en 71 casos por cada 100.000 habitantes. No obstante, la consejera F\u00e1tima Matute ha pedido prudencia, manteniendo la recomendaci\u00f3n de usar <strong>mascarilla en centros sanitarios, residencias y transporte p\u00fablico<\/strong> ante la presencia de s\u00edntomas. Especialmente positivo es el dato de la <strong>vacunaci\u00f3n infantil<\/strong>, que ha subido un 7% hasta alcanzar una cobertura del 42% en los m\u00e1s peque\u00f1os.<\/p>\n<p>La <strong>Comunitat Valenciana<\/strong> ha protagonizado uno de los crecimientos m\u00e1s robustos en inmunizaci\u00f3n, con un <strong>aumento del 14% en las dosis administradas<\/strong>. El conseller Marciano G\u00f3mez ha destacado que este dato refleja una mayor sensibilizaci\u00f3n de la ciudadan\u00eda ante una enfermedad que este a\u00f1o ha seguido un patr\u00f3n de <strong>\u00abdoble pico\u00bb<\/strong>: un primer ascenso prenavide\u00f1o y un repunte tras las fiestas.<\/p>\n<p>A pesar del \u00e9xito de la campa\u00f1a, la presi\u00f3n en los hospitales valencianos sigue siendo elevada, con \u00edndices de <strong>ocupaci\u00f3n de entre el 90% y el 95%<\/strong>. Para dar respuesta a esta situaci\u00f3n, la Generalitat ha reforzado las estructuras de personal y el n\u00famero de camas, buscando una atenci\u00f3n \u00abr\u00e1pida, din\u00e1mica y eficaz\u00bb. G\u00f3mez, con m\u00e1s de 40 a\u00f1os de experiencia m\u00e9dica, ha recordado que la <strong>prevenci\u00f3n es el pilar b\u00e1sico<\/strong> para gestionar estas fases de alta frecuentaci\u00f3n habituales en invierno.<\/p>\n<p><strong>Andaluc\u00eda<\/strong> presenta las cifras de vacunaci\u00f3n m\u00e1s voluminosas del pa\u00eds, con casi <strong>1,9 millones de personas protegidas contra la gripe<\/strong> y m\u00e1s de 770.000 contra el COVID-19. Aunque la incidencia de infecciones respiratorias agudas ha bajado ligeramente a <strong>286,2 casos<\/strong>, el consejero Antonio Sanz advierte que todav\u00eda estamos en una \u00abetapa compleja que requiere cautela\u00bb, especialmente porque los datos de los festivos pueden camuflar la realidad epidemiol\u00f3gica.<\/p>\n<p>Adem\u00e1s, han logrado una <strong>cobertura del 94,6% en la inmunizaci\u00f3n frente al VRS de lactantes<\/strong> nacidos desde abril de 2025, protegiendo a casi 42.000 menores. Esta estrategia es vital para aliviar las urgencias pedi\u00e1tricas, ya que el VRS sigue siendo el principal causante de la bronquiolitis. En cuanto a medidas preventivas, Andaluc\u00eda ha prorrogado la recomendaci\u00f3n de mascarillas en centros de salud y su obligatoriedad en hospitales con planes de alta frecuentaci\u00f3n activados.<\/p>\n<p>En <strong>Arag\u00f3n<\/strong>, la incidencia se sit\u00faa en <strong>100,7 casos<\/strong>, con un descenso generalizado en Huesca, Zaragoza y Teruel. Pese a la mejora, el Gobierno regional mantiene el <strong>nivel 2 de riesgo<\/strong>, lo que implica un refuerzo de las medidas preventivas y el uso obligatorio de mascarilla para profesionales sanitarios. El mensaje aragon\u00e9s es claro: la vacunaci\u00f3n es la herramienta principal para reducir los ingresos hospitalarios, que nacionalmente siguen al alza seg\u00fan el SiVIRA.<\/p>\n<p>Por el contrario, <strong>Catalu\u00f1a<\/strong> ha optado por la desescalada en las restricciones. Tras tres semanas de descenso sostenido y con una incidencia de 248 casos, la Generalitat ha <strong>retirado la obligatoriedad de la mascarilla<\/strong> en centros sanitarios y residencias desde el 7 de enero. La regi\u00f3n ha alcanzado el <strong>umbral basal de transmisi\u00f3n<\/strong>, lo que permite relajar las medidas, aunque se sigue recomendando el uso de protecci\u00f3n a cualquier persona que presente s\u00edntomas respiratorios para proteger a los vulnerables.<\/p>\n<p>El balance de esta primera ola deja una lecci\u00f3n clara: la vacunaci\u00f3n no solo protege al individuo, sino que es el engranaje que permite que el sistema de salud no se detenga. Aunque la transmisi\u00f3n en las calles parece dar un respiro, la gravedad de los casos hospitalizados nos recuerda que el virus sigue presente y con fuerza. Aunque la inercia de la primera ola todav\u00eda mantiene a los hospitales bajo presi\u00f3n, la aplicaci\u00f3n de la vacuna ha permitido mantener bajo control el incremento de casos.<\/p>\n<p><strong>Tambi\u00e9n te puede interesar\u2026<\/strong><\/p>\n","protected":false},"excerpt":{"rendered":"La primera gran batalla contra los virus respiratorios de la temporada 2025-2026 est\u00e1 ofreciendo una de cal y&hellip;\n","protected":false},"author":2,"featured_media":336683,"comment_status":"","ping_status":"","sticky":false,"template":"","format":"standard","meta":{"footnotes":""},"categories":[92],"tags":[25,24,165,166,23],"class_list":{"0":"post-336682","1":"post","2":"type-post","3":"status-publish","4":"format-standard","5":"has-post-thumbnail","7":"category-salud","8":"tag-es","9":"tag-espana","10":"tag-health","11":"tag-salud","12":"tag-spain"},"share_on_mastodon":{"url":"https:\/\/pubeurope.com\/@es\/115881935084884930","error":""},"_links":{"self":[{"href":"https:\/\/www.europesays.com\/es\/wp-json\/wp\/v2\/posts\/336682","targetHints":{"allow":["GET"]}}],"collection":[{"href":"https:\/\/www.europesays.com\/es\/wp-json\/wp\/v2\/posts"}],"about":[{"href":"https:\/\/www.europesays.com\/es\/wp-json\/wp\/v2\/types\/post"}],"author":[{"embeddable":true,"href":"https:\/\/www.europesays.com\/es\/wp-json\/wp\/v2\/users\/2"}],"replies":[{"embeddable":true,"href":"https:\/\/www.europesays.com\/es\/wp-json\/wp\/v2\/comments?post=336682"}],"version-history":[{"count":0,"href":"https:\/\/www.europesays.com\/es\/wp-json\/wp\/v2\/posts\/336682\/revisions"}],"wp:featuredmedia":[{"embeddable":true,"href":"https:\/\/www.europesays.com\/es\/wp-json\/wp\/v2\/media\/336683"}],"wp:attachment":[{"href":"https:\/\/www.europesays.com\/es\/wp-json\/wp\/v2\/media?parent=336682"}],"wp:term":[{"taxonomy":"category","embeddable":true,"href":"https:\/\/www.europesays.com\/es\/wp-json\/wp\/v2\/categories?post=336682"},{"taxonomy":"post_tag","embeddable":true,"href":"https:\/\/www.europesays.com\/es\/wp-json\/wp\/v2\/tags?post=336682"}],"curies":[{"name":"wp","href":"https:\/\/api.w.org\/{rel}","templated":true}]}}