{"id":336696,"date":"2026-01-12T11:49:22","date_gmt":"2026-01-12T11:49:22","guid":{"rendered":"https:\/\/www.europesays.com\/es\/336696\/"},"modified":"2026-01-12T11:49:22","modified_gmt":"2026-01-12T11:49:22","slug":"sufrir-y-estar-preparado-es-determinante-para-el-exito-profesional","status":"publish","type":"post","link":"https:\/\/www.europesays.com\/es\/336696\/","title":{"rendered":"Sufrir y estar preparado es determinante para el \u00e9xito profesional"},"content":{"rendered":"<p class=\"c-paragraph\"><a href=\"https:\/\/www.20minutos.es\/tags\/deportes\/toni-nadal.html\" rel=\"nofollow noopener\" target=\"_blank\">Toni Nadal<\/a>, t\u00edo y extrenador de <a href=\"https:\/\/www.20minutos.es\/tags\/deportes\/rafa-nadal.html\" rel=\"nofollow noopener\" target=\"_blank\">Rafa Nadal<\/a>\u00a0durante gran parte de su carrera profesional, mantuvo una charla con Jordi Vidal, CoFundador de UDON e influencia, sobre los valores en el deporte y <b>la importancia de saber sufrir <\/b>para poder plantar cara a ciertos momento de tensi\u00f3n y salir airoso de ellos tanto en la vida como en el \u00e1mbito deportivo.<\/p>\n<p class=\"c-paragraph\">El t\u00e9cnico balear hizo referencia a una cita del fil\u00f3sofo San Agust\u00edn para explicar que en la vida tambi\u00e9n hay que saber sufrir para poder llegar al \u00e9xito.\u00a0\u00abSan Agust\u00edn lo dec\u00eda: e<b>s muy malo sufrir y muy bueno haber sufrido. <\/b>Si en esta vida esperas que todo est\u00e9 a tu gusto&#8230; te llevar\u00e1s muchos disgustos, y eso es una realidad\u00bb.\u00a0<\/p>\n<p class=\"c-paragraph\">\u00abSi t\u00fa no est\u00e1s acostumbrado a sufrir nunca, en la vida habr\u00e1 este tipo de momentos, salvo que en unos 20, 30 o 40 a\u00f1os, gracias a la Inteligencia Artificial, todo cambie. Sin embargo, <b>hasta el momento es casi imposible que todas las cosas salgan a pedir de boca<\/b>\u00ab, explic\u00f3.\u00a0<\/p>\n<p class=\"c-paragraph\">Por \u00faltimo, para detallarlo puso como ejemplo el <b>enfrentamiento entre Rafa Nadal y <a href=\"https:\/\/www.20minutos.es\/tags\/deportes\/novak-djokovic.html\" rel=\"nofollow noopener\" target=\"_blank\">Novak Djokovic<\/a><\/b>, una de las mayores batallas en la historia del tenis, y explic\u00f3 uno de los puntos m\u00e1s destacados en su m\u00e9todo de trabajo.\u00a0<\/p>\n<p class=\"c-paragraph\">\u00abCuando Rafa Nadal sal\u00eda a jugar una final de <a href=\"https:\/\/www.20minutos.es\/tags\/deportes\/roland-garros.html\" rel=\"nofollow noopener\" target=\"_blank\">Roland-Garros<\/a>, y sale contra Novak Djokovic&#8230; solo uno puede ganar. Es una situaci\u00f3n donde en m\u00e1s de una ocasi\u00f3n vas a salir derrotado, y debes estar preparado para afrontarlo. Creo que sufrir y estar preparado es determinante para el \u00e9xito en lo profesional y sobre todo en el desarrollo personal. <b>Yo siempre busqu\u00e9 el \u00e9xito profesional a trav\u00e9s del desarrollo personal<\/b>\u00ab, concluy\u00f3.\u00a0<\/p>\n","protected":false},"excerpt":{"rendered":"Toni Nadal, t\u00edo y extrenador de Rafa Nadal\u00a0durante gran parte de su carrera profesional, mantuvo una charla con&hellip;\n","protected":false},"author":2,"featured_media":336697,"comment_status":"","ping_status":"","sticky":false,"template":"","format":"standard","meta":{"footnotes":""},"categories":[274],"tags":[168,25,24,6894,23,167,327,326,6895],"class_list":{"0":"post-336696","1":"post","2":"type-post","3":"status-publish","4":"format-standard","5":"has-post-thumbnail","7":"category-tenis","8":"tag-deportes","9":"tag-es","10":"tag-espana","11":"tag-rafa-nadal","12":"tag-spain","13":"tag-sports","14":"tag-tenis","15":"tag-tennis","16":"tag-toni-nadal"},"share_on_mastodon":{"url":"https:\/\/pubeurope.com\/@es\/115881978265935029","error":""},"_links":{"self":[{"href":"https:\/\/www.europesays.com\/es\/wp-json\/wp\/v2\/posts\/336696","targetHints":{"allow":["GET"]}}],"collection":[{"href":"https:\/\/www.europesays.com\/es\/wp-json\/wp\/v2\/posts"}],"about":[{"href":"https:\/\/www.europesays.com\/es\/wp-json\/wp\/v2\/types\/post"}],"author":[{"embeddable":true,"href":"https:\/\/www.europesays.com\/es\/wp-json\/wp\/v2\/users\/2"}],"replies":[{"embeddable":true,"href":"https:\/\/www.europesays.com\/es\/wp-json\/wp\/v2\/comments?post=336696"}],"version-history":[{"count":0,"href":"https:\/\/www.europesays.com\/es\/wp-json\/wp\/v2\/posts\/336696\/revisions"}],"wp:featuredmedia":[{"embeddable":true,"href":"https:\/\/www.europesays.com\/es\/wp-json\/wp\/v2\/media\/336697"}],"wp:attachment":[{"href":"https:\/\/www.europesays.com\/es\/wp-json\/wp\/v2\/media?parent=336696"}],"wp:term":[{"taxonomy":"category","embeddable":true,"href":"https:\/\/www.europesays.com\/es\/wp-json\/wp\/v2\/categories?post=336696"},{"taxonomy":"post_tag","embeddable":true,"href":"https:\/\/www.europesays.com\/es\/wp-json\/wp\/v2\/tags?post=336696"}],"curies":[{"name":"wp","href":"https:\/\/api.w.org\/{rel}","templated":true}]}}