{"id":336698,"date":"2026-01-12T11:52:05","date_gmt":"2026-01-12T11:52:05","guid":{"rendered":"https:\/\/www.europesays.com\/es\/336698\/"},"modified":"2026-01-12T11:52:05","modified_gmt":"2026-01-12T11:52:05","slug":"sebas-saiz-se-corona-emperador-de-japon","status":"publish","type":"post","link":"https:\/\/www.europesays.com\/es\/336698\/","title":{"rendered":"Sebas Saiz se corona emperador de Jap\u00f3n"},"content":{"rendered":"<p class=\"\"><b>Sebas Saiz <\/b>sigue dejando huella en el baloncesto japon\u00e9s. El ala-p\u00edvot espa\u00f1ol fue una de las grandes figuras en la final de la <b>Copa Emperador<\/b>, en la que el <b>Toyota Alvark Tokyo <\/b>se impuso al <b>Alsin Seahorses Mikawa<\/b> por 72-64 para levantar uno de los t\u00edtulos m\u00e1s prestigiosos del calendario. <b>Saiz <\/b>firm\u00f3 23 puntos y 5 rebotes en 24 minutos, una actuaci\u00f3n decisiva en un partido que se resolvi\u00f3 en los detalles y que confirm\u00f3 su peso dentro del equipo, adem\u00e1s de valerle un hueco como miembro del mejor quinteto del torneo.<\/p>\n<p class=\"\">La final fue tan igualada como se esperaba. <b>Mikawa <\/b>plante\u00f3 un encuentro f\u00edsico, con defensas cerradas y un ritmo bajo, que oblig\u00f3 a cada ataque a trabajarse al m\u00e1ximo. En ese contexto, el <b>Alvark Tokyo<\/b> encontr\u00f3 en <b>Saiz <\/b>una referencia constante. El espa\u00f1ol respondi\u00f3 con acierto en el tiro, presencia cerca del aro y una lectura de juego que ayud\u00f3 a su equipo a mantenerse por delante cuando el marcador se comprim\u00eda.<\/p>\n<p class=\"\">Sin necesidad de acaparar el bal\u00f3n en exceso, <b>Saiz <\/b>fue el jugador que dio continuidad al ataque del <b>Alvar<\/b>. Castig\u00f3 desde media distancia, aprovech\u00f3 los espacios cuando <b>Mikawa <\/b>cerr\u00f3 la pintura y sum\u00f3 puntos en momentos clave del tercer y \u00faltimo cuarto, cuando el partido empez\u00f3 a decantarse. Sus 23 puntos no solo fueron una cifra alta, sino que llegaron en el momento oportuno, cuando el margen de error era m\u00ednimo.<\/p>\n<p class=\"\">Este t\u00edtulo supone el tercero para <b>Saiz <\/b>desde que lleg\u00f3 a <b>Jap\u00f3n<\/b>, un dato que refleja su r\u00e1pida adaptaci\u00f3n a una liga exigente y muy estructurada. El baloncesto japon\u00e9s valora el juego colectivo, la disciplina y la capacidad de encajar en sistemas muy definidos, y el espa\u00f1ol ha sabido encontrar su sitio sin perder su identidad como jugador. Su inclusi\u00f3n en el mejor quinteto del torneo es un reconocimiento a esa regularidad y a su influencia a lo largo de la competici\u00f3n.<\/p>\n<p class=\"\">En el <b>Toyota Alvar Tokyo<\/b> se ha convertido en una pieza b\u00e1sica. Su versatilidad le permite jugar tanto cerca del aro como abierto, facilitando los espacios para sus compa\u00f1eros y aportando equilibrio en defensa. En una final tan cerrada como la de la <b>Copa Emperador<\/b>, ese tipo de perfiles marcan diferencias, aunque no siempre se reflejen solo en las estad\u00edsticas.<\/p>\n<p class=\"\">Para el baloncesto espa\u00f1ol, el \u00e9xito de <b>Saiz <\/b>en <b>Jap\u00f3n <\/b>es una buena noticia. No es sencillo consolidarse lejos de casa, en un entorno cultural y deportivo distinto, y menos a\u00fan hacerlo siendo protagonista. <b>Saiz <\/b>lo est\u00e1 consiguiendo con trabajo y constancia, sumando t\u00edtulos y reconocimiento individual en un campeonato que cada a\u00f1o gana peso y nivel competitivo.<\/p>\n<p class=\"\">La <b>Copa Emperador <\/b>a\u00f1ade as\u00ed otro cap\u00edtulo al recorrido del jugador espa\u00f1ol en <b>Asia<\/b>. Un torneo ganado desde la solidez y el rendimiento colectivo, pero en el que <b>Saiz <\/b>volvi\u00f3 a destacar cuando m\u00e1s falta hac\u00eda. Sin alardes ni gestos grandilocuentes, su final fue la de un jugador que entiende el juego y sabe responder cuando el partido lo exige.<\/p>\n<p>Noticias relacionadas<\/p>\n<p class=\"\"><b>\u00a1Tus opiniones importan!<\/b><\/p>\n<p class=\"\">Comenta en los art\u00edculos y suscr\u00edbete gratis a nuestra <a href=\"https:\/\/asfan.as.com\/newsletters\/\" target=\"_blank\" rel=\"nofollow noopener\" title=\"https:\/\/asfan.as.com\/newsletters\/\">newsletter<\/a> y a las alertas informativas en la <a href=\"https:\/\/as.com\/aplicacion-de-as-n\/\" target=\"_blank\" rel=\"nofollow noopener\" title=\"https:\/\/as.com\/aplicacion-de-as-n\/\">App<\/a> o el canal de <a href=\"https:\/\/www.whatsapp.com\/channel\/0029VaAasdA7j6g745nz9M10\" target=\"_blank\" rel=\"nofollow noopener\" title=\"https:\/\/www.whatsapp.com\/channel\/0029VaAasdA7j6g745nz9M10\">WhatsApp<\/a>. \u00bfBuscas licenciar contenido? Haz clic <a href=\"https:\/\/profesional.elpais.com\/soluciones-sindicacion?utm_medium=interno&amp;utm_source=crosslinking&amp;utm_campaign=sindicacion_as_pie_articulos\" target=\"_blank\" rel=\"nofollow noopener\" title=\"https:\/\/profesional.elpais.com\/soluciones-sindicacion?utm_medium=interno&amp;utm_source=crosslinking&amp;utm_campaign=sindicacion_as_pie_articulos\">aqu\u00ed<\/a><\/p>\n","protected":false},"excerpt":{"rendered":"Sebas Saiz sigue dejando huella en el baloncesto japon\u00e9s. El ala-p\u00edvot espa\u00f1ol fue una de las grandes figuras&hellip;\n","protected":false},"author":2,"featured_media":336699,"comment_status":"","ping_status":"","sticky":false,"template":"","format":"standard","meta":{"footnotes":""},"categories":[269],"tags":[299,298,168,25,24,23,167],"class_list":{"0":"post-336698","1":"post","2":"type-post","3":"status-publish","4":"format-standard","5":"has-post-thumbnail","7":"category-baloncesto","8":"tag-baloncesto","9":"tag-basketball","10":"tag-deportes","11":"tag-es","12":"tag-espana","13":"tag-spain","14":"tag-sports"},"share_on_mastodon":{"url":"https:\/\/pubeurope.com\/@es\/115881990102099786","error":""},"_links":{"self":[{"href":"https:\/\/www.europesays.com\/es\/wp-json\/wp\/v2\/posts\/336698","targetHints":{"allow":["GET"]}}],"collection":[{"href":"https:\/\/www.europesays.com\/es\/wp-json\/wp\/v2\/posts"}],"about":[{"href":"https:\/\/www.europesays.com\/es\/wp-json\/wp\/v2\/types\/post"}],"author":[{"embeddable":true,"href":"https:\/\/www.europesays.com\/es\/wp-json\/wp\/v2\/users\/2"}],"replies":[{"embeddable":true,"href":"https:\/\/www.europesays.com\/es\/wp-json\/wp\/v2\/comments?post=336698"}],"version-history":[{"count":0,"href":"https:\/\/www.europesays.com\/es\/wp-json\/wp\/v2\/posts\/336698\/revisions"}],"wp:featuredmedia":[{"embeddable":true,"href":"https:\/\/www.europesays.com\/es\/wp-json\/wp\/v2\/media\/336699"}],"wp:attachment":[{"href":"https:\/\/www.europesays.com\/es\/wp-json\/wp\/v2\/media?parent=336698"}],"wp:term":[{"taxonomy":"category","embeddable":true,"href":"https:\/\/www.europesays.com\/es\/wp-json\/wp\/v2\/categories?post=336698"},{"taxonomy":"post_tag","embeddable":true,"href":"https:\/\/www.europesays.com\/es\/wp-json\/wp\/v2\/tags?post=336698"}],"curies":[{"name":"wp","href":"https:\/\/api.w.org\/{rel}","templated":true}]}}