{"id":336707,"date":"2026-01-12T11:58:24","date_gmt":"2026-01-12T11:58:24","guid":{"rendered":"https:\/\/www.europesays.com\/es\/336707\/"},"modified":"2026-01-12T11:58:24","modified_gmt":"2026-01-12T11:58:24","slug":"respetable-analista-politico-en-television-y-vocalista-de-una-de-las-bandas-de-rock-mas-salvajes-de-su-pais-biff-malibu-gluecifer-no-es-el-tipico-rockero-tatuado","status":"publish","type":"post","link":"https:\/\/www.europesays.com\/es\/336707\/","title":{"rendered":"Respetable analista pol\u00edtico en televisi\u00f3n y vocalista de una de las bandas de rock m\u00e1s salvajes de su pa\u00eds: Biff Malibu (Gluecifer) \u201cno es el t\u00edpico rockero tatuado\u201d"},"content":{"rendered":"<p class=\"p1\">Hard rock, garage y punk rock son algunos de los ingredientes del scandi rock noruego que desde hace ya m\u00e1s de tres d\u00e9cadas llevan repartiendo con clase <strong>Gluecifer<\/strong>. Tras una primera etapa marcada por cuatro discos sin desperdicio alguno, la banda vuelve a la carga este 2026 con <strong>\u2018Same Drug, New High\u2019<\/strong>, un nuevo \u00e1lbum, que ver\u00e1 la luz el <strong>16 de enero<\/strong>, con el que ya tienen planeadas cuatro fechas de presentaci\u00f3n en nuestro pa\u00eds. De todo ello pudo <strong>Jason Cenador<\/strong> hablar con el guitarrista <strong>Captain Poon<\/strong>, que no duda en explicar que \u201cno es el t\u00edpico rockero tatuado\u201d cuando se le pregunta por <strong>Biff Malibu<\/strong>, el polifac\u00e9tico vocalista de la banda.<\/p>\n<p><a href=\"https:\/\/www.europesays.com\/es\/wp-content\/uploads\/2026\/01\/Frithjof_Jacobsen-gluecifer.webp.webp\" target=\"_blank\" rel=\"noopener\"><img fetchpriority=\"high\" decoding=\"async\" class=\"wp-image-383697 size-full\" src=\"https:\/\/www.europesays.com\/es\/wp-content\/uploads\/2026\/01\/Frithjof_Jacobsen-gluecifer.webp.webp\" alt=\"\" width=\"600\" height=\"400\"  \/><\/a>Biff Malibu y Frithjof Jacobsen<\/p>\n<p class=\"p1\">La extensa entrevista plasmada en el <strong><a href=\"https:\/\/tienda.mariskalrock.com\/producto\/la-heavy-477-ya-a-la-venta-con-megadeth-en-portada-junto-al-rockalendario-2026-scorpions-helloween-avatar-thoman-raggi-o-volbeat\/\" target=\"_blank\" rel=\"noopener nofollow\">n\u00famero 477 de La Heavy<\/a><\/strong>, el especial que seguir\u00e1 en kioscos este mes de enero con <strong>Dave Mustaine<\/strong> y sus <strong>Megadeth<\/strong> en portada, dej\u00f3 momentos que tuvieron que quedar fuera del papel, como el inter\u00e9s de nuestro compa\u00f1ero en el doble perfil como respetable analista pol\u00edtico en televisi\u00f3n y vocalista de una salvaje banda de rock de Biff Malibu, o m\u00e1s bien <strong>Frithjof Jacobsen <\/strong>en su faceta period\u00edstica. El guitarrista se muestra orgulloso de su compa\u00f1ero, y asegura que sigue siendo la misma persona en un plat\u00f3 o sobre un escenario, como podremos comprobar el <strong>18 de marzo en Barcelona (Apolo, <a href=\"https:\/\/feverup.com\/m\/394227\" target=\"_blank\" rel=\"noopener nofollow\">entradas aqu\u00ed<\/a>), el 19 en Madrid (Wagon, <a href=\"https:\/\/feverup.com\/m\/394228\" target=\"_blank\" rel=\"noopener nofollow\">entradas aqu\u00ed<\/a>), el 20 en Sevilla (Custom, <a href=\"https:\/\/feverup.com\/m\/455932\" target=\"_blank\" rel=\"noopener nofollow\">entradas aqu\u00ed<\/a>) y el 22 en Valencia (Palau Almeda, <a href=\"https:\/\/feverup.com\/m\/455933\" target=\"_blank\" rel=\"noopener nofollow\">entradas aqu\u00ed<\/a>).<\/strong><\/p>\n<p style=\"text-align: center;\"><a href=\"https:\/\/tienda.mariskalrock.com\/producto\/la-heavy-477-ya-a-la-venta-con-megadeth-en-portada-junto-al-rockalendario-2026-scorpions-helloween-avatar-thoman-raggi-o-volbeat\/\" target=\"_blank\" rel=\"noopener nofollow\"><img loading=\"lazy\" decoding=\"async\" class=\"alignnone wp-image-380369\" src=\"https:\/\/www.europesays.com\/es\/wp-content\/uploads\/2025\/12\/Portada-La-Heavy-477-Megadeth.webp.webp\" alt=\"\" width=\"600\" height=\"869\"  \/><\/a><\/p>\n<p class=\"p1\">\u201cEs muy bueno en su trabajo como periodista y analista pol\u00edtico, y es un muy buen cantante de rock y letrista\u201d, sentencia Captain Poon desde el inicio. \u201cPara mucha gente puede parecer algo muy raro, porque estamos acostumbrados a que la gente de las bandas tenga un determinado rol o imagen, y es un poco un estereotipo. En su caso, \u00e9l es diferente. Siempre ha sido diferente, porque no es, y nunca ha sido, el t\u00edpico rockero tatuado\u201d.<\/p>\n<p class=\"p1\">El guitarrista apunta a lo m\u00e1s importante: \u201cLo esencial de lo que hace radica en el hecho de que es un gran cantante, tiene una gran voz, y tiene una manera genial de comunicar hacia la gente, ya sea si lo est\u00e1 haciendo en su trabajo o en el escenario. No hay nada realmente extra\u00f1o en ello, aunque no sea lo m\u00e1s normal\u201d.<\/p>\n<p style=\"text-align: center;\">\n<p style=\"text-align: center;\">\n<p style=\"text-align: center;\"><a href=\"https:\/\/www.europesays.com\/es\/wp-content\/uploads\/2026\/01\/gluecifer-gira-26.jpg\" target=\"_blank\" rel=\"noopener\"><img loading=\"lazy\" decoding=\"async\" class=\"alignnone wp-image-365541 size-full\" src=\"https:\/\/www.europesays.com\/es\/wp-content\/uploads\/2026\/01\/gluecifer-gira-26.jpg\" alt=\"\" width=\"600\" height=\"750\"  \/><\/a><\/p>\n<p style=\"text-align: center;\"><a href=\"https:\/\/www.europesays.com\/es\/wp-content\/uploads\/2026\/01\/gluecifer-same-drug-new-high.jpg\" target=\"_blank\" rel=\"noopener\"><img loading=\"lazy\" decoding=\"async\" class=\"alignnone wp-image-365540 size-full\" src=\"https:\/\/www.europesays.com\/es\/wp-content\/uploads\/2026\/01\/gluecifer-same-drug-new-high.jpg\" alt=\"\" width=\"500\" height=\"500\"  \/><\/a><\/p>\n<p class=\"p1\">La entrevista con Gluecifer es uno de los contenidos destacados del <strong><a href=\"https:\/\/tienda.mariskalrock.com\/producto\/la-heavy-477-ya-a-la-venta-con-megadeth-en-portada-junto-al-rockalendario-2026-scorpions-helloween-avatar-thoman-raggi-o-volbeat\/\" target=\"_blank\" rel=\"noopener nofollow\">n\u00famero 477 de La Heavy<\/a><\/strong>, con Megadeth en portada y la presencia de bandas como <strong>Scorpions, Helloween, Avatar, Volbeat<\/strong> o el rock de <strong>Thomas Raggi<\/strong>. Corre a tu kiosco o <strong><a href=\"https:\/\/tienda.mariskalrock.com\/producto\/la-heavy-477-ya-a-la-venta-con-megadeth-en-portada-junto-al-rockalendario-2026-scorpions-helloween-avatar-thoman-raggi-o-volbeat\/\" target=\"_blank\" rel=\"noopener nofollow\">visita nuestra tienda online<\/a><\/strong> para no perderte nada.<\/p>\n<p style=\"text-align: center;\"><a href=\"https:\/\/tienda.mariskalrock.com\/producto\/la-heavy-477-ya-a-la-venta-con-megadeth-en-portada-junto-al-rockalendario-2026-scorpions-helloween-avatar-thoman-raggi-o-volbeat\/\" target=\"_blank\" rel=\"noopener nofollow\"><img loading=\"lazy\" decoding=\"async\" class=\"alignnone wp-image-380367 size-full\" src=\"https:\/\/www.europesays.com\/es\/wp-content\/uploads\/2025\/12\/la-heavy-477-fb.webp.webp\" alt=\"\" width=\"600\" height=\"315\"  \/><\/a><\/p>\n<p>                         <a target=\"_blank\" href=\"http:\/\/www.mariskalrock.com\" class=\"url\" title=\"Jorge Bobadilla\" rel=\"nofollow noopener\"> <img loading=\"lazy\" decoding=\"async\" alt=\"Jorge Bobadilla\" src=\"https:\/\/www.europesays.com\/es\/wp-content\/uploads\/2026\/01\/1768219104_590_dd0a098104e728bc6c7b73db9bafe81736ec05f3a76c6902f533c9e5bbf58b97.jpeg\"  class=\"avatar avatar-250 photo\" height=\"250\" width=\"250\"\/><\/a>  <a href=\"http:\/\/www.mariskalrock.com\" class=\"url\" target=\"_blank\" title=\"Jorge Bobadilla\" rel=\"nofollow noopener\"><img loading=\"lazy\" decoding=\"async\" alt=\"Jorge Bobadilla\" src=\"https:\/\/www.europesays.com\/es\/wp-content\/uploads\/2026\/01\/1768219104_590_dd0a098104e728bc6c7b73db9bafe81736ec05f3a76c6902f533c9e5bbf58b97.jpeg\"  class=\"avatar avatar-250 photo\" height=\"250\" width=\"250\"\/><\/a>\u00daltimas entradas de Jorge Bobadilla (<a target=\"_blank\" href=\"https:\/\/mariskalrock.com\/author\/jorge-bobadilla\/\" rel=\"nofollow noopener\">ver todo<\/a>)<\/p>\n<ul>\n<li style=\"font-size:14px !important;\">\t\t\t\t\t<a target=\"_blank\" href=\"https:\/\/mariskalrock.com\/actualidad\/jay-weinberg-exbateria-de-slipknot-abandona-suicidal-tendencies-tan-solo-dos-anos-despues-de-entrar-en-la-banda\/\" rel=\"nofollow noopener\">Jay Weinberg, exbater\u00eda de Slipknot, abandona Suicidal Tendencies tan solo dos a\u00f1os despu\u00e9s de entrar en la banda<\/a> &#8211; 12 enero 2026\t\t\t\t<\/li>\n<li style=\"font-size:14px !important;\">\t\t\t\t\t<a target=\"_blank\" href=\"https:\/\/mariskalrock.com\/actualidad\/efemerides-de-la-semana-12-01-18-01-helloween-foo-fighters-ac-dc-the-beatles-queen-motley-crue-korn-saxon-epica-tool-indio-solari\/\" rel=\"nofollow noopener\">Efem\u00e9rides de la semana 12\/01 &#8211; 18\/01: Helloween, Foo Fighters, AC\/DC, The Beatles, Queen, M\u00f6tley Cr\u00fce, Korn, Saxon, Epica, Tool, Indio Solari\u2026<\/a> &#8211; 12 enero 2026\t\t\t\t<\/li>\n<li style=\"font-size:14px !important;\">\t\t\t\t\t<a target=\"_blank\" href=\"https:\/\/mariskalrock.com\/actualidad\/entrevistas-con-haches-simulacro-y-la-mejor-programacion-de-rock-y-metal-en-nuestra-radio\/\" rel=\"nofollow noopener\">Entrevistas con Rub\u00e9n Pozo, Haches, Simulacro y la mejor programaci\u00f3n de rock y metal en nuestra radio<\/a> &#8211; 12 enero 2026\t\t\t\t<\/li>\n<\/ul>\n","protected":false},"excerpt":{"rendered":"Hard rock, garage y punk rock son algunos de los ingredientes del scandi rock noruego que desde hace&hellip;\n","protected":false},"author":2,"featured_media":336708,"comment_status":"","ping_status":"","sticky":false,"template":"","format":"standard","meta":{"footnotes":""},"categories":[170],"tags":[77105,77106,146,147,25,24,66991,55986,4622,184,185,23],"class_list":{"0":"post-336707","1":"post","2":"type-post","3":"status-publish","4":"format-standard","5":"has-post-thumbnail","7":"category-musica","8":"tag-biff-malibu","9":"tag-captain-poon","10":"tag-entertainment","11":"tag-entretenimiento","12":"tag-es","13":"tag-espana","14":"tag-gluecifer","15":"tag-la-heavy","16":"tag-mr2022","17":"tag-music","18":"tag-musica","19":"tag-spain"},"share_on_mastodon":{"url":"https:\/\/pubeurope.com\/@es\/115882014325579459","error":""},"_links":{"self":[{"href":"https:\/\/www.europesays.com\/es\/wp-json\/wp\/v2\/posts\/336707","targetHints":{"allow":["GET"]}}],"collection":[{"href":"https:\/\/www.europesays.com\/es\/wp-json\/wp\/v2\/posts"}],"about":[{"href":"https:\/\/www.europesays.com\/es\/wp-json\/wp\/v2\/types\/post"}],"author":[{"embeddable":true,"href":"https:\/\/www.europesays.com\/es\/wp-json\/wp\/v2\/users\/2"}],"replies":[{"embeddable":true,"href":"https:\/\/www.europesays.com\/es\/wp-json\/wp\/v2\/comments?post=336707"}],"version-history":[{"count":0,"href":"https:\/\/www.europesays.com\/es\/wp-json\/wp\/v2\/posts\/336707\/revisions"}],"wp:featuredmedia":[{"embeddable":true,"href":"https:\/\/www.europesays.com\/es\/wp-json\/wp\/v2\/media\/336708"}],"wp:attachment":[{"href":"https:\/\/www.europesays.com\/es\/wp-json\/wp\/v2\/media?parent=336707"}],"wp:term":[{"taxonomy":"category","embeddable":true,"href":"https:\/\/www.europesays.com\/es\/wp-json\/wp\/v2\/categories?post=336707"},{"taxonomy":"post_tag","embeddable":true,"href":"https:\/\/www.europesays.com\/es\/wp-json\/wp\/v2\/tags?post=336707"}],"curies":[{"name":"wp","href":"https:\/\/api.w.org\/{rel}","templated":true}]}}