{"id":336727,"date":"2026-01-12T12:12:08","date_gmt":"2026-01-12T12:12:08","guid":{"rendered":"https:\/\/www.europesays.com\/es\/336727\/"},"modified":"2026-01-12T12:12:08","modified_gmt":"2026-01-12T12:12:08","slug":"asi-entrena-samu-lopez-con-alcaraz-en-melbourne-punto-de-break","status":"publish","type":"post","link":"https:\/\/www.europesays.com\/es\/336727\/","title":{"rendered":"As\u00ed entrena Samu L\u00f3pez con Alcaraz en Melbourne &#8211; Punto de Break"},"content":{"rendered":"<ol>\n<li><a href=\"https:\/\/news.google.com\/rss\/articles\/CBMihwFBVV95cUxNc0tpOTJpVTlxVG9jU2xNeFVtRmduYjNpLWJTOVlsQ1hHcUZ5dHY2SjB0ajdqSHp3NUFVd3dRMER3YW9MZVhIWFRTcE5Rdy1xbnlQMV9yeThxUnpWYXBhZy1mYXFXdFhFNEVXMHFadnE0NGpEYXRCSHlBN3VuT1NRYWtSWGxSYm8?oc=5\" target=\"_blank\" rel=\"nofollow noopener\">As\u00ed entrena Samu L\u00f3pez con Alcaraz en Melbourne<\/a>&nbsp;&nbsp;Punto de Break<\/li>\n<li><a href=\"https:\/\/news.google.com\/rss\/articles\/CBMiqwFBVV95cUxQb1ZYRHc3X2JncS1JV1dhNVJOMThlbEYyLU5VM0lYUklsMU1VZTVMR3AxYW1tVVpDVjBxbnpVa0ZBWW9VbnFmQTdQNm1HczFDQzQ0Q0hQN3lOSWlwdHN0QlVFOU5nWnBWX0N0a081UktOeUZoeG8zWHN4TkVQUkpPZ1hHbUNtNzJrNnZneWtNSkdVTGZ6b3daQWlTT0s1X3ZNT01vbDJwNkRHSE0?oc=5\" target=\"_blank\" rel=\"nofollow noopener\">Carlos Alcaraz y Rafa J\u00f3dar entrenan juntos en la Rod Laver Arena antes del Open de Australia<\/a>&nbsp;&nbsp;laverdad.es<\/li>\n<li><a href=\"https:\/\/news.google.com\/rss\/articles\/CBMitwFBVV95cUxPeWtBeGVjMnFGRHFuTTBQVmdaTGVTX2tvUGdGcmx1bl9ickdXbG55QUNXT3hPdmRBeVRJMHQzMW8tX2RsWEJFcFFERGFoVkJ3NVNGTUF5YU9FX0x3Q05mRmpIbTBCS2txUDRyTW05aTVFVXVETUFxWFZjSTZScFVjUzBJdVFwRGNPSld0My1qaHdYNmxld21kZ2RwbWhyenFmQVhZeHNRd08zU2JUcVpfb1ZLMExhN3PSAcsBQVVfeXFMUHVDRkxsUVVySHcyZng2cGlCWDlCZUUxaUl1andSY3IwYVJ4TmNaZmdJVV9zWExkMjdWVzlrVFRlZUdpdXU0MHhTYkRxQmZxN0dWbDlSUDRDUFBpT1JuUEtHR1pwQk1oUU80bXlyUnRmYzFsS2Q3R29EODRVU3R2c3RoTTJEYnExWW0wa0V4WXdSSFZFZVdmNF9GNU1LY2NIcXdfdWt6azE3akw5SkN6SUcwMGRpcWhFQXZqNFdBWHpiYzB4d3pWMHJRZ3c?oc=5\" target=\"_blank\" rel=\"nofollow noopener\">Alcaraz entrena en Australia con una camiseta de una leyenda de la NBA<\/a>&nbsp;&nbsp;La Raz\u00f3n<\/li>\n<li><a href=\"https:\/\/news.google.com\/rss\/articles\/CBMimgJBVV95cUxOWHZFaE9YNHdpeDlmRU93WlZGR3d3d2g2VGk1ckZjY29FRjg2ay1tb2J1cUhSMEVWblJUc2xYMmlRbDhNa3RoTzd5R1E0Ql9JczN2Q0VTV2RsRDdjUG1LUW1iYUpUdDhFMFNRaTFtMjRsUkI0ekJXbUtRdk5mNHFJMm1SemFsSG1Rel8yMTZwQnNvN3B2WldsakF4Mk9oOHcxbktMNVI3Y1Y1RlZSV2wtMkNPTFNZLThZenlQdF94Y0FNcEZveU1SdFBGSk9mZE1Sd0psOGlhSXQ2NnRhNWJHRVhXX25NWDhaLWRDWmdiMUFFdFpFckJoeUxqcFp5b1NPaU5VNlVKdGx0V0FfUzBXTmNqSlBTclJsWkE?oc=5\" target=\"_blank\" rel=\"nofollow noopener\">Carlos Alcaraz deslumbra en su segundo d\u00eda en el Open de Australia 2026: Camiseta de LeBron James y golpes milim\u00e9tricos<\/a>&nbsp;&nbsp;TNT Sports<\/li>\n<li><a href=\"https:\/\/news.google.com\/rss\/articles\/CBMi6AFBVV95cUxNelZqa3ZIVUgydDNVdndUUFc5YW1EQ3JJZEFYVGx0VGlxREVqNTJISURDQ1pIaXJsSURWMWZrampDRmh4TTJUNmFhRTJkaHlSdm95aUZ2cEljV1VSZndZVGZxZ3UxZFdYMVp6a19ORzBYLWhCVDc3MjMtYzAxcHE1Tm5Ta0FkOUpVV0tLYjA1aTJGeUpZWExUMVAta2hrbE1kdUxrM0FBTjl3Q1ZzeU5lVlJ5dGQ0WjlRcFU2WkJQT2JTT09HeDJCU2RwNkU3Zjg2Ym9iM2VqRzFBQmJBMnh2RTJuNU1jWVZa0gHuAUFVX3lxTE91R2R4SFBUTWczTnpydkZrVV9MNWQ3YkYtd3lzMHY0bE44Szl5WEloTWdLMFZ1bFBlREFQQ2JzNEFyNWtWcjVWUTRBLWRVMkgydlAxSU51VHdWZXEzSXluS2lNdFJxQUJRdEZ6Qllsd1RXQklpc1N2eUJseURrLVhMMEczVml2dXVQNXVHb2pmTzJFY2kzVDZSb3ZyaFQ5d0EtRWp6ZXhjNGd1TnR2Qmxmck9SWC0zNTRqM0dfWEZTRFN5MEkybTViMHF2dXVjNWlPbW9vNldBU1l4LTJtY0ExU1p5V19HZElJdzNjdGc?oc=5\" target=\"_blank\" rel=\"nofollow noopener\">Carlos Alcaraz ya entrena en Australia bajo una gran atenci\u00f3n medi\u00e1tica y con una camiseta de LeBron James<\/a>&nbsp;&nbsp;20Minutos<\/li>\n<\/ol>\n","protected":false},"excerpt":{"rendered":"As\u00ed entrena Samu L\u00f3pez con Alcaraz en Melbourne&nbsp;&nbsp;Punto de Break Carlos Alcaraz y Rafa J\u00f3dar entrenan juntos en&hellip;\n","protected":false},"author":2,"featured_media":336728,"comment_status":"","ping_status":"","sticky":false,"template":"","format":"standard","meta":{"footnotes":""},"categories":[274],"tags":[168,25,24,23,167,327,326],"class_list":{"0":"post-336727","1":"post","2":"type-post","3":"status-publish","4":"format-standard","5":"has-post-thumbnail","7":"category-tenis","8":"tag-deportes","9":"tag-es","10":"tag-espana","11":"tag-spain","12":"tag-sports","13":"tag-tenis","14":"tag-tennis"},"share_on_mastodon":{"url":"https:\/\/pubeurope.com\/@es\/115882068736424459","error":""},"_links":{"self":[{"href":"https:\/\/www.europesays.com\/es\/wp-json\/wp\/v2\/posts\/336727","targetHints":{"allow":["GET"]}}],"collection":[{"href":"https:\/\/www.europesays.com\/es\/wp-json\/wp\/v2\/posts"}],"about":[{"href":"https:\/\/www.europesays.com\/es\/wp-json\/wp\/v2\/types\/post"}],"author":[{"embeddable":true,"href":"https:\/\/www.europesays.com\/es\/wp-json\/wp\/v2\/users\/2"}],"replies":[{"embeddable":true,"href":"https:\/\/www.europesays.com\/es\/wp-json\/wp\/v2\/comments?post=336727"}],"version-history":[{"count":0,"href":"https:\/\/www.europesays.com\/es\/wp-json\/wp\/v2\/posts\/336727\/revisions"}],"wp:featuredmedia":[{"embeddable":true,"href":"https:\/\/www.europesays.com\/es\/wp-json\/wp\/v2\/media\/336728"}],"wp:attachment":[{"href":"https:\/\/www.europesays.com\/es\/wp-json\/wp\/v2\/media?parent=336727"}],"wp:term":[{"taxonomy":"category","embeddable":true,"href":"https:\/\/www.europesays.com\/es\/wp-json\/wp\/v2\/categories?post=336727"},{"taxonomy":"post_tag","embeddable":true,"href":"https:\/\/www.europesays.com\/es\/wp-json\/wp\/v2\/tags?post=336727"}],"curies":[{"name":"wp","href":"https:\/\/api.w.org\/{rel}","templated":true}]}}