{"id":336766,"date":"2026-01-12T12:44:09","date_gmt":"2026-01-12T12:44:09","guid":{"rendered":"https:\/\/www.europesays.com\/es\/336766\/"},"modified":"2026-01-12T12:44:09","modified_gmt":"2026-01-12T12:44:09","slug":"britney-spears-vuelve-a-los-escenario-junto-a-su-hijo-jayden","status":"publish","type":"post","link":"https:\/\/www.europesays.com\/es\/336766\/","title":{"rendered":"Britney Spears vuelve a los escenario junto a su hijo Jayden"},"content":{"rendered":"<p><strong>Britney Spears<\/strong> volvi\u00f3 a sacudir a sus seguidores con un anuncio tan inesperado como \u00edntimo: la artista confirm\u00f3 que <strong>regresar\u00e1 a los escenarios<\/strong>, aunque esta vez lo har\u00e1 a su manera, priorizando su <strong>bienestar emocional<\/strong> y <strong>familiar<\/strong>. <\/p>\n<p>La noticia lleg\u00f3 a trav\u00e9s de <strong>Instagram<\/strong>, donde comparti\u00f3 una imagen cargada de simbolismo y un <strong>mensaje<\/strong> profundamente <strong>personal<\/strong> que revela en qu\u00e9 punto de su vida se encuentra hoy.<\/p>\n<p>Lejos de una gira tradicional, Britney explic\u00f3 que sus <strong>pr\u00f3ximas presentaciones<\/strong> est\u00e1n previstas \u00fanicamente en <strong>Reino Unido<\/strong> y <strong>Australia<\/strong>, y que no contempla volver a cantar en <strong>Estados Unidos<\/strong> por \u00abrazones extremadamente sensibles\u00bb. <\/p>\n<p>Una decisi\u00f3n que, aunque sorprendente, deja claro que esta <strong>nueva etapa<\/strong> de su carrera estar\u00e1 marcada por <strong>l\u00edmites claros<\/strong> y <strong>elecciones conscientes<\/strong>.<\/p>\n<p>Un <strong>regreso \u00edntimo<\/strong> y <strong>familiar<\/strong><\/p>\n<p>Uno de los aspectos m\u00e1s emotivos del anuncio es que la cantante planea subirse al escenario junto a su <strong>hijo Jayden Federline<\/strong>. <\/p>\n<p>En la publicaci\u00f3n, Britney mostr\u00f3 un piano que planea regalarle y habl\u00f3 con orgullo del <strong>talento del joven<\/strong>, reforzando la idea de que este regreso no es solo art\u00edstico, sino tambi\u00e9n profundamente personal.<\/p>\n<p>Adem\u00e1s, la int\u00e9rprete de Toxic aprovech\u00f3 para explicar que los bailes y videos que suele compartir en redes -muchas veces vistos como exc\u00e9ntricos o divertidos- forman parte de un <strong>proceso de sanaci\u00f3n<\/strong> f\u00edsica y emocional tras los traumas que ha atravesado en los \u00faltimos a\u00f1os.<\/p>\n<ul class=\"list-text\">\n<li>\u00ab\u00a1\u00a1\u00a1Le env\u00edo este <strong>piano a mi hijo<\/strong> este a\u00f1o!!! Curiosamente, bailo en <strong>Instagram<\/strong> para sanar cosas de mi cuerpo que la gente desconoce. S\u00ed, y a veces da verg\u00fcenza&#8230; pero camin\u00e9 por el fuego para salvar mi vida&#8230; Nunca volver\u00e9 a actuar en <strong>Estados Unidos<\/strong> por razones muy sensibles, pero espero estar sentada en un taburete con una rosa roja en el pelo, en un mo\u00f1o, actuando con mi hijo&#8230; en el <strong>Reino Unido<\/strong> y <strong>Australia<\/strong> muy pronto. \u00a1Es una gran estrella y me siento muy honrada de estar en su presencia! \u00a1\u00a1\u00a1Que Dios te bendiga, hombrecito!!!\u00bb, escribi\u00f3 la cantante en sus redes.<\/li>\n<\/ul>\n<p>Por ahora, <strong>Britney Spears<\/strong> mantiene como <strong>prioridad<\/strong> su <strong>bienestar personal<\/strong> y la reconstrucci\u00f3n de su relaci\u00f3n con sus hijos.<\/p>\n<p>Spears, de 43 a\u00f1os, comparti\u00f3 el pasado 15 de junio una fotograf\u00eda en Instagram en la que aparece <strong>posando junto a su hijo de 18 a\u00f1os<\/strong>, quien ya la supera en estatura. Ambos se muestran sonrientes frente a la c\u00e1mara, en lo que parece ser el interior de la casa de la cantante.<\/p>\n<p>Su \u00faltima actuaci\u00f3n en directo fue en <strong>2018<\/strong>, durante una <strong>gira en Texas<\/strong>, y desde entonces su carrera ha permanecido en pausa. <\/p>\n<p>Hoy, <strong>sin fechas<\/strong> cerradas ni promesas grandilocuentes, la cantante deja claro que, si vuelve, ser\u00e1 bajo sus <strong>propias reglas<\/strong> y desde un lugar mucho m\u00e1s <strong>aut\u00e9ntico<\/strong>.<\/p>\n<p class=\"w-auto\" style=\"font-size: 21px;\">Peri\u00f3dico l\u00edder de Rep\u00fablica Dominicana centrado en las noticias generales y el periodismo innovador.<\/p>\n","protected":false},"excerpt":{"rendered":"Britney Spears volvi\u00f3 a sacudir a sus seguidores con un anuncio tan inesperado como \u00edntimo: la artista confirm\u00f3&hellip;\n","protected":false},"author":2,"featured_media":336767,"comment_status":"","ping_status":"","sticky":false,"template":"","format":"standard","meta":{"footnotes":""},"categories":[170],"tags":[146,147,25,24,184,185,23],"class_list":{"0":"post-336766","1":"post","2":"type-post","3":"status-publish","4":"format-standard","5":"has-post-thumbnail","7":"category-musica","8":"tag-entertainment","9":"tag-entretenimiento","10":"tag-es","11":"tag-espana","12":"tag-music","13":"tag-musica","14":"tag-spain"},"share_on_mastodon":{"url":"https:\/\/pubeurope.com\/@es\/115882194639955685","error":""},"_links":{"self":[{"href":"https:\/\/www.europesays.com\/es\/wp-json\/wp\/v2\/posts\/336766","targetHints":{"allow":["GET"]}}],"collection":[{"href":"https:\/\/www.europesays.com\/es\/wp-json\/wp\/v2\/posts"}],"about":[{"href":"https:\/\/www.europesays.com\/es\/wp-json\/wp\/v2\/types\/post"}],"author":[{"embeddable":true,"href":"https:\/\/www.europesays.com\/es\/wp-json\/wp\/v2\/users\/2"}],"replies":[{"embeddable":true,"href":"https:\/\/www.europesays.com\/es\/wp-json\/wp\/v2\/comments?post=336766"}],"version-history":[{"count":0,"href":"https:\/\/www.europesays.com\/es\/wp-json\/wp\/v2\/posts\/336766\/revisions"}],"wp:featuredmedia":[{"embeddable":true,"href":"https:\/\/www.europesays.com\/es\/wp-json\/wp\/v2\/media\/336767"}],"wp:attachment":[{"href":"https:\/\/www.europesays.com\/es\/wp-json\/wp\/v2\/media?parent=336766"}],"wp:term":[{"taxonomy":"category","embeddable":true,"href":"https:\/\/www.europesays.com\/es\/wp-json\/wp\/v2\/categories?post=336766"},{"taxonomy":"post_tag","embeddable":true,"href":"https:\/\/www.europesays.com\/es\/wp-json\/wp\/v2\/tags?post=336766"}],"curies":[{"name":"wp","href":"https:\/\/api.w.org\/{rel}","templated":true}]}}