{"id":336821,"date":"2026-01-12T13:24:10","date_gmt":"2026-01-12T13:24:10","guid":{"rendered":"https:\/\/www.europesays.com\/es\/336821\/"},"modified":"2026-01-12T13:24:10","modified_gmt":"2026-01-12T13:24:10","slug":"valencia-basket-casademont-zaragoza-horario-y-donde-ver-el-partido-de-liga-endesa-en-el-roig-arena-2","status":"publish","type":"post","link":"https:\/\/www.europesays.com\/es\/336821\/","title":{"rendered":"Valencia Basket &#8211; Casademont Zaragoza: Horario y d\u00f3nde ver el partido de Liga Endesa en el Roig Arena"},"content":{"rendered":"<p class=\"ft-text\"><strong>El <\/strong><a class=\"ft-link ft-link--decoration\" href=\"https:\/\/www.superdeporte.es\/valencia-basket\/\" target=\"_blank\" rel=\"nofollow noopener\"><strong>Valencia Basket<\/strong><\/a><strong> recibe al Casademont Zaragoza este lunes en el Roig Arena<\/strong>. El equipo que dirige Pedro Mart\u00ednez se medir\u00e1 al conjunto ma\u00f1o conscientes de que la victoria es innegociable para reencontrarse con la victoria tras caer en casa en las dos \u00faltimas citas. Ante el AS Monaco en Euroliga y frente al Unicaja de M\u00e1laga en la Liga Endesa, dos jarros de agua fr\u00eda para perder el liderato en ambas competiciones.<\/p>\n<p class=\"ft-text\">Es la primera vez que el Casademont Zaragoza masculino visitar\u00e1 el <a class=\"ft-link ft-link--decoration\" href=\"https:\/\/www.superdeporte.es\/tags\/roig-arena\/\" target=\"_blank\" rel=\"nofollow noopener\"><strong>Roig Arena<\/strong><\/a>, aunque el equipo femenino ya lo hizo tanto en Euroleague Women como en la Liga Endesa Femenina, imponi\u00e9ndose las ma\u00f1as en ambos casos. Toca vengarse.<\/p>\n<p><img decoding=\"async\" src=\"https:\/\/www.europesays.com\/es\/wp-content\/uploads\/2025\/12\/8c588fda-c78f-42ab-aded-41ba51535eb7_alta-libre-aspect-ratio_default_0.jpg\" width=\"1200\" height=\"610\" alt=\"El Valencia Basket visita al Casademont Zaragoza en el que milita el montenegrino y extaronja Bojan Dubljevic.\" class=\"ft-helper-img-rd\" loading=\"lazy\"\/><\/p>\n<p class=\"ft-helper-fontColor-quaternary ft-helper-fontSize-body-S ft-helper-spacer-t-xxs\">Bojan Dubljevic, con el Casademont ante el Valencia Basket  \/ SD<\/p>\n<p>Sin Dubljevic, con Soriano y los peligros del Casademont<\/p>\n<p class=\"ft-text\">Para la cita, Jes\u00fas Ram\u00edrez contar\u00e1 con todas sus piezas clave. De hecho, confiar\u00e1 su futuro inmediato a las manos de <strong>Santi Yusta<\/strong>, uno de los jugadores revelaci\u00f3n del campeonato y que est\u00e1 jugando la mejor temporada de su vida. De hecho, acumula una media de 17,9 puntos por partido. Con algo menos de la quincena le sigue los peligros\u00edsimos Devin Robinson y Trae Bell-Haynes. Entre los tres anotan gran parte de los puntos del equipo. Partido especial el que deb\u00eda vivir quien fuera estrella taronja en el pasado: <a class=\"ft-link ft-link--decoration\" href=\"https:\/\/www.superdeporte.es\/tags\/bojan-dubljevic\/\" target=\"_blank\" rel=\"nofollow noopener\"><strong>Bojan Dubljevic<\/strong><\/a>. Pero una fractura en el dedo le deja fuera de combate para la cita. El que s\u00ed estar\u00e1 y ganar\u00e1 peso en la rotaci\u00f3n es <a class=\"ft-link ft-link--decoration\" href=\"https:\/\/www.superdeporte.es\/tags\/joel-soriano\/\" target=\"_blank\" rel=\"nofollow noopener\"><strong>Joel Soriano<\/strong><\/a><strong>, cedido por el Valencia Basket<\/strong> al cuadro aragon\u00e9s esta campa\u00f1a. Notar\u00e1n mucho la ausencia del montenegrino, ya que es una p\u00eceza clave al ser su cuarto jugador m\u00e1s valorado y m\u00e1ximo reboteador del equipo. Soriano, por su parte, es jugador de rotaci\u00f3n que dota de poder a la pintura para anotar con facilidad.<\/p>\n<p>Horario y d\u00f3nde ver el Valencia Basket &#8211; Casademont Zaragoza de la Liga Endesa en el Roig Arena<\/p>\n<p class=\"ft-text\">La visita del <a class=\"ft-link ft-link--decoration\" href=\"https:\/\/www.casademontzaragoza.es\/\" rel=\"nofollow noopener\" target=\"_blank\"><strong>Casademont Zaragoza<\/strong><\/a> al Roig Arena para medirse al Valencia Basket tendr\u00e1 lugar este <strong>lunes 12 de enero a partir de las 20:30 horas<\/strong>. El encuentro se podr\u00e1 ver en DAZN y seguir en la <a class=\"ft-link ft-link--decoration\" href=\"https:\/\/www.superdeporte.es\/\" target=\"_blank\" rel=\"nofollow noopener\">web de Superdeporte<\/a>.<\/p>\n","protected":false},"excerpt":{"rendered":"El Valencia Basket recibe al Casademont Zaragoza este lunes en el Roig Arena. El equipo que dirige Pedro&hellip;\n","protected":false},"author":2,"featured_media":286524,"comment_status":"","ping_status":"","sticky":false,"template":"","format":"standard","meta":{"footnotes":""},"categories":[269],"tags":[299,1918,298,36349,2511,5369,168,25,24,319,665,12326,2915,23,167,235,2916,809,491],"class_list":{"0":"post-336821","1":"post","2":"type-post","3":"status-publish","4":"format-standard","5":"has-post-thumbnail","7":"category-baloncesto","8":"tag-baloncesto","9":"tag-basket","10":"tag-basketball","11":"tag-bojan-dubljevic","12":"tag-casademont","13":"tag-casademont-zaragoza","14":"tag-deportes","15":"tag-es","16":"tag-espana","17":"tag-horario","18":"tag-liga-endesa","19":"tag-pedro-martinez","20":"tag-roig-arena","21":"tag-spain","22":"tag-sports","23":"tag-valencia","24":"tag-valencia-basket","25":"tag-ver","26":"tag-zaragoza"},"share_on_mastodon":{"url":"https:\/\/pubeurope.com\/@es\/115882351954204403","error":""},"_links":{"self":[{"href":"https:\/\/www.europesays.com\/es\/wp-json\/wp\/v2\/posts\/336821","targetHints":{"allow":["GET"]}}],"collection":[{"href":"https:\/\/www.europesays.com\/es\/wp-json\/wp\/v2\/posts"}],"about":[{"href":"https:\/\/www.europesays.com\/es\/wp-json\/wp\/v2\/types\/post"}],"author":[{"embeddable":true,"href":"https:\/\/www.europesays.com\/es\/wp-json\/wp\/v2\/users\/2"}],"replies":[{"embeddable":true,"href":"https:\/\/www.europesays.com\/es\/wp-json\/wp\/v2\/comments?post=336821"}],"version-history":[{"count":0,"href":"https:\/\/www.europesays.com\/es\/wp-json\/wp\/v2\/posts\/336821\/revisions"}],"wp:featuredmedia":[{"embeddable":true,"href":"https:\/\/www.europesays.com\/es\/wp-json\/wp\/v2\/media\/286524"}],"wp:attachment":[{"href":"https:\/\/www.europesays.com\/es\/wp-json\/wp\/v2\/media?parent=336821"}],"wp:term":[{"taxonomy":"category","embeddable":true,"href":"https:\/\/www.europesays.com\/es\/wp-json\/wp\/v2\/categories?post=336821"},{"taxonomy":"post_tag","embeddable":true,"href":"https:\/\/www.europesays.com\/es\/wp-json\/wp\/v2\/tags?post=336821"}],"curies":[{"name":"wp","href":"https:\/\/api.w.org\/{rel}","templated":true}]}}