{"id":336856,"date":"2026-01-12T13:48:07","date_gmt":"2026-01-12T13:48:07","guid":{"rendered":"https:\/\/www.europesays.com\/es\/336856\/"},"modified":"2026-01-12T13:48:07","modified_gmt":"2026-01-12T13:48:07","slug":"oviedo-y-alaves-se-interesan-por-bakambu","status":"publish","type":"post","link":"https:\/\/www.europesays.com\/es\/336856\/","title":{"rendered":"Oviedo y Alav\u00e9s se interesan por Bakambu"},"content":{"rendered":"<p>12\/01\/2026<br \/>\n<br \/><strong><br \/>\nActualizado a las 12:22h.<br \/>\n<\/strong><\/p>\n<p class=\"voc-p\" style=\"\">Cedric <strong>Bakambu<\/strong> est\u00e1 en el mercado y ha despertado el inter\u00e9s de varios equipos de Primera, que est\u00e1n pendientes de su salida desde el <strong>Real Betis<\/strong>. Con la lesi\u00f3n de <strong>Cucho Hern\u00e1ndez<\/strong> el atacante congole\u00f1o tendr\u00e1 ahora m\u00e1s minutos, empezando por el  &#8230; duelo copero ante el Elche de este mi\u00e9rcoles, pero igualmente est\u00e1 se\u00f1alado para abandonar la disciplina verdiblanca en esta ventana teniendo en cuenta que concluye su vinculaci\u00f3n el pr\u00f3ximo 30 de junio.<\/p>\n<p class=\"voc-p\" style=\"\">As\u00ed, clubes como el <strong>Oviedo y el Alav\u00e9s<\/strong> se han interesado por la situaci\u00f3n de Bakambu, tal y como avanza 101 TV. El delantero tambi\u00e9n ha recibido llamadas de Italia. Su marcha en estos momentos no est\u00e1 a\u00fan encarrilada y faltan veinte d\u00edas para que cierre el mercado. Ser\u00e1 en las \u00faltimas fechas, m\u00e1s cercanas al 2 de febrero, cuando todo se agilice.<\/p>\n<p class=\"voc-p\" style=\"\">En el Betis no pueden realizar incorporaciones hasta que no se produzcan salidas dado que est\u00e1 con el l\u00edmite de gasto muy ajustado tras las inversiones realizadas en verano. El club heliopolitano espera tramitar la marcha de algunos futbolistas como el propio <strong>Bakambu, Chimy \u00c1vila<\/strong> y otros para remodelar el plantel en varias posiciones.<\/p>\n<p class=\"voc-p\" style=\"\">Bakambu, mientras, contin\u00faa ejercit\u00e1ndose con sus compa\u00f1eros preparando el choque del mi\u00e9rcoles ante el Elche. Vuelve a estar disponible el congole\u00f1o despu\u00e9s de haber participado en la Copa de \u00c1frica. Su \u00faltimo encuentro con los verdiblancos fue ante el Dinamo de Zagreb a mediados de diciembre. Este curso ha anotado dos goles, ambos a principio de curso ante el <strong>Athletic y el Nottingham Forest<\/strong>. Como circunstancia en este tiempo cabe recordar que Bakambu est\u00e1 sancionado en la Europa League por acumulaci\u00f3n de amonestaciones y no podr\u00e1 jugar el PAOK &#8211; Betis de la semana que viene.<\/p>\n<p>\nArt\u00edculo solo para suscriptores\n<\/p>\n<p>Reportar un error<\/p>\n","protected":false},"excerpt":{"rendered":"12\/01\/2026 Actualizado a las 12:22h. Cedric Bakambu est\u00e1 en el mercado y ha despertado el inter\u00e9s de varios&hellip;\n","protected":false},"author":2,"featured_media":336857,"comment_status":"","ping_status":"","sticky":false,"template":"","format":"standard","meta":{"footnotes":""},"categories":[268],"tags":[1334,36138,168,25,24,280,282,37681,1796,281,23,167],"class_list":{"0":"post-336856","1":"post","2":"type-post","3":"status-publish","4":"format-standard","5":"has-post-thumbnail","7":"category-futbol","8":"tag-alaves","9":"tag-bakambu","10":"tag-deportes","11":"tag-es","12":"tag-espana","13":"tag-football","14":"tag-futbol","15":"tag-interesan","16":"tag-oviedo","17":"tag-soccer","18":"tag-spain","19":"tag-sports"},"share_on_mastodon":{"url":"https:\/\/pubeurope.com\/@es\/115882446468182603","error":""},"_links":{"self":[{"href":"https:\/\/www.europesays.com\/es\/wp-json\/wp\/v2\/posts\/336856","targetHints":{"allow":["GET"]}}],"collection":[{"href":"https:\/\/www.europesays.com\/es\/wp-json\/wp\/v2\/posts"}],"about":[{"href":"https:\/\/www.europesays.com\/es\/wp-json\/wp\/v2\/types\/post"}],"author":[{"embeddable":true,"href":"https:\/\/www.europesays.com\/es\/wp-json\/wp\/v2\/users\/2"}],"replies":[{"embeddable":true,"href":"https:\/\/www.europesays.com\/es\/wp-json\/wp\/v2\/comments?post=336856"}],"version-history":[{"count":0,"href":"https:\/\/www.europesays.com\/es\/wp-json\/wp\/v2\/posts\/336856\/revisions"}],"wp:featuredmedia":[{"embeddable":true,"href":"https:\/\/www.europesays.com\/es\/wp-json\/wp\/v2\/media\/336857"}],"wp:attachment":[{"href":"https:\/\/www.europesays.com\/es\/wp-json\/wp\/v2\/media?parent=336856"}],"wp:term":[{"taxonomy":"category","embeddable":true,"href":"https:\/\/www.europesays.com\/es\/wp-json\/wp\/v2\/categories?post=336856"},{"taxonomy":"post_tag","embeddable":true,"href":"https:\/\/www.europesays.com\/es\/wp-json\/wp\/v2\/tags?post=336856"}],"curies":[{"name":"wp","href":"https:\/\/api.w.org\/{rel}","templated":true}]}}