{"id":336886,"date":"2026-01-12T14:10:08","date_gmt":"2026-01-12T14:10:08","guid":{"rendered":"https:\/\/www.europesays.com\/es\/336886\/"},"modified":"2026-01-12T14:10:08","modified_gmt":"2026-01-12T14:10:08","slug":"surne-bilbao-y-paok-reviven-en-miribilla-la-final-de-la-fiba-europe-cup-en-pos-del-liderato-saskibaloia","status":"publish","type":"post","link":"https:\/\/www.europesays.com\/es\/336886\/","title":{"rendered":"Surne Bilbao y PAOK reviven en Miribilla la final de la FIBA Europe Cup en pos del liderato | Saskibaloia"},"content":{"rendered":"<p>        <img decoding=\"async\" alt=\"Melwin Pantzar fue el MVP de la final\u00edsima del a\u00f1o pasado de la FIBA Europe Cup.\" height=\"1800\" loading=\"lazy\"  src=\"https:\/\/www.europesays.com\/es\/wp-content\/uploads\/2026\/01\/Pantzar.jpg\"  width=\"1200\"\/>Melwin Pantzar fue el MVP de la final\u00edsima del a\u00f1o pasado de la FIBA Europe Cup. (Aritz LOIOLA | FOKU)<\/p>\n<p>Surne Bilbao y PAOK Sal\u00f3nica rememorar\u00e1n este martes en Miribilla a las 20.00 la final de la FIBA Europe Cup en la que se midieron la temporada pasada, con triunfo vizcaino, peleando por el liderato del Grupo M de la segunda fase de esta misma competici\u00f3n continental.<\/p>\n<p>En la memoria siempre quedar\u00e1 el doble partido de la pasada primavera. Los hombres de negro se impusieron por <a href=\"https:\/\/www.naiz.eus\/eu\/info\/noticia\/20250416\/ventaja-de-siete-puntos-para-bilbao-basket-que-defender-en-salonica-al-ganar-la-ida-en-el-barro\" rel=\"nofollow noopener\" target=\"_blank\">72-65<\/a> en el encuentro de ida, logrando una renta suficiente para el regreso en tierras helenas, a pesar de caer por 84-82 en la encerrona del <a href=\"https:\/\/www.naiz.eus\/eu\/info\/noticia\/20250423\/surne-bilbao-basket-campeon-de-la-fiba-europe-cup-en-el-infierno-del-palataki\" rel=\"nofollow noopener\" target=\"_blank\">Palataki<\/a>. Un hito imposible de olvidar para un Bilbao Basket que antes de sumar <a href=\"https:\/\/www.naiz.eus\/eu\/info\/noticia\/20250425\/surne-bilbao-basket-lau-hilabetean-bilboko-enbaxadore-izatetik-bilboko-erreferente-izatera\" rel=\"nofollow noopener\" target=\"_blank\">este t\u00edtulo,<\/a> hab\u00eda perdido las finales de la Supercopa de 2007, la Liga ACB 2011 y la Eurocup de 2013.<\/p>\n<p>El partido de este martes no tendr\u00e1 tanto peso ni se vivir\u00e1 la sobreexcitaci\u00f3n desbordada de la final de la pasada edici\u00f3n, pero s\u00ed que decidir\u00e1 qu\u00e9 equipo cierre en cabeza esta segunda fase. Los dos equipos llegan tras haber ganado en las dos primeras jornadas al Sporting de Portugal y al Prievidza eslovaco y del que el que gane saldr\u00e1 ya pr\u00e1cticamente clasificado para los cuartos de final.<\/p>\n<p>No obstante, a los dos conjuntos se les presume en esa pen\u00faltima fase del torneo ante la claridad con la que se impusieron a sus otros dos rivales de grupo.<\/p>\n<p>Surne Bilbao gan\u00f3 en la primera jornada al Sporting en el Bilbao Arena por 94-79 y en la segunda en Eslovaquia por un arrollador 46-83; el PAOK, por su parte, se impuso en Sal\u00f3nica al Prievidza por 101-70 y en Lisboa al Sporting por un m\u00e1s ajustado 62-70.<\/p>\n<p><strong>Un PAOK cambiado<\/strong><\/p>\n<p>El equipo que dirige la leyenda eslovena Jurij Zdovc es, desde el propio inquilino del banquillo, un PAOK de Sal\u00f3nica tan reconocible como novedoso. Es un grupo al uso en la competici\u00f3n, con un bloque de jugadores americanos, en este caso media docena, algunos locales con presencia en la rotaci\u00f3n, en principio tres, y alg\u00fan aderezo de calidad, como el escolta lituano Tomas Dimsa, en su d\u00eda con experiencia en la Liga ACB y en la Euroliga.<\/p>\n<p>Junto a Dimsa, completan el equipo titular los exteriores Breerin Tyree y Nikos Persidis y los interiores Cleveland Melvin (18,7 puntos, 4,7 rebotes y 19,3 de valoraci\u00f3n en Europa), jugador clave, y Ben Moore.<\/p>\n<p>La rotaci\u00f3n principal se completa con los exteriores Antonis Konaris y Timmy Allen y el p\u00edvot Marvin Jones, quien vivir\u00e1 una jornada de sensaciones encontradas porque el curso anterior estaba en Bilbao Basket y fue de los que lider\u00f3 las celebraciones del primer t\u00edtulo europeo de los hombres de negro y, por equipos, del deporte profesional vizcaino.<\/p>\n<p>En la \u00faltima jornada liguera que disput\u00f3 el PAOK sumaba una derrota en la pr\u00f3rroga a domicilio ante el Mykonos por 101-94, y se queda cuarto en la liga griega aunque con un partido menos disputado, tambi\u00e9n jugaron Patrick Beverley y el p\u00edvot el a\u00f1o pasado en Andorra Nikos Chougkaz, que no lo hab\u00edan hecho en los anteriores encuentros continentales.<\/p>\n<p>El Surne Bilbao, por su parte, encara el partido luego de encadenar sendas victorias ante B\u00e0squet Girona y UCAM Murcia a pesar de las bajas de Stefan Lazarevic y Amar Sylla por sendos esguinces, el del alero de rodilla y el del p\u00edvot de tobillo.<\/p>\n<p>\n      Honi buruzko guztia:<br \/>\n      <a href=\"https:\/\/www.naiz.eus\/eu\/info_sek\/fiba-europe-cup-2025-26\" rel=\"nofollow noopener\" target=\"_blank\">Fiba Europe Cup 2025-26<\/a>\n    <\/p>\n","protected":false},"excerpt":{"rendered":"Melwin Pantzar fue el MVP de la final\u00edsima del a\u00f1o pasado de la FIBA Europe Cup. (Aritz LOIOLA&hellip;\n","protected":false},"author":2,"featured_media":336887,"comment_status":"","ping_status":"","sticky":false,"template":"","format":"standard","meta":{"footnotes":""},"categories":[269],"tags":[299,298,2601,5393,168,25,24,406,13863,1058,13686,48029,17938,77115,67217,23,167,40205,1511],"class_list":{"0":"post-336886","1":"post","2":"type-post","3":"status-publish","4":"format-standard","5":"has-post-thumbnail","7":"category-baloncesto","8":"tag-baloncesto","9":"tag-basketball","10":"tag-bilbao","11":"tag-cup","12":"tag-deportes","13":"tag-es","14":"tag-espana","15":"tag-europe","16":"tag-fiba","17":"tag-final","18":"tag-liderato","19":"tag-miribilla","20":"tag-paok","21":"tag-pos","22":"tag-reviven","23":"tag-spain","24":"tag-sports","25":"tag-surne","26":"tag-y"},"share_on_mastodon":{"url":"https:\/\/pubeurope.com\/@es\/115882533033789183","error":""},"_links":{"self":[{"href":"https:\/\/www.europesays.com\/es\/wp-json\/wp\/v2\/posts\/336886","targetHints":{"allow":["GET"]}}],"collection":[{"href":"https:\/\/www.europesays.com\/es\/wp-json\/wp\/v2\/posts"}],"about":[{"href":"https:\/\/www.europesays.com\/es\/wp-json\/wp\/v2\/types\/post"}],"author":[{"embeddable":true,"href":"https:\/\/www.europesays.com\/es\/wp-json\/wp\/v2\/users\/2"}],"replies":[{"embeddable":true,"href":"https:\/\/www.europesays.com\/es\/wp-json\/wp\/v2\/comments?post=336886"}],"version-history":[{"count":0,"href":"https:\/\/www.europesays.com\/es\/wp-json\/wp\/v2\/posts\/336886\/revisions"}],"wp:featuredmedia":[{"embeddable":true,"href":"https:\/\/www.europesays.com\/es\/wp-json\/wp\/v2\/media\/336887"}],"wp:attachment":[{"href":"https:\/\/www.europesays.com\/es\/wp-json\/wp\/v2\/media?parent=336886"}],"wp:term":[{"taxonomy":"category","embeddable":true,"href":"https:\/\/www.europesays.com\/es\/wp-json\/wp\/v2\/categories?post=336886"},{"taxonomy":"post_tag","embeddable":true,"href":"https:\/\/www.europesays.com\/es\/wp-json\/wp\/v2\/tags?post=336886"}],"curies":[{"name":"wp","href":"https:\/\/api.w.org\/{rel}","templated":true}]}}