{"id":336888,"date":"2026-01-12T14:11:12","date_gmt":"2026-01-12T14:11:12","guid":{"rendered":"https:\/\/www.europesays.com\/es\/336888\/"},"modified":"2026-01-12T14:11:12","modified_gmt":"2026-01-12T14:11:12","slug":"el-mallorca-ya-tiene-dos-candidatos-al-banquillo-con-jagoba-arrasate-al-borde-de-la-destitucion","status":"publish","type":"post","link":"https:\/\/www.europesays.com\/es\/336888\/","title":{"rendered":"El Mallorca ya tiene dos candidatos al banquillo con Jagoba Arrasate al borde de la destituci\u00f3n"},"content":{"rendered":"<p>  <a class=\"_link_1blok_1\" href=\"https:\/\/www.eldesmarque.com\/autores\/juan-ignacio-lechuga\/#utm_source=autor\" rel=\"author nofollow noopener\" target=\"_blank\"><img decoding=\"async\" class=\"_authorImage_go7ns_45\" src=\"https:\/\/www.europesays.com\/es\/wp-content\/uploads\/2025\/12\/jignaciol_da39-2.png\" alt=\"Juan Ignacio Lechuga\" loading=\"lazy\" width=\"100\" height=\"100\"\/><\/a>  Compartir  <\/p>\n<p class=\"_container_r6ld5_1 _container_1uguc_1 &#10;    color_eta\">Horas tensas en el <strong>RCD Mallorca<\/strong>. Tras la <a href=\"https:\/\/www.eldesmarque.com\/futbol\/liga-1a-division\/20260111\/rayo-vallecano-mallorca-cronica-resumen-goles-jornada-19-laliga-ea-sports_18_018033305.html#utm_source=cuerpo&amp;utm_medium=articulo\" rel=\"nofollow noopener\" target=\"_blank\">derrota ante el Rayo Vallecano<\/a> y finalizar la primera vuelta con s\u00f3lo 18 puntos y al borde de los puestos de descenso, el club est\u00e1 considerando la <strong>posible destituci\u00f3n de Jagoba Arrasate<\/strong>. De momento no hay ninguna decisi\u00f3n tomada, pero desde Palma ya est\u00e1n perfilando distintas opciones para llegar al banquillo de Son Moix y manejan dos nombres propios.<\/p>\n<p class=\"_container_r6ld5_1 _container_1uguc_1 &#10;    color_eta\">Seg\u00fan informa el periodista Matteo Moretto en Marca,<strong> el Mallorca est\u00e1 valorando la posible destituci\u00f3n de Arrasate debido a los malos resultados<\/strong>. El cuadro balear ha cosechado dos derrotas consecutivas <a href=\"https:\/\/www.eldesmarque.com\/futbol\/liga-1a-division\/20260104\/mallorca-girona-resultado-resumen-goles-jornada-18_18_017990103.html#utm_source=cuerpo&amp;utm_medium=articulo\" rel=\"nofollow noopener\" target=\"_blank\">en Vallecas y ante el Girona<\/a> para arrancar el a\u00f1o, en dos partidos ante rivales directos por el descenso que han hecho mucho da\u00f1o.<\/p>\n<p>PUEDE INTERESARTE<\/p>\n<p class=\"_container_r6ld5_1 _container_1uguc_1 &#10;    color_eta\">S\u00f3lo ha ganado cuatro encuentros en toda la primera vuelta, que finaliza s\u00f3lo 1 punto por encima del Valencia, que marca los puestos de descenso. Entre medias, adem\u00e1s, ha ca\u00eddo <a href=\"https:\/\/www.eldesmarque.com\/futbol\/copa-del-rey\/20251216\/deportivo-mallorca-collazo-primera-division_18_017880820.html#utm_source=cuerpo&amp;utm_medium=articulo\" rel=\"nofollow noopener\" target=\"_blank\">eliminado de la Copa del Rey ante el D\u00e9por<\/a>, un equipo de Segunda Divisi\u00f3n.<\/p>\n<p class=\"_container_r6ld5_1 _container_1uguc_1 &#10;    color_eta\">A la espera de novedades con Arrasate, en las oficinas de Son Moix est\u00e1n empezando a perfilar un posible sustituto. Y seg\u00fan se\u00f1ala la misma fuente, <strong>Francisco Javier Garc\u00eda Pimienta y Luis Garc\u00eda Plaza son dos de las opciones que m\u00e1s gustan<\/strong> para recalar en el banquillo.<\/p>\n<p>PUEDE INTERESARTE<\/p>\n<p class=\"_container_r6ld5_1 _container_1uguc_1 &#10;    color_eta\">Garc\u00eda Pimienta lleva sin equipo desde su destituci\u00f3n del Sevilla el pasado mes de abril. No consigui\u00f3 dar con la tecla en su paso por Nervi\u00f3n, como casi todos los entrenadores que han pasado \u00faltimamente por ese banquillo. Anteriormente dej\u00f3 buenos resultados en Las Palmas y &#8216;se crio&#8217; en las categor\u00edas inferiores del Barcelona.<\/p>\n<p class=\"_container_r6ld5_1 _container_1uguc_1 &#10;    color_eta\">En cuanto a Garc\u00eda Plaza, su experiencia en el campeonato es m\u00e1s que conocida. Su \u00faltimo club fue el Alav\u00e9s, que le destituy\u00f3 de manera sorprendente hace apenas un a\u00f1o, en diciembre de 2024. Anteriormente <strong>ya dirigi\u00f3 al Mallorca entre 2020 y 2022<\/strong>, por lo que conoce la casa. Ha sonado para varios banquillos en los \u00faltimos meses y todo apunta a que est\u00e1 esperando una propuesta de Primera Divisi\u00f3n.<\/p>\n<p>PUEDE INTERESARTE<img decoding=\"async\" alt=\"Jagoba Arrasate en Vallecas\" class=\"_author_image__full_lbs33_12 _image_thjnc_1\" loading=\"lazy\" title=\"\" src=\"https:\/\/www.europesays.com\/es\/wp-content\/uploads\/2026\/01\/jagoba-arrasate-en-vallecas-16-9-aspect-ratio-default-0_da39-2.jpg\" width=\"1920\" height=\"1080\"  \/>Jagoba Arrasate en Vallecas. Cordon Press      <\/p>\n","protected":false},"excerpt":{"rendered":"Compartir Horas tensas en el RCD Mallorca. Tras la derrota ante el Rayo Vallecano y finalizar la primera&hellip;\n","protected":false},"author":2,"featured_media":336889,"comment_status":"","ping_status":"","sticky":false,"template":"","format":"standard","meta":{"footnotes":""},"categories":[268],"tags":[168,25,24,280,282,281,23,167],"class_list":{"0":"post-336888","1":"post","2":"type-post","3":"status-publish","4":"format-standard","5":"has-post-thumbnail","7":"category-futbol","8":"tag-deportes","9":"tag-es","10":"tag-espana","11":"tag-football","12":"tag-futbol","13":"tag-soccer","14":"tag-spain","15":"tag-sports"},"share_on_mastodon":{"url":"https:\/\/pubeurope.com\/@es\/115882536816284992","error":""},"_links":{"self":[{"href":"https:\/\/www.europesays.com\/es\/wp-json\/wp\/v2\/posts\/336888","targetHints":{"allow":["GET"]}}],"collection":[{"href":"https:\/\/www.europesays.com\/es\/wp-json\/wp\/v2\/posts"}],"about":[{"href":"https:\/\/www.europesays.com\/es\/wp-json\/wp\/v2\/types\/post"}],"author":[{"embeddable":true,"href":"https:\/\/www.europesays.com\/es\/wp-json\/wp\/v2\/users\/2"}],"replies":[{"embeddable":true,"href":"https:\/\/www.europesays.com\/es\/wp-json\/wp\/v2\/comments?post=336888"}],"version-history":[{"count":0,"href":"https:\/\/www.europesays.com\/es\/wp-json\/wp\/v2\/posts\/336888\/revisions"}],"wp:featuredmedia":[{"embeddable":true,"href":"https:\/\/www.europesays.com\/es\/wp-json\/wp\/v2\/media\/336889"}],"wp:attachment":[{"href":"https:\/\/www.europesays.com\/es\/wp-json\/wp\/v2\/media?parent=336888"}],"wp:term":[{"taxonomy":"category","embeddable":true,"href":"https:\/\/www.europesays.com\/es\/wp-json\/wp\/v2\/categories?post=336888"},{"taxonomy":"post_tag","embeddable":true,"href":"https:\/\/www.europesays.com\/es\/wp-json\/wp\/v2\/tags?post=336888"}],"curies":[{"name":"wp","href":"https:\/\/api.w.org\/{rel}","templated":true}]}}