{"id":336890,"date":"2026-01-12T14:12:07","date_gmt":"2026-01-12T14:12:07","guid":{"rendered":"https:\/\/www.europesays.com\/es\/336890\/"},"modified":"2026-01-12T14:12:07","modified_gmt":"2026-01-12T14:12:07","slug":"otra-broma-mas-a-leonardo-dicaprio-en-los-globos-de-oro-sobre-la-edad-de-sus-parejas-y-su-hermetismo-no-sabemos-nada-sobre-ti-abrete-mas-gente","status":"publish","type":"post","link":"https:\/\/www.europesays.com\/es\/336890\/","title":{"rendered":"Otra broma m\u00e1s a Leonardo DiCaprio en los Globos de Oro sobre la edad de sus parejas y su hermetismo: \u201cNo sabemos nada sobre ti, \u00e1brete m\u00e1s\u201d | Gente"},"content":{"rendered":"<p class=\"\">La celebraci\u00f3n de los Globos de Oro, que han entregado sus galardones de cine y de televisi\u00f3n en la noche de este domingo 11 de enero, han marcado el arranque oficial de la temporada de premios en Hollywood. Celebrados en The Beverly Hilton Hotel, en Los \u00c1ngeles, <a href=\"https:\/\/elpais.com\/cultura\/2026-01-12\/adolescencia-y-una-batalla-tras-otra-triunfan-en-los-globos-de-oro-de-2026-sirat-se-va-de-vacio.html\" target=\"_blank\" rel=\"noreferrer nofollow noopener\" title=\"https:\/\/elpais.com\/cultura\/2026-01-12\/adolescencia-y-una-batalla-tras-otra-triunfan-en-los-globos-de-oro-de-2026-sirat-se-va-de-vacio.html\">la cita ha concluido con dos claros triunfadores<\/a>: la serie Adolescencia y la pel\u00edcula Una batalla tras otra. Aunque el filme, protagonizado por Leonardo DiCaprio, ha sido una de las favoritas de la noche, no ha conseguido alzarse con el premio al que precisamente \u00e9l estaba nominado: a mejor actor de comedia o musical. En su lugar, ha sido <a href=\"https:\/\/elpais.com\/gente\/2025-12-27\/naranja-supreme-o-como-timothee-chalamet-se-convirtio-en-el-decidido-tormento-y-a-la-vez-sueno-de-cualquier-publicista.html\" target=\"_blank\" rel=\"noreferrer nofollow noopener\" title=\"https:\/\/elpais.com\/gente\/2025-12-27\/naranja-supreme-o-como-timothee-chalamet-se-convirtio-en-el-decidido-tormento-y-a-la-vez-sueno-de-cualquier-publicista.html\">Timoth\u00e9e Chalamet<\/a> quien se ha llevado el premio por su interpretaci\u00f3n en Marty Supreme. Y pese a ello, DiCaprio ha acabado convirti\u00e9ndose en uno de los protagonistas de la velada, aunque casi de manera involuntaria. <\/p>\n<p class=\"\">Todo ha comenzado cuando la c\u00f3mica Nikki Glaser se ha subido al escenario para presentar la ceremonia. Por segundo a\u00f1o consecutivo, ha levantado las risas del p\u00fablico, gastando bromas a todo el mundo, incluidos los nominados de la noche. Entre los se\u00f1alados ha estado el protagonista de Titanic. Aunque ha comenzado alabando su actuaci\u00f3n en Una batalla tras otra, pronto su comentario <a href=\"https:\/\/elpais.com\/gente\/2025-08-14\/a-leonardo-dicaprio-se-le-critica-por-la-juventud-de-sus-novias-pero-el-considera-que-emocionalmente-tiene-32-anos.html\" target=\"_blank\" rel=\"noreferrer nofollow noopener\" title=\"https:\/\/elpais.com\/gente\/2025-08-14\/a-leonardo-dicaprio-se-le-critica-por-la-juventud-de-sus-novias-pero-el-considera-que-emocionalmente-tiene-32-anos.html\">ha derivado en la edad de sus parejas,<\/a> un asunto que contin\u00faa a la orden del d\u00eda: \u201cQu\u00e9 carrera has tenido, cu\u00e1ntas interpretaciones tan ic\u00f3nicas, has trabajado con todos los directores, tres Globos de Oro, un Oscar&#8230; y todo eso lo hiciste antes de que tu novia cumpla 30 a\u00f1os\u201d. <\/p>\n<p>M\u00e1s informaci\u00f3n<\/p>\n<p class=\"\">Actualmente, el actor mantiene una discreta relaci\u00f3n con <a href=\"https:\/\/elpais.com\/smoda\/belleza\/2025-12-11\/vittoria-ceretti-ser-modelo-no-era-mi-sueno-de-pequena-cuando-empece-no-sabia-ni-donde-me-metia.html\" target=\"_blank\" rel=\"noreferrer nofollow noopener\" title=\"https:\/\/elpais.com\/smoda\/belleza\/2025-12-11\/vittoria-ceretti-ser-modelo-no-era-mi-sueno-de-pequena-cuando-empece-no-sabia-ni-donde-me-metia.html\">Vittoria Ceretti<\/a>. Aunque \u00e9l intenta que todo lo que tiene que ver con su vida personal quede en un segundo plano, a lo largo de los a\u00f1os no ha podido evitar que su nombre ocupe titulares por la diferencia de edad con sus parejas. Algo que ahora ha llegado incluso al escenario de los Globos de Oro. \u201cLeo, siento haber hecho esa broma, es de mal gusto. Intent\u00e9 no hacerlo, pero ya sabes&#8230; no sabemos nada sobre ti, t\u00edo. No hay nada m\u00e1s, \u00e1brete\u201d<\/p>\n<p class=\"\">Y no le falta raz\u00f3n. DiCaprio se ha convertido en uno de los actores m\u00e1s reconocidos de la industria cinematogr\u00e1fica de las \u00faltimas tres d\u00e9cadas, pero a \u00e9l no le gusta hablar de su vida ni en entrevistas ni en eventos p\u00fablicos ni cuando ha recogido premios. Para demostrar que esto es as\u00ed, Glaser ha afirmado que ha estado investigando sobre \u00e9l y que su \u201centrevista m\u00e1s profunda fue en la revista Teen Beat en 1991\u2033: \u201c\u00bfTu comida favorita sigue siendo pasta, pasta y m\u00e1s pasta?\u201d, le ha preguntado antes de desatar las risas del p\u00fablico y del actor, quien no ha dudado en hacer un gesto con el pulgar hacia arriba a modo de aprobaci\u00f3n. <\/p>\n<p class=\"\">Es la segunda vez en dos semanas que este tema vuelve a copar titulares internacionales. Fue el pasado mes de diciembre cuando DiCaprio y <a href=\"https:\/\/elpais.com\/smoda\/2025-11-05\/la-insoportable-jennifer-lawrence-o-por-que-la-actriz-se-averguenza-de-la-frescura-con-la-que-conquisto-hollywood.html\" target=\"_blank\" rel=\"noreferrer nofollow noopener\" title=\"https:\/\/elpais.com\/smoda\/2025-11-05\/la-insoportable-jennifer-lawrence-o-por-que-la-actriz-se-averguenza-de-la-frescura-con-la-que-conquisto-hollywood.html\">Jennifer Lawrence<\/a> protagonizaron una entrevista conjunta para le revista Variety. En ella, la actriz de Los juegos del hambre le dec\u00eda que le hab\u00eda encantado como hab\u00eda interpretado su papel como padre en su \u00faltima pel\u00edcula. \u201cMe encantar\u00eda verte ser padre. Me da mucha pena que no tengas una hija adolescente. Te ves genial con una\u201d, afirm\u00f3 entre risas, antes de que la c\u00e1mara le mostrase a \u00e9l sin saber c\u00f3mo interpretarlo.<\/p>\n","protected":false},"excerpt":{"rendered":"La celebraci\u00f3n de los Globos de Oro, que han entregado sus galardones de cine y de televisi\u00f3n en&hellip;\n","protected":false},"author":2,"featured_media":336891,"comment_status":"","ping_status":"","sticky":false,"template":"","format":"standard","meta":{"footnotes":""},"categories":[174],"tags":[1014,255,177,146,147,25,24,629,256,260,22618,1505,14374,532,34251,1922,23,807],"class_list":{"0":"post-336890","1":"post","2":"type-post","3":"status-publish","4":"format-standard","5":"has-post-thumbnail","7":"category-famosos","8":"tag-actores","9":"tag-celebrities","10":"tag-cine","11":"tag-entertainment","12":"tag-entretenimiento","13":"tag-es","14":"tag-espana","15":"tag-estados-unidos","16":"tag-famosos","17":"tag-gente","18":"tag-globos-de-oro","19":"tag-hollywood","20":"tag-leonardo-dicaprio","21":"tag-premios","22":"tag-premios-cine","23":"tag-redes-sociales","24":"tag-spain","25":"tag-television"},"share_on_mastodon":{"url":"https:\/\/pubeurope.com\/@es\/115882540537282562","error":""},"_links":{"self":[{"href":"https:\/\/www.europesays.com\/es\/wp-json\/wp\/v2\/posts\/336890","targetHints":{"allow":["GET"]}}],"collection":[{"href":"https:\/\/www.europesays.com\/es\/wp-json\/wp\/v2\/posts"}],"about":[{"href":"https:\/\/www.europesays.com\/es\/wp-json\/wp\/v2\/types\/post"}],"author":[{"embeddable":true,"href":"https:\/\/www.europesays.com\/es\/wp-json\/wp\/v2\/users\/2"}],"replies":[{"embeddable":true,"href":"https:\/\/www.europesays.com\/es\/wp-json\/wp\/v2\/comments?post=336890"}],"version-history":[{"count":0,"href":"https:\/\/www.europesays.com\/es\/wp-json\/wp\/v2\/posts\/336890\/revisions"}],"wp:featuredmedia":[{"embeddable":true,"href":"https:\/\/www.europesays.com\/es\/wp-json\/wp\/v2\/media\/336891"}],"wp:attachment":[{"href":"https:\/\/www.europesays.com\/es\/wp-json\/wp\/v2\/media?parent=336890"}],"wp:term":[{"taxonomy":"category","embeddable":true,"href":"https:\/\/www.europesays.com\/es\/wp-json\/wp\/v2\/categories?post=336890"},{"taxonomy":"post_tag","embeddable":true,"href":"https:\/\/www.europesays.com\/es\/wp-json\/wp\/v2\/tags?post=336890"}],"curies":[{"name":"wp","href":"https:\/\/api.w.org\/{rel}","templated":true}]}}