{"id":336898,"date":"2026-01-12T14:18:11","date_gmt":"2026-01-12T14:18:11","guid":{"rendered":"https:\/\/www.europesays.com\/es\/336898\/"},"modified":"2026-01-12T14:18:11","modified_gmt":"2026-01-12T14:18:11","slug":"el-jurado-de-los-premios-valladolid-ciudad-deportiva-2025-otorga-por-unanimidad-una-mencion-a-titulo-postumo-a-gonzalo-cebrian-ruiz","status":"publish","type":"post","link":"https:\/\/www.europesays.com\/es\/336898\/","title":{"rendered":"El jurado de los Premios Valladolid Ciudad Deportiva 2025 otorga por unanimidad una menci\u00f3n a t\u00edtulo p\u00f3stumo a Gonzalo Cebri\u00e1n Ruiz"},"content":{"rendered":"<p>Descripci\u00f3n<\/p>\n<p class=\"cmParagraph cmAlignjustify\">A petici\u00f3n del alcalde, Jes\u00fas Julio Carnero, y a propuesta de la presidenta delegada de la Fundaci\u00f3n Municipal de Deportes (FMD), Mayte Mart\u00ednez, el jurado de la XXXIV edici\u00f3n de los Premios Valladolid Ciudad Deportiva 2025 ha otorgado por unanimidad una menci\u00f3n a t\u00edtulo p\u00f3stumo al que fuera presidente de la Real Sociedad H\u00edpica de Valladolid, Gonzalo Cebri\u00e1n Ruiz, recientemente fallecido.<\/p>\n<p class=\"cmParagraph cmAlignjustify\">El jurado ha valorado en su decisi\u00f3n, que Gonzalo Cebri\u00e1n fue promotor e impulsor tanto de la modernizaci\u00f3n de instalaciones como de competiciones h\u00edpicas, as\u00ed como del fortalecimiento del deporte ecuestre en la ciudad.<\/p>\n<p class=\"cmParagraph cmAlignjustify\">Su implicaci\u00f3n se extendi\u00f3 tambi\u00e9n a otras iniciativas vinculadas al deporte, apoyando a distintos equipos y fomentando espacios de encuentro como los tradicionales desayunos de la Asociaci\u00f3n de la Prensa Deportiva de Valladolid, en la sede de la Real Sociedad H\u00edpica de Valladolid.<\/p>\n<p class=\"cmParagraph cmAlignjustify\">La FMD, adem\u00e1s del pesar por su p\u00e9rdida, as\u00ed lo ha expresado p\u00fablicamente, ha destacado la dedicaci\u00f3n y el esfuerzo constante de Cebri\u00e1n Ruiz por el desarrollo del deporte local durante su etapa al frente de la entidad que presid\u00eda. A este reconocimiento se han sumado numerosas muestras de condolencia procedentes del \u00e1mbito institucional y social.<\/p>\n<p class=\"cmParagraph cmAlignjustify\">Cabe recordar que el jurado de la edici\u00f3n est\u00e1 integrado por la propia Mayte Mart\u00ednez, como presidenta delegada de la FDM, as\u00ed como por representantes de los grupos pol\u00edticos municipales, del periodismo deportivo y de diferentes entidades y federaciones deportivas de Castilla y Le\u00f3n, actuando como secretario del mismo Santiago Hidalgo Chacel, Gerente de la Fundaci\u00f3n Municipal de Deportes.<\/p>\n<p class=\"cmParagraph cmAlignjustify\">La ceremonia de entrega de los XXXIV los Premios Valladolid Ciudad Deportiva tendr\u00e1 lugar el pr\u00f3ximo 2 de febrero, en el Sal\u00f3n de Recepciones de la Casa Consistorial.<\/p>\n","protected":false},"excerpt":{"rendered":"Descripci\u00f3n A petici\u00f3n del alcalde, Jes\u00fas Julio Carnero, y a propuesta de la presidenta delegada de la Fundaci\u00f3n&hellip;\n","protected":false},"author":2,"featured_media":336899,"comment_status":"","ping_status":"","sticky":false,"template":"","format":"standard","meta":{"footnotes":""},"categories":[93],"tags":[4115,4109,249,1250,4107,4114,777,4110,168,25,24,260,4108,4112,10,4111,4116,4113,23,167,1607],"class_list":["post-336898","post","type-post","status-publish","format-standard","has-post-thumbnail","category-deportes","tag-agendas","tag-alcaldia","tag-ayudas","tag-ayuntamiento","tag-castilla","tag-centros","tag-ciudad","tag-corporacion","tag-deportes","tag-es","tag-espana","tag-gente","tag-leon","tag-normativas","tag-noticias","tag-presupuestos","tag-publicaciones","tag-servicios","tag-spain","tag-sports","tag-valladolid"],"share_on_mastodon":{"url":"https:\/\/pubeurope.com\/@es\/115882564301020291","error":""},"_links":{"self":[{"href":"https:\/\/www.europesays.com\/es\/wp-json\/wp\/v2\/posts\/336898","targetHints":{"allow":["GET"]}}],"collection":[{"href":"https:\/\/www.europesays.com\/es\/wp-json\/wp\/v2\/posts"}],"about":[{"href":"https:\/\/www.europesays.com\/es\/wp-json\/wp\/v2\/types\/post"}],"author":[{"embeddable":true,"href":"https:\/\/www.europesays.com\/es\/wp-json\/wp\/v2\/users\/2"}],"replies":[{"embeddable":true,"href":"https:\/\/www.europesays.com\/es\/wp-json\/wp\/v2\/comments?post=336898"}],"version-history":[{"count":0,"href":"https:\/\/www.europesays.com\/es\/wp-json\/wp\/v2\/posts\/336898\/revisions"}],"wp:featuredmedia":[{"embeddable":true,"href":"https:\/\/www.europesays.com\/es\/wp-json\/wp\/v2\/media\/336899"}],"wp:attachment":[{"href":"https:\/\/www.europesays.com\/es\/wp-json\/wp\/v2\/media?parent=336898"}],"wp:term":[{"taxonomy":"category","embeddable":true,"href":"https:\/\/www.europesays.com\/es\/wp-json\/wp\/v2\/categories?post=336898"},{"taxonomy":"post_tag","embeddable":true,"href":"https:\/\/www.europesays.com\/es\/wp-json\/wp\/v2\/tags?post=336898"}],"curies":[{"name":"wp","href":"https:\/\/api.w.org\/{rel}","templated":true}]}}