{"id":337211,"date":"2026-01-12T18:47:12","date_gmt":"2026-01-12T18:47:12","guid":{"rendered":"https:\/\/www.europesays.com\/es\/337211\/"},"modified":"2026-01-12T18:47:12","modified_gmt":"2026-01-12T18:47:12","slug":"el-madrid-tiene-miedo-al-mercado-de-enero","status":"publish","type":"post","link":"https:\/\/www.europesays.com\/es\/337211\/","title":{"rendered":"El Madrid tiene miedo al mercado de enero"},"content":{"rendered":"<p class=\"ft-text\">El Real Madrid <strong>no est\u00e1 por la labor de reforzar la plantilla<\/strong> en este mercado de invierno. Xabi Alonso tiene<strong> 24 jugadores <\/strong><a href=\"https:\/\/www.sport.es\/es\/noticias\/futbol-internacional\/endrick-sorprende-francia-marcando-debut-125580773\" class=\"ft-link ft-link--decoration\" rel=\"nofollow noopener\" target=\"_blank\"><strong>tras ceder a Endrick al Olympique de Lyon<\/strong><\/a>. El club est\u00e1 <strong>convencido de que tienen recursos suficientes<\/strong> en todas las l\u00edneas, a lo que suma experiencias del pasado en las que ning\u00fan futbolista fichado a mitad de temporada tap\u00f3 las carencias que hab\u00eda en la plantilla.<\/p>\n<p>Aciertos y errores<\/p>\n<p class=\"ft-text\"><strong>Florentino P\u00e9rez no es partidario de fichar en enero, tiene miedo a que le cuelen gazapos como Lucas Silva, Huntelaar, Faubert<\/strong> o el rid\u00edculo may\u00fasculo cuando contrat\u00f3 <a href=\"https:\/\/www.sport.es\/es\/noticias\/real-madrid\/jugara-jugara-real-madrid-insultaba-presidente-entrenador-6542490\" class=\"ft-link ft-link--decoration\" rel=\"nofollow noopener\" target=\"_blank\"><strong>a Cassano,<\/strong><\/a> que retrat\u00f3 la gesti\u00f3n de los asesores del club en esa \u00e1rea. Sin embargo, <strong>s\u00ed hubo fichajes que rindieron<\/strong> a un alto nivel con el paso del tiempo como <strong>Marcelo, Higua\u00edn, Gago o Lass Diarr\u00e1<\/strong>. El \u00faltimo en llegar en un mes de enero fue Brahim D\u00edaz, que sigue en el equipo.<\/p>\n<p class=\"ft-text\"><strong>\u00abNuestra obligaci\u00f3n siempre es estar atentos a poder mejorar o a necesidades puntuales\u00bb, <\/strong><a href=\"https:\/\/www.sport.es\/es\/noticias\/real-madrid\/tres-llamadas-xabi-alonso-pedir-fichajes-125336406\" class=\"ft-link ft-link--decoration\" rel=\"nofollow noopener\" target=\"_blank\"><strong>dec\u00eda Xabi Alonso<\/strong><\/a> en contra de la valoraci\u00f3n del club, pero se muestra sumiso al proyecto elaborado por esa comisi\u00f3n t\u00e9cnico que preside Florentino P\u00e9rez: \u00ab<strong>Trabajo con la plantilla que tenemos y mi deber es exprimirla, ser eficaz <\/strong>y que colectivamente encajen las piezas\u00bb. Y es que para el tolosarra no est\u00e1 el horno para bollos con su situaci\u00f3n personal.<\/p>\n<p>Mediocampistas<\/p>\n<p class=\"ft-text\">La carencia m\u00e1s llamativa es la <strong>falta de recursos en el centro del campo<\/strong>. Tiene cuatro jugadores para tres puestos: Tchouameni, Camavinga, Valverde y Ceballos. Salvo el andaluz, los dem\u00e1s <strong>no destacan por su creatividad y Xabi tiene que improvisar<\/strong> retrasando de posici\u00f3n a G\u00fcler o Bellingham, mediapuntas con limitaciones defensivas. Pese a todo, <strong>en el club creen que est\u00e1n bien armados, al contrario de un entorno cada vez m\u00e1s convencido de que es el gran problema del equipo.<\/strong><\/p>\n<p class=\"ft-text\"><strong>Florentino P\u00e9rez antepone la estabilidad deportiva y econ\u00f3mica<\/strong>. Los jugadores disponibles a estas alturas de la temporada son los que no tienen sitio en sus equipos, y que <strong>intentar fichar a un jugador que sea titular en otras plantillas supondr\u00eda un sobrecoste<\/strong> que no est\u00e1n dispuestos a asumir. Nadie garantiza que el refuerzo se adapte al equipo y tape las carencias que tiene. Por todo ello, el club no tiene previsto fichar ahora y <strong>esperar\u00e1 a final de temporada para hacer una valoraci\u00f3n<\/strong> de las necesidades que tienen.<\/p>\n","protected":false},"excerpt":{"rendered":"El Real Madrid no est\u00e1 por la labor de reforzar la plantilla en este mercado de invierno. Xabi&hellip;\n","protected":false},"author":2,"featured_media":337212,"comment_status":"","ping_status":"","sticky":false,"template":"","format":"standard","meta":{"footnotes":""},"categories":[268],"tags":[168,17936,25,24,5942,280,282,205,1239,5486,281,23,167,10344],"class_list":{"0":"post-337211","1":"post","2":"type-post","3":"status-publish","4":"format-standard","5":"has-post-thumbnail","7":"category-futbol","8":"tag-deportes","9":"tag-enero","10":"tag-es","11":"tag-espana","12":"tag-fichajes-real-madrid","13":"tag-football","14":"tag-futbol","15":"tag-madrid","16":"tag-mercado","17":"tag-miedo","18":"tag-soccer","19":"tag-spain","20":"tag-sports","21":"tag-xabi-alonso"},"share_on_mastodon":{"url":"https:\/\/pubeurope.com\/@es\/115883622001776007","error":""},"_links":{"self":[{"href":"https:\/\/www.europesays.com\/es\/wp-json\/wp\/v2\/posts\/337211","targetHints":{"allow":["GET"]}}],"collection":[{"href":"https:\/\/www.europesays.com\/es\/wp-json\/wp\/v2\/posts"}],"about":[{"href":"https:\/\/www.europesays.com\/es\/wp-json\/wp\/v2\/types\/post"}],"author":[{"embeddable":true,"href":"https:\/\/www.europesays.com\/es\/wp-json\/wp\/v2\/users\/2"}],"replies":[{"embeddable":true,"href":"https:\/\/www.europesays.com\/es\/wp-json\/wp\/v2\/comments?post=337211"}],"version-history":[{"count":0,"href":"https:\/\/www.europesays.com\/es\/wp-json\/wp\/v2\/posts\/337211\/revisions"}],"wp:featuredmedia":[{"embeddable":true,"href":"https:\/\/www.europesays.com\/es\/wp-json\/wp\/v2\/media\/337212"}],"wp:attachment":[{"href":"https:\/\/www.europesays.com\/es\/wp-json\/wp\/v2\/media?parent=337211"}],"wp:term":[{"taxonomy":"category","embeddable":true,"href":"https:\/\/www.europesays.com\/es\/wp-json\/wp\/v2\/categories?post=337211"},{"taxonomy":"post_tag","embeddable":true,"href":"https:\/\/www.europesays.com\/es\/wp-json\/wp\/v2\/tags?post=337211"}],"curies":[{"name":"wp","href":"https:\/\/api.w.org\/{rel}","templated":true}]}}