{"id":337317,"date":"2026-01-12T20:25:14","date_gmt":"2026-01-12T20:25:14","guid":{"rendered":"https:\/\/www.europesays.com\/es\/337317\/"},"modified":"2026-01-12T20:25:14","modified_gmt":"2026-01-12T20:25:14","slug":"se-acabo-un-ciclo-y-lo-vivo-de-forma-natural","status":"publish","type":"post","link":"https:\/\/www.europesays.com\/es\/337317\/","title":{"rendered":"Se acab\u00f3 un ciclo y lo vivo de forma natural"},"content":{"rendered":"<p><strong>\u00a1All\u00e1 t\u00fa! vuelve de nuevo a Telecinco este lunes<\/strong>, 12 de enero, y\u00a0con \u00e9l se produce otro regreso, el de <strong>Juanra Bonet.<\/strong> El valenciano, quien debutara en Mediaset de la mano de Caiga Quien Caiga (CQC), ha permanecido durante una d\u00e9cada entre las filas de <strong>Atresmedia<\/strong>, donde se ha erigido como una de las figuras clave en el g\u00e9nero del concurso. Antes de aterrizar en el <strong>access prime time,<\/strong> en el que tomar\u00e1 el relevo de Ag\u00e1rrate al sill\u00f3n de <strong>lunes a viernes<\/strong>, ElPlural.com ha podido hablar con el comunicador sobre este importante movimiento.<\/p>\n<p><strong>Pregunta: \u00bfC\u00f3mo vives este cambio despu\u00e9s de tantos a\u00f1os?<\/strong><\/p>\n<p>Respuesta: Feliz y contento con los reencuentros. F\u00edjate, ahora estoy paseando en una zona de la nave donde estaban las bombas esas que sub\u00edan con el tranv\u00eda de \u00a1Boom! Ah\u00ed estaban los sof\u00e1s donde yo charlaba\u00a0con los concursantes, y cruz\u00e1ndome con todo el equipo con el que he trabajado\u00a0pr\u00e1cticamente en los \u00faltimos diez a\u00f1os.<\/p>\n<p><strong>(P): Dec\u00edas en la rueda de prensa que ahora vas a abrir cajas en el lugar donde se te &#8216;abri\u00f3&#8217; la caja por primera vez con Caiga Quien Caiga. <\/strong><\/p>\n<p>(R): Es que este programa se parece a la vida. Vas abriendo cajas y a veces te sale bien, a veces es regular, a veces es un objeto. Es un programa que yo ya hab\u00eda visto y disfrut\u00e9 mucho con Jes\u00fas. El verano que lo present\u00f3 Arturo fue maravilloso y le dio otro color.<\/p>\n<p>El programa funciona,\u00a0la gente es maravillosa, el casting es espectacular. Tambi\u00e9n el aportar ahora\u00a0un acompa\u00f1ante va a sumar much\u00edsimo a todo lo que se va a vivir y todo lo que va a traspasar la pantalla. As\u00ed que estoy\u00a0contento, ilusionado, y con la responsabilidad de llevar un cochazo como \u00a1All\u00e1 t\u00fa!, que ya hab\u00eda llevado una instituci\u00f3n como Jes\u00fas.<\/p>\n<p><strong>(P): Eres uno de los presentadores de concursos por excelencia de nuestra parrilla. Despu\u00e9s de tanto tiempo y tantos formatos, \u00bfqu\u00e9 le puedes aportar t\u00fa a este programa y viceversa? <\/strong><\/p>\n<p>(R): Es el primer concurso en mi vida que presento que no es de conocimiento, sino\u00a0de azar. Y eso\u00a0me pone unas mariposas en el est\u00f3mago gigantescas. Estoy acostumbrado a ver concursantes extraordinarios con unos conocimientos vastos, y\u00a0de repente estoy un concurso de\u00a0azar e\u00a0intuici\u00f3n. Me parece apasionante.<\/p>\n<p>Lo que puedo aportar yo, no molestar. Me explico,\u00a0porque nos pasa a todos los presentadores y presentadoras de concursos. Nosotros\u00a0lo que queremos es que el juego funcione bien, que vaya fluido, que los concursantes brillen, y\u00a0nosotros interactuamos con ellos, hablamos, escuchamos y ocupamos el rol que ellos de alguna manera intuimos que nos piden. A veces nos piden que seamos el colega enrollado, a veces que nos pongamos un poco m\u00e1s como si fu\u00e9ramos de recursos humanos, etc. Cada concursante necesita una cosa de nuestros papeles, por eso lo de no molestar.<\/p>\n<p><strong>(P): \u00bfNos puedes contar c\u00f3mo se fragu\u00f3 este cambio despu\u00e9s de tanto tiempo en Atresmedia?<\/strong><\/p>\n<p>(R): No te puedo decir que haya un momento de &#8216;hasta aqu\u00ed&#8217;, de me apetece un mont\u00f3n el cambio de aires. De manera\u00a0natural y org\u00e1nica, mi ciclo se estaba acabando y surgi\u00f3 esto, que reun\u00eda un mont\u00f3n de cosas bonitas.<\/p>\n<p>Por un lado, un formato que me encanta. Por otro lado, estar\u00e9 con mi familia de Gestmusic\u00a0tambi\u00e9n, con los que hice \u00a1Boom! durante ocho a\u00f1os, por lo que no creo que tenga mucha sensaci\u00f3n de cambio.<\/p>\n<p>Cuando le de al play el lunes y vea que la mosca de la tele es otra ser\u00e9 consciente, pero la sensaci\u00f3n ahora mismo de estar con mis colegas de Gestmusic. Pero soy\u00a0consciente narrativamente, eh. Cambiar una empresa muy importante por otra muy importante, soy consciente del efecto de cambiar Bar\u00e7a por Madrid, que es muy vistoso y bonito.<\/p>\n<p>Simplemente se acab\u00f3 un ciclo y puedo empezar otro donde yo ya comenc\u00e9. Empec\u00e9 aqu\u00ed, en CQC. Digamos que ellos me abrieron una caja para estar en el programa y esa caja me cambi\u00f3 la vida.\u00a0<\/p>\n<p><strong>(P): Aunque volvieras a casa, como dices, ha pasado mucho tiempo y la cadena, al igual que la misma televisi\u00f3n, ha cambiado y ya no es la misma. \u00bfNo te daba v\u00e9rtigo?<\/strong><\/p>\n<p>(R): Estoy en el plat\u00f3 que he estado los \u00faltimos 10 a\u00f1os, con el mismo equipo t\u00e9cnico de los \u00faltimos a\u00f1os de mi vida\u00a0hasta que acab\u00f3 \u00a1Boom!,\u00a0me sigo enfrentando a Pasapalabra, etc. Entiendo la foto, pero soy incapaz de vivirlo as\u00ed, lo vivo de una manera bastante natural.<\/p>\n<p>Los que trabajamos en tele\u00a0creo que deber\u00edamos abrir un poco el marco y competir con quien realmente est\u00e1 quit\u00e1ndonos\u00a0la clientela. Estamos pensando muchas veces en que si Cuatro, laSexta, Telecinco, Antena 3, La 2, cuando lo que est\u00e1 ocurriendo es que la familia ya no se sienta a ver la tele.\u00a0Ahora cada uno coge su dispositivo y se va a su habitaci\u00f3n. En lugar de competir tanto entre nosotros\u00a0tenemos que encontrar la manera de volver a juntar a toda la familia ante la tele como antes.\u00a0<\/p>\n<p><strong>(P): Para terminar, \u00bfc\u00f3mo afrontas el estreno del lunes despu\u00e9s de tantos debuts a la espaldas? \u00bfSigue habiendo nervios o se vive desde otro punto?<\/strong><\/p>\n<p>(R): Siempre hace ilusi\u00f3n un buen dato, y\u00a0si es malo\u00a0siempre piensas &#8216;bueno, lo ir\u00e9 subiendo&#8217;. Pero tambi\u00e9n piensas: &#8216;no voy a mirar el dato&#8217; (risas). Entonces s\u00ed, hace ilusi\u00f3n un buen dato, pero hoy en d\u00eda tampoco sabes qu\u00e9\u00a0es un buen dato.<\/p>\n<p>Con mi experiencia en programas diarios, soy m\u00e1s fan de las curvas y las tendencias que de los datos puntuales. Prefiero empezar abajo, que tenga una curva lenta, ascendente, a tener un diente de sierra. Creo en los diarios, creo en las tendencias, en ver la foto es desde fuera.<\/p>\n","protected":false},"excerpt":{"rendered":"\u00a1All\u00e1 t\u00fa! vuelve de nuevo a Telecinco este lunes, 12 de enero, y\u00a0con \u00e9l se produce otro regreso,&hellip;\n","protected":false},"author":2,"featured_media":337318,"comment_status":"","ping_status":"","sticky":false,"template":"","format":"standard","meta":{"footnotes":""},"categories":[171],"tags":[146,147,25,24,23,214],"class_list":{"0":"post-337317","1":"post","2":"type-post","3":"status-publish","4":"format-standard","5":"has-post-thumbnail","7":"category-tv","8":"tag-entertainment","9":"tag-entretenimiento","10":"tag-es","11":"tag-espana","12":"tag-spain","13":"tag-tv"},"share_on_mastodon":{"url":"https:\/\/pubeurope.com\/@es\/115884007224202945","error":""},"_links":{"self":[{"href":"https:\/\/www.europesays.com\/es\/wp-json\/wp\/v2\/posts\/337317","targetHints":{"allow":["GET"]}}],"collection":[{"href":"https:\/\/www.europesays.com\/es\/wp-json\/wp\/v2\/posts"}],"about":[{"href":"https:\/\/www.europesays.com\/es\/wp-json\/wp\/v2\/types\/post"}],"author":[{"embeddable":true,"href":"https:\/\/www.europesays.com\/es\/wp-json\/wp\/v2\/users\/2"}],"replies":[{"embeddable":true,"href":"https:\/\/www.europesays.com\/es\/wp-json\/wp\/v2\/comments?post=337317"}],"version-history":[{"count":0,"href":"https:\/\/www.europesays.com\/es\/wp-json\/wp\/v2\/posts\/337317\/revisions"}],"wp:featuredmedia":[{"embeddable":true,"href":"https:\/\/www.europesays.com\/es\/wp-json\/wp\/v2\/media\/337318"}],"wp:attachment":[{"href":"https:\/\/www.europesays.com\/es\/wp-json\/wp\/v2\/media?parent=337317"}],"wp:term":[{"taxonomy":"category","embeddable":true,"href":"https:\/\/www.europesays.com\/es\/wp-json\/wp\/v2\/categories?post=337317"},{"taxonomy":"post_tag","embeddable":true,"href":"https:\/\/www.europesays.com\/es\/wp-json\/wp\/v2\/tags?post=337317"}],"curies":[{"name":"wp","href":"https:\/\/api.w.org\/{rel}","templated":true}]}}