{"id":337395,"date":"2026-01-12T21:42:11","date_gmt":"2026-01-12T21:42:11","guid":{"rendered":"https:\/\/www.europesays.com\/es\/337395\/"},"modified":"2026-01-12T21:42:11","modified_gmt":"2026-01-12T21:42:11","slug":"comienza-en-panama-juicio-por-presuntos-sobornos-de-odebrecht","status":"publish","type":"post","link":"https:\/\/www.europesays.com\/es\/337395\/","title":{"rendered":"Comienza en Panam\u00e1 juicio por presuntos sobornos de Odebrecht"},"content":{"rendered":"<p>    <img src=\"https:\/\/www.europesays.com\/es\/wp-content\/uploads\/2026\/01\/2026-01-12T153A213A51Z-90763239.jpg\" width=\"1024\" height=\"668\" alt=\"\" loading=\"eager\" decoding=\"sync\" fetchpriority=\"high\"\/><\/p>\n<p>            afp_tickers        <\/p>\n<p>        Este contenido fue publicado en    <\/p>\n<p>        12 enero 2026 &#8211; 16:21\n<\/p>\n<p>El expresidente paname\u00f1o Ricardo Martinelli, asilado en Colombia, y otra veintena de personas son juzgados desde este lunes en Panam\u00e1 por presunto lavado de dinero de los sobornos de la constructora brasile\u00f1a Odebrecht.<\/p>\n<p>La empresa se declar\u00f3 culpable en 2016 ante un tribunal de Estados Unidos de haber distribuido m\u00e1s de 788 millones de d\u00f3lares en comisiones, principalmente en Am\u00e9rica Latina, donde los exgobernantes peruanos Alejandro Toledo y Ollanta Humala cumplen condenas por este caso.<\/p>\n<p>En Panam\u00e1, Odebrecht reconoci\u00f3 haber pagado 59 millones de d\u00f3lares en sobornos por la adjudicaci\u00f3n de contratos para la construcci\u00f3n, durante el gobierno de Martinelli, del Metro, la moderna v\u00eda costera de la capital y la ampliaci\u00f3n del aeropuerto.<\/p>\n<p>\u00abEl Ministerio P\u00fablico viene preparado y va a sustentar la condena para los imputados por blanqueo de capitales\u00bb,\u00a0se\u00f1al\u00f3 la fiscal anticorrupci\u00f3n, Ruth Morcillo, al llegar al juzgado.<\/p>\n<p>Martinelli, que se arriesga a una condena de 12 a\u00f1os de c\u00e1rcel, sigue la audiencia virtualmente porque se asil\u00f3 en Colombia en 2025 para evitar su detenci\u00f3n por una pena de casi 11 a\u00f1os de prisi\u00f3n en otro caso de blanqueo de capitales.<\/p>\n<p>La audiencia, en una sala de la Corte Suprema, en Ciudad de Panam\u00e1, se hab\u00eda postergado cinco veces por distintos procedimientos legales.<\/p>\n<p>Seg\u00fan la acusaci\u00f3n, hay \u00f3rdenes de pagos de Odebrecht que aunque no fueron directamente a cuentas propias de Martinelli, presuntamente era el destinatario final y ten\u00eda \u00abpleno conocimiento de la procedencia il\u00edcita\u00bb del dinero.<\/p>\n<p>\u00abSe le han violado una serie de garant\u00edas procesales para tratar de condenarlo por encima de la ley. Este caso es totalmente pol\u00edtico\u00bb, dijo a la AFP Carlos Carrillo, abogado del expresidente.<\/p>\n<p>El exmandatario Juan Carlos Varela y dos hijos de Martinelli tambi\u00e9n est\u00e1n acusados, pero ser\u00e1n juzgados por la Corte Suprema de Justicia -en fecha a\u00fan por definir- por tener fuero como diputados del Parlamento Centroamericano y del Congreso paname\u00f1o.<\/p>\n<p>Tanto Martinelli como Varela tienen prohibida la entrada a Estados Unidos, que los acusa de corrupci\u00f3n.<\/p>\n<p>Por este esc\u00e1ndalo internacional los expresidentes peruanos Toledo y Humala purgan 20 y 15 a\u00f1os de c\u00e1rcel, mientras que Alan Garc\u00eda se suicid\u00f3 en medio de las acusaciones.\u00a0En Ecuador, el exmandatario socialista Rafael Correa, quien reside en B\u00e9lgica, fue condenado en ausencia en 2020 a ocho a\u00f1os de c\u00e1rcel.<\/p>\n<p>jjr\/mis\/nn<\/p>\n","protected":false},"excerpt":{"rendered":"afp_tickers Este contenido fue publicado en 12 enero 2026 &#8211; 16:21 El expresidente paname\u00f1o Ricardo Martinelli, asilado en&hellip;\n","protected":false},"author":2,"featured_media":337396,"comment_status":"","ping_status":"","sticky":false,"template":"","format":"standard","meta":{"footnotes":""},"categories":[42],"tags":[17,18,11890,11891,11892,13,14,11,61,62,63,64,11894,11895,19,20,7657,9,10,15,16,90,12,11896,21,22,65,66,67],"class_list":{"0":"post-337395","1":"post","2":"type-post","3":"status-publish","4":"format-standard","5":"has-post-thumbnail","7":"category-internacional","8":"tag-breaking-news","9":"tag-breakingnews","10":"tag-corporate-crime","11":"tag-corruption","12":"tag-crime","13":"tag-featured-news","14":"tag-featurednews","15":"tag-headlines","16":"tag-internacional","17":"tag-international","18":"tag-international-news","19":"tag-internationalnews","20":"tag-judiciary-system-of-justice","21":"tag-justice-and-rights","22":"tag-latest-news","23":"tag-latestnews","24":"tag-law-and-order","25":"tag-news","26":"tag-noticias","27":"tag-noticias-destacadas","28":"tag-noticiasdestacadas","29":"tag-ticker","30":"tag-titulares","31":"tag-trials","32":"tag-ultimas-noticias","33":"tag-ultimasnoticias","34":"tag-world","35":"tag-world-news","36":"tag-worldnews"},"share_on_mastodon":{"url":"https:\/\/pubeurope.com\/@es\/115884310097391335","error":""},"_links":{"self":[{"href":"https:\/\/www.europesays.com\/es\/wp-json\/wp\/v2\/posts\/337395","targetHints":{"allow":["GET"]}}],"collection":[{"href":"https:\/\/www.europesays.com\/es\/wp-json\/wp\/v2\/posts"}],"about":[{"href":"https:\/\/www.europesays.com\/es\/wp-json\/wp\/v2\/types\/post"}],"author":[{"embeddable":true,"href":"https:\/\/www.europesays.com\/es\/wp-json\/wp\/v2\/users\/2"}],"replies":[{"embeddable":true,"href":"https:\/\/www.europesays.com\/es\/wp-json\/wp\/v2\/comments?post=337395"}],"version-history":[{"count":0,"href":"https:\/\/www.europesays.com\/es\/wp-json\/wp\/v2\/posts\/337395\/revisions"}],"wp:featuredmedia":[{"embeddable":true,"href":"https:\/\/www.europesays.com\/es\/wp-json\/wp\/v2\/media\/337396"}],"wp:attachment":[{"href":"https:\/\/www.europesays.com\/es\/wp-json\/wp\/v2\/media?parent=337395"}],"wp:term":[{"taxonomy":"category","embeddable":true,"href":"https:\/\/www.europesays.com\/es\/wp-json\/wp\/v2\/categories?post=337395"},{"taxonomy":"post_tag","embeddable":true,"href":"https:\/\/www.europesays.com\/es\/wp-json\/wp\/v2\/tags?post=337395"}],"curies":[{"name":"wp","href":"https:\/\/api.w.org\/{rel}","templated":true}]}}