{"id":337421,"date":"2026-01-12T22:06:10","date_gmt":"2026-01-12T22:06:10","guid":{"rendered":"https:\/\/www.europesays.com\/es\/337421\/"},"modified":"2026-01-12T22:06:10","modified_gmt":"2026-01-12T22:06:10","slug":"el-departamento-de-movilidad-turismo-y-ordenacion-del-territorio-celebra-una-jornada-para-dar-a-conocer-a-la-ciudadania-el-proyecto-de-rehabilitacion-de-la-universidad-de-onati","status":"publish","type":"post","link":"https:\/\/www.europesays.com\/es\/337421\/","title":{"rendered":"El Departamento de Movilidad, Turismo y Ordenaci\u00f3n del Territorio celebra una jornada para dar a conocer a la ciudadan\u00eda el proyecto de rehabilitaci\u00f3n de la Universidad de O\u00f1ati"},"content":{"rendered":"<p>El Departamento de Movilidad, Turismo y Ordenaci\u00f3n del Territorio ha llevado a cabo este lunes en O\u00f1ati una jornada abierta para informar a la ciudadan\u00eda sobre el proyecto de rehabilitaci\u00f3n de la Universidad de O\u00f1ati. En la misma, adem\u00e1s de la diputada Azahara Dom\u00ednguez, han participado profesionales de Tabuenca, empresa redactora del proyecto, as\u00ed como personas t\u00e9cnicas del \u00e1rea de arquitectura de la Diputaci\u00f3n foral, que han sido quienes han explicado en qu\u00e9 van a consistir las obras que se van a llevar a cabo.<\/p>\n<p>Azahara Dom\u00ednguez, que ha recordado que la Universidad Sancti Spiritus es \u201cun tesoro del Renacimiento vasco\u201d, ha explicado que desde comienzos de la legislatura su departamento adopt\u00f3 el compromiso de \u201cacometer una rehabilitaci\u00f3n, dado el importante deterioro que presentaba\u201d el edificio. En este sentido, ha expuesto que ya en el a\u00f1o 2024 se comenz\u00f3 a actuar sobre el mismo, \u201ccaracterizando los deterioros existentes, seleccionando zonas para la realizaci\u00f3n de pruebas de intervenci\u00f3n y elaborando una memoria que ha permitido definir las t\u00e9cnicas y productos a emplear en los trabajos que ahora arrancan\u201d.\u00a0<\/p>\n<p>Estas actuaciones, que han sido realizadas por parte de la empresa especializada Petra, han permitido que, una vez adjudicadas las obras, puedan iniciarse este mismo mes de enero, dando as\u00ed el \u201cimpulso definitivo a la rehabilitaci\u00f3n de esta joya arquitect\u00f3nica\u201d. \u201cLa Universidad de O\u00f1ati, adem\u00e1s de ser un edificio de extraordinario valor arquitect\u00f3nico, constituye uno de los grandes s\u00edmbolos hist\u00f3ricos y culturales de Gipuzkoa. Por ello, es una noticia especialmente positiva que vayamos a comenzar por fin las tan esperadas obras de rehabilitaci\u00f3n\u201d, ha celebrado Azahara Dom\u00ednguez, quien ha subrayado que \u201cesta intervenci\u00f3n permitir\u00e1 frenar y corregir el progresivo deterioro que el inmueble ha ido sufriendo a lo largo de las \u00faltimas d\u00e9cadas\u201d. En este sentido, ha remarcado que \u201ccuidar y preservar nuestro patrimonio no solo supone proteger nuestro pasado, sino tambi\u00e9n garantizar el futuro de nuestro territorio y de los valores que nos definen como territorio\u201d.\u00a0<\/p>\n<p><strong>Primera fase: 2,3 millones de presupuesto y nueve meses de plazo<\/strong><br \/>Seg\u00fan se ha explicado, las obras van a arrancar el pr\u00f3ximo lunes, d\u00eda 19, su primera fase, que cuenta con un presupuesto de 2,3 millones de euros (IVA incluido), un plazo de nueve meses de ejecuci\u00f3n y van a correr a cargo de a la empresa Teusa T\u00e9cnicas de Restauraci\u00f3n S.A.\u00a0<\/p>\n<p>En este primer periodo se van a actuar sobre las fachadas exteriores, que ha sufrido en los \u00faltimos a\u00f1os un importante deterioro que ha llevado al desprendimiento de algunos elementos ornamentales. Adem\u00e1s, se va a actuar tambi\u00e9n sobre el claustro. \u201cCon estos trabajos se mejorar\u00e1 el aislamiento t\u00e9rmico del tejado, se sustituir\u00e1n las tejas deterioradas, se rehabilitar\u00e1 el sistema de recogida de aguas pluviales y se restaurar\u00e1n todas las fachadas. Tendr\u00e1 especial importancia la restauraci\u00f3n de los elementos escult\u00f3ricos y para ello trabajar\u00e1n restauradores especialistas. La pieza da\u00f1ada por el rayo el pasado mes de julio tambi\u00e9n ser\u00e1 sustituida en esta fase\u201d, han explicado los responsables del proyecto.<\/p>\n<p><strong>Segunda fase: adecuaci\u00f3n de la oficina de turismo<\/strong><br \/>En una segunda fase, cuyo proyecto tambi\u00e9n est\u00e1 redactado, se acometer\u00e1n las obras de adecuaci\u00f3n de la Oficina de Turismo de O\u00f1ati, la mejora de la accesibilidad y otros trabajos complementarios necesarios para dotar al edificio de un uso m\u00e1s p\u00fablico en el futuro. \u201cSe adaptar\u00e1n nuevas salidas de emergencia y se habilitar\u00e1n tambi\u00e9n espacios para las instalaciones para atender las necesidades de ventilaci\u00f3n y climatizaci\u00f3n que tendr\u00e1 este uso m\u00e1s p\u00fablico\u201d, han detallado las y los expertos.<\/p>\n<p>Esta segunda fase tendr\u00e1 un costo que rondar\u00e1 el mill\u00f3n de euros y un plazo de ejecuci\u00f3n cercano a los seis meses. Est\u00e1 previsto que la licitaci\u00f3n se ponga en marcha este mismo enero. \u00a0<\/p>\n<p>Cabe recordar que en noviembre de 2024, el Gobierno de Espa\u00f1a, a trav\u00e9s del Plan de Recuperaci\u00f3n, Transformaci\u00f3n y Resiliencia, concedi\u00f3 financiaci\u00f3n para este proyecto.<\/p>\n<p><strong>Joya del Renacimiento vasco<\/strong><br \/>El edificio de la Universidad de O\u00f1ati, que hoy alberga la sede del Instituto Vasco de la Administraci\u00f3n P\u00fablica y del Instituto Internacional de Sociolog\u00eda Jur\u00eddica, est\u00e1 considerado como una de las joyas del Renacimiento en Euskadi. Fue mandado a construir en el siglo XVI por el obispo Rodrigo Mercado de Zuazola y uno sus elementos m\u00e1s destacables es su se\u00f1orial fachada de estilo plateresco. Destaca tambi\u00e9n el artesonado mud\u00e9jar, muy poco habitual en Euskadi, que fue fabricado en \u00c1vila en madera de roble por Gijaba; el claustro t\u00edpico renacentista, de dos pisos, con sus arcos de medio punto y sus 32 medallones; o el retablo plateresco de la capilla, obra del escultor franc\u00e9s Pierres Picart.\u00a0<\/p>\n<p>El inmueble est\u00e1 declarado Bien de Inter\u00e9s Cultural con protecci\u00f3n especial. Habiendo sido ya declarado monumento hist\u00f3rico-art\u00edstico desde 1931. Y, en 1987 el Gobierno vasco lo declara monumento hist\u00f3rico-art\u00edstico de car\u00e1cter nacional.<\/p>\n<p>Conscientes del valor art\u00edstico del edificio, desde el a\u00f1o 1935 se han realizado un total de seis intervenciones destacables. La \u00faltima rehabilitaci\u00f3n integral del edificio data de 1993 y corri\u00f3 a cargo del arquitecto Pablo Borde. Sin embargo, en los \u00faltimos 20 a\u00f1os y pese a las m\u00e1s de 60 intervenciones de mantenimiento que se han llevado a cabo, la fachada ha sufrido un deterioro progresivo, que deriv\u00f3 en el desprendimiento de varios elementos ornamentales p\u00e9treos en el a\u00f1o 2022. Es por ello que, en la presente legislatura, se ha decidido abordar una nueva rehabilitaci\u00f3n.\u00a0<\/p>\n<p>\u201cO\u00f1ati fue epicentro del conocimiento en Gipuzkoa y es de justicia no solo devolverle al edificio su esplendor, sino equiparlo de forma que esta joya vuelva a estar al servicio de la gente\u201d, ha se\u00f1alado la diputada.<br \/>\u00a0<\/p>\n","protected":false},"excerpt":{"rendered":"El Departamento de Movilidad, Turismo y Ordenaci\u00f3n del Territorio ha llevado a cabo este lunes en O\u00f1ati una&hellip;\n","protected":false},"author":2,"featured_media":154893,"comment_status":"","ping_status":"","sticky":false,"template":"","format":"standard","meta":{"footnotes":""},"categories":[8],"tags":[17,18,25,24,13,14,11,19,20,9,10,15,16,25828,23,12,21,22],"class_list":{"0":"post-337421","1":"post","2":"type-post","3":"status-publish","4":"format-standard","5":"has-post-thumbnail","7":"category-espana","8":"tag-breaking-news","9":"tag-breakingnews","10":"tag-es","11":"tag-espana","12":"tag-featured-news","13":"tag-featurednews","14":"tag-headlines","15":"tag-latest-news","16":"tag-latestnews","17":"tag-news","18":"tag-noticias","19":"tag-noticias-destacadas","20":"tag-noticiasdestacadas","21":"tag-ordenacion-del-territorio","22":"tag-spain","23":"tag-titulares","24":"tag-ultimas-noticias","25":"tag-ultimasnoticias"},"share_on_mastodon":{"url":"https:\/\/pubeurope.com\/@es\/115884404598890801","error":""},"_links":{"self":[{"href":"https:\/\/www.europesays.com\/es\/wp-json\/wp\/v2\/posts\/337421","targetHints":{"allow":["GET"]}}],"collection":[{"href":"https:\/\/www.europesays.com\/es\/wp-json\/wp\/v2\/posts"}],"about":[{"href":"https:\/\/www.europesays.com\/es\/wp-json\/wp\/v2\/types\/post"}],"author":[{"embeddable":true,"href":"https:\/\/www.europesays.com\/es\/wp-json\/wp\/v2\/users\/2"}],"replies":[{"embeddable":true,"href":"https:\/\/www.europesays.com\/es\/wp-json\/wp\/v2\/comments?post=337421"}],"version-history":[{"count":0,"href":"https:\/\/www.europesays.com\/es\/wp-json\/wp\/v2\/posts\/337421\/revisions"}],"wp:featuredmedia":[{"embeddable":true,"href":"https:\/\/www.europesays.com\/es\/wp-json\/wp\/v2\/media\/154893"}],"wp:attachment":[{"href":"https:\/\/www.europesays.com\/es\/wp-json\/wp\/v2\/media?parent=337421"}],"wp:term":[{"taxonomy":"category","embeddable":true,"href":"https:\/\/www.europesays.com\/es\/wp-json\/wp\/v2\/categories?post=337421"},{"taxonomy":"post_tag","embeddable":true,"href":"https:\/\/www.europesays.com\/es\/wp-json\/wp\/v2\/tags?post=337421"}],"curies":[{"name":"wp","href":"https:\/\/api.w.org\/{rel}","templated":true}]}}