{"id":337456,"date":"2026-01-12T22:47:12","date_gmt":"2026-01-12T22:47:12","guid":{"rendered":"https:\/\/www.europesays.com\/es\/337456\/"},"modified":"2026-01-12T22:47:12","modified_gmt":"2026-01-12T22:47:12","slug":"el-impacto-de-la-luz-natural-en-la-diabetes-sorprende-a-la-ciencia","status":"publish","type":"post","link":"https:\/\/www.europesays.com\/es\/337456\/","title":{"rendered":"El impacto de la luz natural en la diabetes sorprende a la ciencia"},"content":{"rendered":"<p><img alt=\"El estudio compara los efectos\" class=\"global-image\" decoding=\"async\" fetchpriority=\"high\" height=\"1080\" loading=\"eager\" src=\"https:\/\/www.europesays.com\/es\/wp-content\/uploads\/2026\/01\/P2GLWAOM3FEIVBYBTDRQMKCT7Q.png\" width=\"1920\"\/>El estudio compara los efectos de la luz natural frente a la luz artificial en el control de la glucosa y el metabolismo de adultos mayores con diabetes tipo 2 (Freepik)<\/p>\n<p class=\"paragraph\">La <b>exposici\u00f3n a<\/b> <a href=\"https:\/\/www.infobae.com\/tag\/luz-natural\/\" target=\"_blank\" rel=\"noreferrer nofollow noopener\" title=\"https:\/\/www.infobae.com\/tag\/luz-natural\/\"><b>luz natural<\/b><\/a> <b>mejora el control de la <\/b><a href=\"https:\/\/www.infobae.com\/tag\/glucosa\/\" target=\"_blank\" rel=\"noreferrer nofollow noopener\" title=\"https:\/\/www.infobae.com\/tag\/glucosa\/\"><b>glucosa<\/b><\/a><b> en sangre y el <\/b><a href=\"https:\/\/www.infobae.com\/tag\/metabolismo\/\" target=\"_blank\" rel=\"noreferrer nofollow noopener\" title=\"https:\/\/www.infobae.com\/tag\/metabolismo\/\"><b>metabolismo<\/b><\/a><b> en adultos mayores con <\/b><a href=\"https:\/\/www.infobae.com\/tag\/diabetes-tipo-2\/\" target=\"_blank\" rel=\"noreferrer nofollow noopener\" title=\"https:\/\/www.infobae.com\/tag\/diabetes-tipo-2\/\"><b>diabetes tipo 2<\/b><\/a>, seg\u00fan una investigaci\u00f3n liderada por la Universidad de Ginebra. <\/p>\n<p class=\"paragraph\">El <a href=\"https:\/\/doi.org\/10.1016\/j.cmet.2025.11.006\" target=\"_blank\" rel=\"noreferrer nofollow noopener\" title=\"https:\/\/doi.org\/10.1016\/j.cmet.2025.11.006\">estudio<\/a>, presentado como la <b>primera evidencia experimental directa<\/b> de este efecto, compar\u00f3 <b>la influencia de la luz natural y la luz artificial<\/b> en personas que padecen esta enfermedad metab\u00f3lica.<\/p>\n<p class=\"paragraph\">Los resultados muestran que los participantes expuestos a luz natural <b>consiguieron mantener sus niveles de az\u00facar en sangre dentro del rango normal<\/b> durante m\u00e1s horas diarias y presentaron menor variabilidad gluc\u00e9mica. <\/p>\n<p class=\"paragraph\">Seg\u00fan la Universidad de Ginebra, este hallazgo implica una <b>mejora en el perfil metab\u00f3lico<\/b> frente a quienes permanecieron bajo iluminaci\u00f3n artificial convencional. <\/p>\n<p class=\"paragraph\">Adem\u00e1s, se observaron <b>aumentos modestos en los niveles de melatonina por la tarde<\/b>, junto con una <b>mejora en el metabolismo de las grasas<\/b> bajo luz natural. Estas observaciones<b> podr\u00edan influir en futuras recomendaciones <\/b>sobre la calidad de los ambientes interiores.<\/p>\n<p><img alt=\"La iluminaci\u00f3n artificial de interiores\" class=\"global-image\" decoding=\"async\" fetchpriority=\"low\" height=\"478\" loading=\"lazy\" src=\"https:\/\/www.europesays.com\/es\/wp-content\/uploads\/2026\/01\/I6KRJM2N7BDQFHSGA6AP2IKNXQ.png\" width=\"726\"\/>La iluminaci\u00f3n artificial de interiores no logra replicar los beneficios fisiol\u00f3gicos asociados con la exposici\u00f3n a luz natural (Freepik)<\/p>\n<p class=\"paragraph\">La investigaci\u00f3n se desarroll\u00f3 en colaboraci\u00f3n con el <b>Hospital Universitario de Ginebra<\/b> y el <b>Centro Alem\u00e1n de Diabetes <\/b>(<b>DDZ<\/b>). El ensayo incluy\u00f3 a <b>13 voluntarios<\/b> mayores de 65 a\u00f1os, todos diagnosticados con diabetes tipo 2. <\/p>\n<p class=\"paragraph\">Cada ciclo experimental tuvo <b>una duraci\u00f3n de cuatro d\u00edas y medio<\/b>, con un intervalo m\u00ednimo de <b>cuatro semanas entre sesiones<\/b> para cada persona. <\/p>\n<p class=\"paragraph\">Este dise\u00f1o permiti\u00f3 que <b>los mismos individuos pasaran por ambos ambientes<\/b>, lo que redujo la variabilidad individual de los resultados y fortaleci\u00f3 la validez de las conclusiones obtenidas.<\/p>\n<p><img alt=\"Pasar tiempo al aire libre\" class=\"global-image\" decoding=\"async\" fetchpriority=\"low\" height=\"477\" loading=\"lazy\" src=\"https:\/\/www.europesays.com\/es\/wp-content\/uploads\/2026\/01\/GVK5JTTR4JBRPIVUUGIWXW5IKA.png\" width=\"724\"\/>Pasar tiempo al aire libre aumenta la exposici\u00f3n a luz natural, lo que podr\u00eda favorecer la regulaci\u00f3n metab\u00f3lica (Freepik)<\/p>\n<p class=\"paragraph\">Durante todo el estudio, <b>se mantuvieron constantes las rutinas de alimentaci\u00f3n<\/b>, <b>horarios de sue\u00f1o<\/b>, <b>actividad f\u00edsica y exposici\u00f3n a pantallas<\/b>, con la \u00fanica diferencia de la fuente de luz. <\/p>\n<p class=\"paragraph\">El investigador <b>Joris Hoeks<\/b> explic\u00f3 que esta metodolog\u00eda <b>permiti\u00f3 aislar el impacto espec\u00edfico de la luz natural sobre los ritmos biol\u00f3gicos y el metabolismo<\/b>: \u201cEste enfoque representa una fortaleza, ya que elimina factores de confusi\u00f3n y permite observar el efecto real de la iluminaci\u00f3n\u201d, afirm\u00f3 Hoeks.<\/p>\n<p class=\"paragraph\">El equipo cient\u00edfico profundiz\u00f3 en los mecanismos fisiol\u00f3gicos mediante <b>an\u00e1lisis de sangre y biopsias musculares<\/b> realizados antes, durante y despu\u00e9s de cada periodo experimental. <\/p>\n<p class=\"paragraph\"><b>Charna Dibner<\/b>, especialista de la Universidad de Ginebra y codirectora del trabajo, destac\u00f3: \u201cEl desajuste de los ritmos circadianos juega un papel importante en el desarrollo de trastornos metab\u00f3licos\u201d. Los an\u00e1lisis moleculares y metab\u00f3licos demostraron que la luz natural <b>favorece la coordinaci\u00f3n entre el reloj biol\u00f3gico central del cerebro y los mecanismos reguladores en \u00f3rganos perif\u00e9ricos<\/b> como el h\u00edgado y los m\u00fasculos.<\/p>\n<p><img alt=\"La sincronizaci\u00f3n del reloj biol\u00f3gico\" class=\"global-image\" decoding=\"async\" fetchpriority=\"low\" height=\"480\" loading=\"lazy\" src=\"https:\/\/www.europesays.com\/es\/wp-content\/uploads\/2026\/01\/KCHTAZELSJE6BEESTJD6JPNVJI.png\" width=\"727\"\/>La sincronizaci\u00f3n del reloj biol\u00f3gico depende en gran medida de la calidad y cantidad de luz recibida diariamente (Freepik)<\/p>\n<p class=\"paragraph\">Hoeks remarc\u00f3 que la luz natural <b>sincroniza de manera m\u00e1s eficaz<\/b> el reloj biol\u00f3gico con el entorno en comparaci\u00f3n con la luz el\u00e9ctrica, debido a <b>su mayor intensidad y mayor rango de espectro<\/b>. <\/p>\n<p class=\"paragraph\">A\u00f1adi\u00f3 que esta sincronizaci\u00f3n <b>podr\u00eda resultar relevante<\/b> para el control gluc\u00e9mico, especialmente en poblaciones con alta prevalencia de diabetes tipo 2.<\/p>\n<p class=\"paragraph\">La Universidad de Ginebra advirti\u00f3 que, al tratarse de una investigaci\u00f3n de <b>peque\u00f1a escala y corta duraci\u00f3n<\/b>, las conclusiones requieren validaci\u00f3n en contextos cotidianos y con muestras m\u00e1s amplias y diversas en cuanto a edad y caracter\u00edsticas cl\u00ednicas. <\/p>\n<p><img alt=\"Se prev\u00e9 que futuros ensayos\" class=\"global-image\" decoding=\"async\" fetchpriority=\"low\" height=\"1277\" loading=\"lazy\" src=\"https:\/\/www.europesays.com\/es\/wp-content\/uploads\/2026\/01\/1768258032_570_RW32DBGRMJHWRNXU2POXVZCHZE.jpg\" width=\"1920\"\/>Se prev\u00e9 que futuros ensayos en entornos reales permitan validar si optimizar la luz en espacios habitados mejora la gesti\u00f3n de la diabetes y otras afecciones metab\u00f3licas (Freepik)<\/p>\n<p class=\"paragraph\">Los autores anunciaron que la pr\u00f3xima etapa <b>incluir\u00e1 el seguimiento de voluntarios equipados con sensores de luz y dispositivos de medici\u00f3n de glucosa<\/b> durante varias semanas en su vida diaria, lo que permitir\u00e1 comparar los beneficios observados en condiciones de laboratorio con los de la vida real.<\/p>\n<p class=\"paragraph\">La investigaci\u00f3n pone de relieve la importancia del <b>dise\u00f1o arquitect\u00f3nico y la calidad ambiental<\/b> de los espacios cerrados en la salud metab\u00f3lica. <\/p>\n<p class=\"paragraph\">La integraci\u00f3n de la iluminaci\u00f3n natural en los lugares donde las personas permanecen la mayor parte del d\u00eda <b>puede convertirse en un factor esencial<\/b> tanto para el bienestar como para la prevenci\u00f3n y el manejo de enfermedades metab\u00f3licas. La evidencia sugiere que optimizar la luz natural en interiores <b>podr\u00eda ser una herramienta valiosa<\/b> en la atenci\u00f3n de la diabetes tipo 2.<\/p>\n","protected":false},"excerpt":{"rendered":"El estudio compara los efectos de la luz natural frente a la luz artificial en el control de&hellip;\n","protected":false},"author":2,"featured_media":337457,"comment_status":"","ping_status":"","sticky":false,"template":"","format":"standard","meta":{"footnotes":""},"categories":[92],"tags":[77186,61474,16527,25,24,165,77183,77184,166,77185,23],"class_list":{"0":"post-337456","1":"post","2":"type-post","3":"status-publish","4":"format-standard","5":"has-post-thumbnail","7":"category-salud","8":"tag-arquitectura-y-bienestar","9":"tag-control-glucemico","10":"tag-diabetes-tipo-2","11":"tag-es","12":"tag-espana","13":"tag-health","14":"tag-luz-natural-y-diabetes","15":"tag-metabolismo-en-adultos-mayores","16":"tag-salud","17":"tag-salud-ambiental","18":"tag-spain"},"share_on_mastodon":{"url":"https:\/\/pubeurope.com\/@es\/115884565888558640","error":""},"_links":{"self":[{"href":"https:\/\/www.europesays.com\/es\/wp-json\/wp\/v2\/posts\/337456","targetHints":{"allow":["GET"]}}],"collection":[{"href":"https:\/\/www.europesays.com\/es\/wp-json\/wp\/v2\/posts"}],"about":[{"href":"https:\/\/www.europesays.com\/es\/wp-json\/wp\/v2\/types\/post"}],"author":[{"embeddable":true,"href":"https:\/\/www.europesays.com\/es\/wp-json\/wp\/v2\/users\/2"}],"replies":[{"embeddable":true,"href":"https:\/\/www.europesays.com\/es\/wp-json\/wp\/v2\/comments?post=337456"}],"version-history":[{"count":0,"href":"https:\/\/www.europesays.com\/es\/wp-json\/wp\/v2\/posts\/337456\/revisions"}],"wp:featuredmedia":[{"embeddable":true,"href":"https:\/\/www.europesays.com\/es\/wp-json\/wp\/v2\/media\/337457"}],"wp:attachment":[{"href":"https:\/\/www.europesays.com\/es\/wp-json\/wp\/v2\/media?parent=337456"}],"wp:term":[{"taxonomy":"category","embeddable":true,"href":"https:\/\/www.europesays.com\/es\/wp-json\/wp\/v2\/categories?post=337456"},{"taxonomy":"post_tag","embeddable":true,"href":"https:\/\/www.europesays.com\/es\/wp-json\/wp\/v2\/tags?post=337456"}],"curies":[{"name":"wp","href":"https:\/\/api.w.org\/{rel}","templated":true}]}}