{"id":337473,"date":"2026-01-12T23:03:18","date_gmt":"2026-01-12T23:03:18","guid":{"rendered":"https:\/\/www.europesays.com\/es\/337473\/"},"modified":"2026-01-12T23:03:18","modified_gmt":"2026-01-12T23:03:18","slug":"preguntan-a-victor-manuel-por-los-jovenes-que-cantan-el-cara-al-sol-en-las-discotecas-y-deja-un-mensaje-que-se-sale-de-los-topicos","status":"publish","type":"post","link":"https:\/\/www.europesays.com\/es\/337473\/","title":{"rendered":"Preguntan a V\u00edctor Manuel por los j\u00f3venes que cantan el &#8216;Cara al sol&#8217; en las discotecas y deja un mensaje que se sale de los t\u00f3picos"},"content":{"rendered":"<p>El cantautor, productor musical y director cinematogr\u00e1fico V\u00edctor Manuel, galardonado en el a\u00f1o 2022 con la Medalla de Oro al M\u00e9rito en las Bellas Artes, se ha pronunciado de <b>una forma que se sale de todos los t\u00f3picos<\/b> cuando le han preguntado por los j\u00f3venes que \u00faltimamente cantan en las discotecas el Cara al sol, himno de la Falange Espa\u00f1ola de las JONS y uno de los himnos oficiales del franquismo.<\/p>\n<p>\u00ab\u00bfSabes lo que pasa? <b>Que ahora las redes amplifican todo instant\u00e1neamente, <\/b>y eso, que es una gilipollez, y todos hemos hecho gilipolleces de j\u00f3venes, de repente toma una dimensi\u00f3n sobrenatural\u00bb, ha dejado claro el artista en<a href=\"https:\/\/www.infolibre.es\/cultura\/musica\/victor-manuel-pense-capitalismo-pudiera-voraz-hijo-puta_1_2125504.html\" rel=\"nofollow noopener\" target=\"_blank\"> una entrevista en InfoLibre.<\/a><\/p>\n<p>No es la primera vez en las \u00faltimas semanas que V\u00edctor Manuel, que est\u00e1 presentando su disco Solo a solas conmigo, habla sobre el auge de los partidarios del franquismo, un tema muy en debate despu\u00e9s <b>del estudio del Centro de Investigaciones Sociol\u00f3gicas (CIS) del pasado mes de octubre<\/b>, que recoge que <a href=\"https:\/\/www.huffingtonpost.es\/virales\/victor-manuel-explica-haria-21-espanoles-quieren-vuelva-franquismo-provoca-fuerte-ovacion-publico-f202512.html\" rel=\"nofollow noopener\" target=\"_blank\">un 21% de los espa\u00f1oles ve como &#8216;buena o muy buena&#8217; la etapa de la dictadura <\/a>de Francisco Franco.<\/p>\n<p>El mismo documento\u00a0reflejaba tambi\u00e9n que entre los j\u00f3venes<a href=\"https:\/\/www.huffingtonpost.es\/virales\/un-profesor-derecho-constitucional-le-da-leccion-19-jovenes-creen-franquismo-bueno-f202512.html\" rel=\"nofollow noopener\" target=\"_blank\"> hay un 19% que cree que el franquismo fue positivo.<\/a><\/p>\n<p>La soluci\u00f3n de V\u00edctor Manuel: un mensaje uno a uno<\/p>\n<p>En esa charla con InfoLibre, V\u00edctor Manuel ha se\u00f1alado lo que \u00e9l har\u00eda con esos j\u00f3venes: \u00abYo se lo explicar\u00eda uno a uno<b>: &#8216;T\u00fa eres gay, pues mira, ma\u00f1ana vas a la c\u00e1rcel porque no puedes tener novio o novia&#8217;.<\/b> Entonces te dir\u00edan: &#8216;Ah, no, eso no lo quiero&#8217;. Y seguir\u00eda con m\u00e1s ejemplos\u00bb.\u00a0<\/p>\n<p>El artista ha insistido en que \u00absi esta sociedad es la que es, con todas las consecuencias, es porque nos la hemos dado\u00bb: \u00abLos m\u00e1s j\u00f3venes no, pero s\u00ed sus padres. <b>Ya no digo que sea una maravilla, simplemente habitable\u00bb.\u00a0<\/b><\/p>\n<p>\u00abY todo ese discurso de <b>algunos j\u00f3venes lo dicen sin saber lo que dicen<\/b>, porque va en contra de una sociedad habitable y a favor del guerracivilismo, de la divisi\u00f3n, la muerte y la oscuridad, y eso no lo puede querer un chaval de 18 a\u00f1os para nada. Bueno, habr\u00e1 una parcela de la sociedad de imb\u00e9ciles, como siempre le ha habido en este pa\u00eds y en todos los pa\u00edses, de gente que piensa que eso es lo mejor\u00bb; ha admitido.<\/p>\n<p>Meterlos en un \u00abt\u00fanel del tiempo\u00bb<\/p>\n<p>En una reciente entrevista con Henar \u00c1lvarez, V\u00edctor Manuel ya explicaba lo que har\u00eda con los j\u00f3venes que tienen el franquismo idealizado: <b>\u00abMe gustar\u00eda llevarles por el t\u00fanel del tiempo <\/b>y ponerles en la \u00e9poca y exponerle por ejemplo a lo que uno hac\u00eda cuando ten\u00eda ocho a\u00f1os: cantar el Cara al sol y hacer el saludo fascista en el patio del colegio\u00bb.<\/p>\n<p>\u00abO, si no, ponerles ante un espejo. Decir: &#8216;Mira, t\u00fa que eres chica, \u00bfquieres poder abrir una cuenta en el banco t\u00fa o que te autorice tu marido o tu compa\u00f1ero a abrirla, o tus padres? \u00bfO quieres abortar?&#8217;. Como a todo te van a decir que s\u00ed, pues a continuaci\u00f3n decir: &#8216;Pues entonces,<b> \u00bfqu\u00e9 haces, imb\u00e9cil, pensando que una dictadura es mejor que una democracia?\u00bb,<\/b> a\u00f1adi\u00f3.\u00a0<\/p>\n","protected":false},"excerpt":{"rendered":"El cantautor, productor musical y director cinematogr\u00e1fico V\u00edctor Manuel, galardonado en el a\u00f1o 2022 con la Medalla de&hellip;\n","protected":false},"author":2,"featured_media":337474,"comment_status":"","ping_status":"","sticky":false,"template":"","format":"standard","meta":{"footnotes":""},"categories":[174],"tags":[255,62672,146,147,25,24,256,1470,185,23,42290],"class_list":{"0":"post-337473","1":"post","2":"type-post","3":"status-publish","4":"format-standard","5":"has-post-thumbnail","7":"category-famosos","8":"tag-celebrities","9":"tag-dictaduras","10":"tag-entertainment","11":"tag-entretenimiento","12":"tag-es","13":"tag-espana","14":"tag-famosos","15":"tag-franquismo","16":"tag-musica","17":"tag-spain","18":"tag-victor-manuel"},"share_on_mastodon":{"url":"https:\/\/pubeurope.com\/@es\/115884628588289463","error":""},"_links":{"self":[{"href":"https:\/\/www.europesays.com\/es\/wp-json\/wp\/v2\/posts\/337473","targetHints":{"allow":["GET"]}}],"collection":[{"href":"https:\/\/www.europesays.com\/es\/wp-json\/wp\/v2\/posts"}],"about":[{"href":"https:\/\/www.europesays.com\/es\/wp-json\/wp\/v2\/types\/post"}],"author":[{"embeddable":true,"href":"https:\/\/www.europesays.com\/es\/wp-json\/wp\/v2\/users\/2"}],"replies":[{"embeddable":true,"href":"https:\/\/www.europesays.com\/es\/wp-json\/wp\/v2\/comments?post=337473"}],"version-history":[{"count":0,"href":"https:\/\/www.europesays.com\/es\/wp-json\/wp\/v2\/posts\/337473\/revisions"}],"wp:featuredmedia":[{"embeddable":true,"href":"https:\/\/www.europesays.com\/es\/wp-json\/wp\/v2\/media\/337474"}],"wp:attachment":[{"href":"https:\/\/www.europesays.com\/es\/wp-json\/wp\/v2\/media?parent=337473"}],"wp:term":[{"taxonomy":"category","embeddable":true,"href":"https:\/\/www.europesays.com\/es\/wp-json\/wp\/v2\/categories?post=337473"},{"taxonomy":"post_tag","embeddable":true,"href":"https:\/\/www.europesays.com\/es\/wp-json\/wp\/v2\/tags?post=337473"}],"curies":[{"name":"wp","href":"https:\/\/api.w.org\/{rel}","templated":true}]}}