{"id":337503,"date":"2026-01-12T23:33:14","date_gmt":"2026-01-12T23:33:14","guid":{"rendered":"https:\/\/www.europesays.com\/es\/337503\/"},"modified":"2026-01-12T23:33:14","modified_gmt":"2026-01-12T23:33:14","slug":"la-plasticidad-de-los-linfocitos-es-clave-en-el-desarrollo-del-linfoma","status":"publish","type":"post","link":"https:\/\/www.europesays.com\/es\/337503\/","title":{"rendered":"La plasticidad de los linfocitos es clave en el desarrollo del linfoma"},"content":{"rendered":"<p><strong>Una investigaci\u00f3n coliderada por el Dr. Ari Melnick, director del Instituto de Investigaci\u00f3n contra la Leucemia Josep Carreras, ha descubierto por qu\u00e9 los linfomas de c\u00e9lulas B se originan a partir de c\u00e9lulas maduras: la plasticidad natural de los linfocitos o c\u00e9lulas B.<\/strong><\/p>\n<p>La mayor\u00eda de los c\u00e1nceres se originan a partir de alteraciones en c\u00e9lulas madre o progenitoras, a partir de las cuales se desarrollan los tejidos normales. Estas c\u00e9lulas son responsables del desarrollo y de la regeneraci\u00f3n continua de los tejidos y tienen la capacidad de dar lugar a los m\u00faltiples tipos celulares que componen el organismo humano. Esta capacidad de generar distintos tipos de c\u00e9lulas se denomina plasticidad. Normalmente, las c\u00e9lulas pierden esta propiedad cuando dejan de ser c\u00e9lulas madre o progenitoras.<\/p>\n<p>Los linfomas se desarrollan en los ganglios linf\u00e1ticos a partir de <a href=\"https:\/\/genotipia.com\/linfocitos\/\" rel=\"nofollow noopener\" target=\"_blank\">linfocitos B<\/a> maduros, lo que resulta sorprendente ya que las c\u00e9lulas maduras suelen carecer de la plasticidad que se considera necesaria para la formaci\u00f3n de tumores. Sin embargo, estas c\u00e9lulas del sistema inmunitario muestran caracter\u00edsticas peculiares, pues poseen una gran capacidad de divisi\u00f3n y de transici\u00f3n entre estados funcionales muy diferentes.<\/p>\n<p>Un estudio reciente, fruto de la colaboraci\u00f3n entre la Dra. Effie Apostolou, del centro m\u00e9dico Weill Cornell (EE. UU.), y el Dr. Ari Melnick, director del Instituto Josep Carreras, acaba de demostrar que la activaci\u00f3n de los linfocitos B maduros induce un estado similar al de las c\u00e9lulas madre. \u201cSabemos que estos linfocitos B son maduros y est\u00e1n completamente diferenciados, pero aun as\u00ed presentan caracter\u00edsticas que recuerdan a las c\u00e9lulas madre\u201d, explica la Dra. Apostolou. \u201cEsto va en contra del dogma central seg\u00fan el cual las c\u00e9lulas pierden su plasticidad y su capacidad regenerativa a medida que maduran\u201d.<\/p>\n<p><strong>Ciertas mutaciones podr\u00edan aprovechar la plasticidad de los linfocitos para iniciar un tumor<\/strong><\/p>\n<p>El trabajo, publicado recientemente en la revista <a href=\"https:\/\/www.nature.com\/articles\/s41556-025-01833-4\" rel=\"nofollow noopener\" target=\"_blank\">Nature Cell Biology<\/a>, describe c\u00f3mo <strong>el contacto con los linfocitos T provoca cambios epigen\u00e9ticos en el interior de los linfocitos B que diluyen su identidad de c\u00e9lula madura<\/strong>, permiti\u00e9ndoles cambiar r\u00e1pidamente de funci\u00f3n y de estado. La hip\u00f3tesis de los investigadores es que <strong>ciertas mutaciones en los linfocitos B podr\u00edan aprovechar esta plasticidad natural para iniciar el desarrollo tumoral<\/strong>.<\/p>\n<p><img fetchpriority=\"high\" decoding=\"async\" width=\"945\" height=\"613\" src=\"https:\/\/www.europesays.com\/es\/wp-content\/uploads\/2026\/01\/Los-linfocitos-B-se-caracterizan-por-su-plasticidad-intrinsca.jpeg\" alt=\"Un estudio conecta la plasticidad de los linfocitos B con el desarrollo de linfoma. Imagen: Adobe Express.\" class=\"wp-image-118227\" style=\"width:500px\"  \/>Un estudio reciente conecta la plasticidad de los linfocitos B con el desarrollo de linfoma. Imagen: Adobe Express.<\/p>\n<p>\u201cTodas las caracter\u00edsticas que hemos identificado en este proceso de plasticidad adquirida parecen estar potenciadas en muchos linfomas de pacientes y se correlacionan con un peor pron\u00f3stico\u201d, afirma la Dra. Apostolou. <strong>\u201c<\/strong>Creemos que este proceso natural, que est\u00e1 finamente regulado durante la activaci\u00f3n del sistema inmunitario, podr\u00eda estar siendo secuestrado por mutaciones espec\u00edficas para favorecer la aparici\u00f3n del linfoma<strong>\u201d<\/strong>.<\/p>\n<p>\u201cLa plasticidad tumoral es lo que permite que los c\u00e1nceres escapen a los tratamientos actuales\u201d, a\u00f1ade el Dr. Melnick, quien se\u00f1ala que <strong>\u201c<\/strong><strong>en este trabajo<\/strong> <strong>hemos identificado un tratamiento que bloquea la plasticidad de estas c\u00e9lulas, lo que podr\u00eda convertirse en una nueva forma de terapia \u2018antiplasticidad\u2019, capaz de hacer m\u00e1s eficaces las inmunoterapias y otros tratamientos<\/strong><strong>\u201d<\/strong>. \u00a0 El equipo de investigaci\u00f3n est\u00e1 actualmente evaluando si estos f\u00e1rmacos antiplasticidad pueden trasladarse a la pr\u00e1ctica cl\u00ednica.<\/p>\n<p>Esta investigaci\u00f3n, apoyada en las tecnolog\u00edas m\u00e1s avanzadas de an\u00e1lisis gen\u00e9tico a nivel de c\u00e9lula individual, ha permitido identificar elementos clave de la biolog\u00eda del linfoma que facilitan su desarrollo. Este conocimiento permitir\u00e1 mejorar la predicci\u00f3n de la evoluci\u00f3n de la enfermedad y optimizar la selecci\u00f3n de terapias personalizadas para cada paciente.<\/p>\n<p><strong>Art\u00edculo cient\u00edfico<\/strong><\/p>\n<p>Scourzic, L., Izzo, F., Teater, M.\u00a0et al.\u00a0T follicular helper cells transiently unlock a plasticity state in germinal centre B cells during the humoral immune response.\u00a0Nat Cell Biol. 2025. DOI: <a href=\"https:\/\/doi.org\/10.1038\/s41556-025-01833-4\" rel=\"nofollow noopener\" target=\"_blank\">https:\/\/doi.org\/10.1038\/s41556-025-01833-4<\/a>\u00a0<\/p>\n<p><a href=\"https:\/\/campus.genotipia.com\/formacion\/experto-universitario-oncogenetica\/\" rel=\"nofollow noopener\" target=\"_blank\"><img loading=\"lazy\" decoding=\"async\" width=\"736\" height=\"280\" src=\"https:\/\/www.europesays.com\/es\/wp-content\/uploads\/2025\/11\/Banner-Experto-en-Oncogenetica.jpg\" alt=\"\" class=\"wp-image-112610\"  \/><\/a><\/p>\n","protected":false},"excerpt":{"rendered":"Una investigaci\u00f3n coliderada por el Dr. Ari Melnick, director del Instituto de Investigaci\u00f3n contra la Leucemia Josep Carreras,&hellip;\n","protected":false},"author":2,"featured_media":337504,"comment_status":"","ping_status":"","sticky":false,"template":"","format":"standard","meta":{"footnotes":""},"categories":[92],"tags":[25,24,165,166,23],"class_list":{"0":"post-337503","1":"post","2":"type-post","3":"status-publish","4":"format-standard","5":"has-post-thumbnail","7":"category-salud","8":"tag-es","9":"tag-espana","10":"tag-health","11":"tag-salud","12":"tag-spain"},"share_on_mastodon":{"url":"https:\/\/pubeurope.com\/@es\/115884746593430968","error":""},"_links":{"self":[{"href":"https:\/\/www.europesays.com\/es\/wp-json\/wp\/v2\/posts\/337503","targetHints":{"allow":["GET"]}}],"collection":[{"href":"https:\/\/www.europesays.com\/es\/wp-json\/wp\/v2\/posts"}],"about":[{"href":"https:\/\/www.europesays.com\/es\/wp-json\/wp\/v2\/types\/post"}],"author":[{"embeddable":true,"href":"https:\/\/www.europesays.com\/es\/wp-json\/wp\/v2\/users\/2"}],"replies":[{"embeddable":true,"href":"https:\/\/www.europesays.com\/es\/wp-json\/wp\/v2\/comments?post=337503"}],"version-history":[{"count":0,"href":"https:\/\/www.europesays.com\/es\/wp-json\/wp\/v2\/posts\/337503\/revisions"}],"wp:featuredmedia":[{"embeddable":true,"href":"https:\/\/www.europesays.com\/es\/wp-json\/wp\/v2\/media\/337504"}],"wp:attachment":[{"href":"https:\/\/www.europesays.com\/es\/wp-json\/wp\/v2\/media?parent=337503"}],"wp:term":[{"taxonomy":"category","embeddable":true,"href":"https:\/\/www.europesays.com\/es\/wp-json\/wp\/v2\/categories?post=337503"},{"taxonomy":"post_tag","embeddable":true,"href":"https:\/\/www.europesays.com\/es\/wp-json\/wp\/v2\/tags?post=337503"}],"curies":[{"name":"wp","href":"https:\/\/api.w.org\/{rel}","templated":true}]}}