{"id":337636,"date":"2026-01-13T01:48:05","date_gmt":"2026-01-13T01:48:05","guid":{"rendered":"https:\/\/www.europesays.com\/es\/337636\/"},"modified":"2026-01-13T01:48:05","modified_gmt":"2026-01-13T01:48:05","slug":"resultados-de-la-encuesta-realizada-por-stes-i-sindicato-de-trabajadores-y-trabajadoras-de-la-ensenaza-de-castilla-la-mancha","status":"publish","type":"post","link":"https:\/\/www.europesays.com\/es\/337636\/","title":{"rendered":"Resultados de la encuesta realizada por STEs-i. \u2013 Sindicato de Trabajadores y Trabajadoras de la Ense\u00f1aza de Castilla la Mancha"},"content":{"rendered":"<p>A pesar de la complejidad del entorno, el profesorado se encuentra bajo una constante cr\u00edtica por parte de la Administraci\u00f3n y los medios de comunicaci\u00f3n. <strong>Desde los STEs, a trav\u00e9s del contacto directo con el personal docente, hemos detectado una profunda preocupaci\u00f3n por diversos factores que degradan la profesi\u00f3n<\/strong>, los cuales se han agrupado en las siguientes categor\u00edas de inquietudes que aborda esta encuesta: ofensiva privatizadora para seleccionar el mejor alumnado; falta de recursos materiales y espacios; enorme carga burocr\u00e1tica; ratios y horas lectivas excesivas; falta de conciliaci\u00f3n familiar; clima de trabajo conflictivo -llegando incluso a las agresiones verbales y f\u00edsicas-; p\u00e9rdida de poder adquisitivo, entre otras.<\/p>\n<p>La escasez de profesorado para cubrir vacantes se ha convertido en una realidad alarmante. <strong>Con el paso de los a\u00f1os, la degradaci\u00f3n de la profesi\u00f3n docente ha ido en aumento<\/strong>, una pesada carga de tareas administrativas, muchas de las cuales no corresponden a la labor docente han creado la \u201ctormenta perfecta\u201d que est\u00e1 provocando un abandono in\u00e9dito en el sector.<\/p>\n<p>Con el fin de cuantificar de manera \u00fatil y fiable estas preocupaciones y disponer de un diagn\u00f3stico preciso, lanzamos esta macro encuesta sobre el estado del profesorado en ense\u00f1anzas p\u00fablicas no universitarias. <strong>El objetivo es obtener datos que sirvan para revalorizar la tarea de ense\u00f1ar y mejorar el respaldo que el personal docente recibe de las familias, las administraciones educativas y la sociedad en general<\/strong>.<\/p>\n","protected":false},"excerpt":{"rendered":"A pesar de la complejidad del entorno, el profesorado se encuentra bajo una constante cr\u00edtica por parte de&hellip;\n","protected":false},"author":2,"featured_media":337637,"comment_status":"","ping_status":"","sticky":false,"template":"","format":"standard","meta":{"footnotes":""},"categories":[8],"tags":[17,18,25,24,13,14,11,19,20,9,10,15,16,23,12,21,22],"class_list":{"0":"post-337636","1":"post","2":"type-post","3":"status-publish","4":"format-standard","5":"has-post-thumbnail","7":"category-espana","8":"tag-breaking-news","9":"tag-breakingnews","10":"tag-es","11":"tag-espana","12":"tag-featured-news","13":"tag-featurednews","14":"tag-headlines","15":"tag-latest-news","16":"tag-latestnews","17":"tag-news","18":"tag-noticias","19":"tag-noticias-destacadas","20":"tag-noticiasdestacadas","21":"tag-spain","22":"tag-titulares","23":"tag-ultimas-noticias","24":"tag-ultimasnoticias"},"share_on_mastodon":{"url":"https:\/\/pubeurope.com\/@es\/115885277648786608","error":""},"_links":{"self":[{"href":"https:\/\/www.europesays.com\/es\/wp-json\/wp\/v2\/posts\/337636","targetHints":{"allow":["GET"]}}],"collection":[{"href":"https:\/\/www.europesays.com\/es\/wp-json\/wp\/v2\/posts"}],"about":[{"href":"https:\/\/www.europesays.com\/es\/wp-json\/wp\/v2\/types\/post"}],"author":[{"embeddable":true,"href":"https:\/\/www.europesays.com\/es\/wp-json\/wp\/v2\/users\/2"}],"replies":[{"embeddable":true,"href":"https:\/\/www.europesays.com\/es\/wp-json\/wp\/v2\/comments?post=337636"}],"version-history":[{"count":0,"href":"https:\/\/www.europesays.com\/es\/wp-json\/wp\/v2\/posts\/337636\/revisions"}],"wp:featuredmedia":[{"embeddable":true,"href":"https:\/\/www.europesays.com\/es\/wp-json\/wp\/v2\/media\/337637"}],"wp:attachment":[{"href":"https:\/\/www.europesays.com\/es\/wp-json\/wp\/v2\/media?parent=337636"}],"wp:term":[{"taxonomy":"category","embeddable":true,"href":"https:\/\/www.europesays.com\/es\/wp-json\/wp\/v2\/categories?post=337636"},{"taxonomy":"post_tag","embeddable":true,"href":"https:\/\/www.europesays.com\/es\/wp-json\/wp\/v2\/tags?post=337636"}],"curies":[{"name":"wp","href":"https:\/\/api.w.org\/{rel}","templated":true}]}}