{"id":337711,"date":"2026-01-13T03:02:46","date_gmt":"2026-01-13T03:02:46","guid":{"rendered":"https:\/\/www.europesays.com\/es\/337711\/"},"modified":"2026-01-13T03:02:46","modified_gmt":"2026-01-13T03:02:46","slug":"lea-aqui-el-manifiesto-completo-impulsado-por-jordi-sevilla-para-renovar-el-psoe","status":"publish","type":"post","link":"https:\/\/www.europesays.com\/es\/337711\/","title":{"rendered":"Lea aqu\u00ed el manifiesto completo impulsado por Jordi Sevilla para renovar el PSOE"},"content":{"rendered":"<p>El exministro y expresidente de Red El\u00e9ctrica, <a href=\"https:\/\/theobjective.com\/etiqueta\/jordi-sevilla\/\" rel=\"nofollow noopener\" target=\"_blank\">Jordi Sevilla<\/a>, ha publicado este lunes un manifiesto en el que pide un \u00abcambio de rumbo pol\u00edtico\u00bb en el <a href=\"https:\/\/theobjective.com\/etiqueta\/psoe\/\" rel=\"nofollow noopener\" target=\"_blank\">PSOE<\/a>, <strong>culpando a la actual direcci\u00f3n de haber \u00abconducido a un auge de la extrema derecha, a una p\u00e9rdida de apoyos al socialismo y a una dictadura de las minor\u00edas\u00bb.<\/strong><\/p>\n<p>\u00abQueremos que el PSOE recupere un proyecto aut\u00f3nomo, socialdem\u00f3crata, de cambio, ilusionante, mayoritario, centrado en los problemas de los ciudadanos y abierto a consensos democr\u00e1ticos con sus adversarios pol\u00edticos en cuestiones de Estado\u00bb, reza el escrito.<\/p>\n<p>-Puede leer el manifiesto completo haciendo clic en la imagen-<\/p>\n<p><a href=\"https:\/\/theobjective.com\/wp-content\/uploads\/2026\/01\/manfiiesto-jordi-sevilla.pdf\" rel=\"nofollow noopener\" target=\"_blank\"><img fetchpriority=\"high\" decoding=\"async\" width=\"867\" height=\"1024\" src=\"https:\/\/www.europesays.com\/es\/wp-content\/uploads\/2026\/01\/manifiesto-jordi-sevilla-psoe-867x1024.jpg\" alt=\"\" class=\"wp-image-3929975\"  \/><\/a>Pinche en la imagen para leer el manifiesto completo.<\/p>\n","protected":false},"excerpt":{"rendered":"El exministro y expresidente de Red El\u00e9ctrica, Jordi Sevilla, ha publicado este lunes un manifiesto en el que&hellip;\n","protected":false},"author":2,"featured_media":337712,"comment_status":"","ping_status":"","sticky":false,"template":"","format":"standard","meta":{"footnotes":""},"categories":[5],"tags":[17,18,25,24,13,14,5965,11,72037,19,20,9,10,15,16,1699,23,12,21,22],"class_list":{"0":"post-337711","1":"post","2":"type-post","3":"status-publish","4":"format-standard","5":"has-post-thumbnail","7":"category-titulares","8":"tag-breaking-news","9":"tag-breakingnews","10":"tag-es","11":"tag-espana","12":"tag-featured-news","13":"tag-featurednews","14":"tag-gobierno-de-espau00f1a","15":"tag-headlines","16":"tag-jordi-sevilla","17":"tag-latest-news","18":"tag-latestnews","19":"tag-news","20":"tag-noticias","21":"tag-noticias-destacadas","22":"tag-noticiasdestacadas","23":"tag-psoe","24":"tag-spain","25":"tag-titulares","26":"tag-ultimas-noticias","27":"tag-ultimasnoticias"},"share_on_mastodon":{"url":"https:\/\/pubeurope.com\/@es\/115885572283720845","error":""},"_links":{"self":[{"href":"https:\/\/www.europesays.com\/es\/wp-json\/wp\/v2\/posts\/337711","targetHints":{"allow":["GET"]}}],"collection":[{"href":"https:\/\/www.europesays.com\/es\/wp-json\/wp\/v2\/posts"}],"about":[{"href":"https:\/\/www.europesays.com\/es\/wp-json\/wp\/v2\/types\/post"}],"author":[{"embeddable":true,"href":"https:\/\/www.europesays.com\/es\/wp-json\/wp\/v2\/users\/2"}],"replies":[{"embeddable":true,"href":"https:\/\/www.europesays.com\/es\/wp-json\/wp\/v2\/comments?post=337711"}],"version-history":[{"count":0,"href":"https:\/\/www.europesays.com\/es\/wp-json\/wp\/v2\/posts\/337711\/revisions"}],"wp:featuredmedia":[{"embeddable":true,"href":"https:\/\/www.europesays.com\/es\/wp-json\/wp\/v2\/media\/337712"}],"wp:attachment":[{"href":"https:\/\/www.europesays.com\/es\/wp-json\/wp\/v2\/media?parent=337711"}],"wp:term":[{"taxonomy":"category","embeddable":true,"href":"https:\/\/www.europesays.com\/es\/wp-json\/wp\/v2\/categories?post=337711"},{"taxonomy":"post_tag","embeddable":true,"href":"https:\/\/www.europesays.com\/es\/wp-json\/wp\/v2\/tags?post=337711"}],"curies":[{"name":"wp","href":"https:\/\/api.w.org\/{rel}","templated":true}]}}