{"id":337851,"date":"2026-01-13T05:21:59","date_gmt":"2026-01-13T05:21:59","guid":{"rendered":"https:\/\/www.europesays.com\/es\/337851\/"},"modified":"2026-01-13T05:21:59","modified_gmt":"2026-01-13T05:21:59","slug":"la-junta-de-gobierno-local-aprueba-la-modificacion-del-presupuesto-municipal-para-2026","status":"publish","type":"post","link":"https:\/\/www.europesays.com\/es\/337851\/","title":{"rendered":"La Junta de Gobierno Local aprueba la modificaci\u00f3n del presupuesto municipal para 2026"},"content":{"rendered":"<dl class=\"article-info\">\n<dt class=\"article-info-term\"\/>\n<dd class=\"parent-category-name\">\n\t\t\t\t\t\t\t\t\t\t\t\t\t\t\t\t<a href=\"https:\/\/www.ciudadreal.es\/noticias\/zona-de-prensa.html\" rel=\"nofollow noopener\" target=\"_blank\">Noticias<\/a>\t\t\t\t\t\t\t\t\t\t\t\t\t\t&gt;<br \/>\n\t\t\t\t\t\t\t\t\t\t\t\t\t\t\t\t<a href=\"https:\/\/www.ciudadreal.es\/noticias\/gobierno.html\" rel=\"nofollow noopener\" target=\"_blank\">Gobierno<\/a>\t\t\t\t\t\t\t\t\t\t\t\t\t\t\t\t<\/dd>\n<dd class=\"published\">\n\t\t\t\t\t Publicado: 12 Enero 2026\t\t\t\t<\/dd>\n<\/dl>\n<p>\t\t\t<a class=\"modal thumbnail\" href=\"https:\/\/www.europesays.com\/es\/wp-content\/uploads\/2026\/01\/WhatsApp_Image_2026-01-12_at_12.03.15.jpeg\"><img decoding=\"async\" src=\"https:\/\/www.europesays.com\/es\/wp-content\/uploads\/2026\/01\/WhatsApp_Image_2026-01-12_at_12.03.15.jpeg\" alt=\"\"\/><\/a><\/p>\n<p>Se trata de un peque\u00f1o ajuste de 36.408\u20ac, lo que supone un 0\u20190003% del total, que asciende a algo m\u00e1s de 103 millones de euros. La causa es la incertidumbre generada por el Plan Corresponsables de la Junta de Comunidades de Castilla-La Mancha.<\/p>\n<p>Tras conocer hace unos d\u00edas la existencia de una incidencia t\u00e9cnica en el proceso de concesi\u00f3n de ayudas para el Plan Corresponsables por parte de la Junta de Comunidades, la Junta de Gobierno Local ha aprobado este lunes la modificaci\u00f3n del proyecto de presupuesto municipal para el a\u00f1o 2026, un peque\u00f1o ajuste de 36.408\u20ac, un 0\u20190003% del total del presupuesto que asciende a algo m\u00e1s de 103 millones de euros.<\/p>\n<p>\u201cEste ajuste tiene que ver con la incertidumbre\u201d, ha aclarado el portavoz del equipo de Gobierno, Guillermo Arroyo, \u201cy tiene que ver tambi\u00e9n con la improvisaci\u00f3n que se est\u00e1 generando en la Junta de Comunidades con el Plan Corresponsables, y que est\u00e1 volviendo locos a los ayuntamientos a la hora de hacer sus cuentas y planificar sus presupuestos. Ante esta situaci\u00f3n, este equipo de Gobierno ha hecho lo que ten\u00eda que hacer, ser transparentes y claros y ajustar el presupuesto a la realidad\u201d.<\/p>\n<p>Este cambio ha sido recomendado por los t\u00e9cnicos municipales y como consecuencia del mismo, tambi\u00e9n ha motivado una ampliaci\u00f3n del plazo para que los grupos municipales puedan presentar enmiendas hasta el pr\u00f3ximo 19 de enero, de manera que tendr\u00e1n 5 d\u00edas para poder hacerlo. Grupos pol\u00edticos a los que Guillermo Arroyo ha pedido responsabilidad a la hora de sacar adelante unas cuentas que son las de mayor cuant\u00eda de la historia del Ayuntamiento de Ciudad Real, y que tienen un car\u00e1cter inversor y participativo, \u201cestamos hablando de unos presupuestos que mejoran los servicios p\u00fablicos, que apuestan por la inversi\u00f3n, generan inversi\u00f3n y dan estabilidad. Retrasarlos no perjudica a este equipo de Gobierno, sino a todos los vecinos y vecinas de Ciudad Real. Por eso pedimos responsabilidad, el Ayuntamiento tiene que avanzar y este equipo de Gobierno va a seguir trabajando siempre con transparencia, di\u00e1logo y firmeza para que Ciudad Real tenga cuanto antes los presupuestos que merece\u201d.<\/p>\n<p>Tras esta aprobaci\u00f3n, el objetivo es que el presupuesto municipal de 2026 pueda ser aprobado en pleno este mismo mes de enero tras superar los diferentes tr\u00e1mites que a\u00fan est\u00e1n pendientes.<\/p>\n<p>\u00a0<\/p>\n<p><strong>Centro de Salud 4<\/strong><\/p>\n<p>Por otro lado, y tambi\u00e9n en la reuni\u00f3n de este lunes, la Junta de Gobierno Local ha aprobado el acto final de cesi\u00f3n de una parcela en la calle Giraldo de Merlo a la Junta de Comunidades de Castilla-La Mancha para la futura construcci\u00f3n del Centro de Salud 4 de Ciudad Real.<\/p>\n","protected":false},"excerpt":{"rendered":"Noticias &gt; Gobierno Publicado: 12 Enero 2026 Se trata de un peque\u00f1o ajuste de 36.408\u20ac, lo que supone&hellip;\n","protected":false},"author":2,"featured_media":337852,"comment_status":"","ping_status":"","sticky":false,"template":"","format":"standard","meta":{"footnotes":""},"categories":[8],"tags":[4071,1250,17,18,777,1940,5509,25,24,13,14,11,19,20,9,10,15,16,5510,23,12,5067,4664,21,22],"class_list":{"0":"post-337851","1":"post","2":"type-post","3":"status-publish","4":"format-standard","5":"has-post-thumbnail","7":"category-espana","8":"tag-agenda","9":"tag-ayuntamiento","10":"tag-breaking-news","11":"tag-breakingnews","12":"tag-ciudad","13":"tag-ciudad-real","14":"tag-empleo","15":"tag-es","16":"tag-espana","17":"tag-featured-news","18":"tag-featurednews","19":"tag-headlines","20":"tag-latest-news","21":"tag-latestnews","22":"tag-news","23":"tag-noticias","24":"tag-noticias-destacadas","25":"tag-noticiasdestacadas","26":"tag-promocion-economica","27":"tag-spain","28":"tag-titulares","29":"tag-tramites","30":"tag-turismo","31":"tag-ultimas-noticias","32":"tag-ultimasnoticias"},"share_on_mastodon":{"url":"https:\/\/pubeurope.com\/@es\/115886118889910572","error":""},"_links":{"self":[{"href":"https:\/\/www.europesays.com\/es\/wp-json\/wp\/v2\/posts\/337851","targetHints":{"allow":["GET"]}}],"collection":[{"href":"https:\/\/www.europesays.com\/es\/wp-json\/wp\/v2\/posts"}],"about":[{"href":"https:\/\/www.europesays.com\/es\/wp-json\/wp\/v2\/types\/post"}],"author":[{"embeddable":true,"href":"https:\/\/www.europesays.com\/es\/wp-json\/wp\/v2\/users\/2"}],"replies":[{"embeddable":true,"href":"https:\/\/www.europesays.com\/es\/wp-json\/wp\/v2\/comments?post=337851"}],"version-history":[{"count":0,"href":"https:\/\/www.europesays.com\/es\/wp-json\/wp\/v2\/posts\/337851\/revisions"}],"wp:featuredmedia":[{"embeddable":true,"href":"https:\/\/www.europesays.com\/es\/wp-json\/wp\/v2\/media\/337852"}],"wp:attachment":[{"href":"https:\/\/www.europesays.com\/es\/wp-json\/wp\/v2\/media?parent=337851"}],"wp:term":[{"taxonomy":"category","embeddable":true,"href":"https:\/\/www.europesays.com\/es\/wp-json\/wp\/v2\/categories?post=337851"},{"taxonomy":"post_tag","embeddable":true,"href":"https:\/\/www.europesays.com\/es\/wp-json\/wp\/v2\/tags?post=337851"}],"curies":[{"name":"wp","href":"https:\/\/api.w.org\/{rel}","templated":true}]}}