{"id":337853,"date":"2026-01-13T05:23:09","date_gmt":"2026-01-13T05:23:09","guid":{"rendered":"https:\/\/www.europesays.com\/es\/337853\/"},"modified":"2026-01-13T05:23:09","modified_gmt":"2026-01-13T05:23:09","slug":"tuvimos-una-muy-buena-conversacion-presidenta-sostiene-llamada-con-donald-trump-dialogaron-sobre-seguridad-comercio-e-inversiones-gob-mx","status":"publish","type":"post","link":"https:\/\/www.europesays.com\/es\/337853\/","title":{"rendered":"Tuvimos una muy buena conversaci\u00f3n: Presidenta sostiene llamada con Donald Trump; dialogaron sobre seguridad, comercio e inversiones &#8211; Gob MX"},"content":{"rendered":"<ol>\n<li><a href=\"https:\/\/news.google.com\/rss\/articles\/CBMi-wFBVV95cUxNc2owTjB0LV9KZDdla2djZEJ2aDl2MzhBQlJYekFfUEpWMU5qNGoxcnctRllwN3FSSFZZN2ZoYmVjWUU4QUNiWFhjY1hBdXc5VHJXeXJWTm1rYXI0T0RWUEdudG15UjdFcFNjbTZIQjZ2bjFDSHRwX0ZTLVM3U2hOeENLNVVWaXFSOG10SVJURXJLMW9YTGhIZVgwVU5PWVpramw2dE9Uc0NtTjJrTFdmZDVzemxBQUEwamNiTmtEQjljOWpsdVNpSVdNMFZMZTdXVjJQd1YtS2loT2tVd0hHZDBPOHRZQ2toSDRuTjZzZDhLMFRHS0NqQzZ5SQ?oc=5\" target=\"_blank\" rel=\"nofollow noopener\">Tuvimos una muy buena conversaci\u00f3n: Presidenta sostiene llamada con Donald Trump; dialogaron sobre seguridad, comercio e inversiones<\/a>&nbsp;&nbsp;Gob MX<\/li>\n<li><a href=\"https:\/\/news.google.com\/rss\/articles\/CBMipwFBVV95cUxQUy16eS1Jbkc0MTRSOFJCUTBjdVhQVE5WVG5GNS1kaTc5TVk1dlBKZzFNZUtDNTNKQlFYX0VGSVlGX0tIeDdYUU5CWlJuelJnUS1vMWc2OC1GS18ycmhmeGRfcGY4SFpRbTNwa1gyZ29DaThaMUVDR0VuSlJBa0JjTlJFWnNJR1dZaHA0VFJqU3RoS2pNajRBNk13N3JJc0Z5cEhjdlVjaw?oc=5\" target=\"_blank\" rel=\"nofollow noopener\">Sheinbaum frena por ahora el apetito intervencionista de Trump<\/a>&nbsp;&nbsp;EL PA\u00cdS<\/li>\n<li><a href=\"https:\/\/news.google.com\/rss\/articles\/CBMi8AFBVV95cUxOLWZLd2ZIOVE0NXlYN1hReW5GNGlxN2VWeGtTUzdiZnBHd2pYR3hjekRwSjNEMnJLTW5kdzV0UFpuUDBVQ2J5S1dtS21DbEMySHZzVGtKQS03NFhWLUlyM0tkM3UzVW4zVlV2NmFGU2xxRUJGMXVYYWRkTkdLZDFsQWI3N0kyQmF6MVZKWEw4cGVtRUt5MnVMa1RiVnN0TW1GX3hXTGpfRVNuS0JrR0dVWmd3eGhPVFA4UHI3bkxPN1dUalVpTEplSHVzVDdOcTAxODZUYjdHVVlRSGRZSUpHR21hajE0cWxselc2QkdIZ3o?oc=5\" target=\"_blank\" rel=\"nofollow noopener\">El embajador de Estados Unidos en M\u00e9xico reconoce que la relaci\u00f3n actual es la \u201cm\u00e1s cooperativa\u201d de las \u00faltimas d\u00e9cadas<\/a>&nbsp;&nbsp;EL PA\u00cdS<\/li>\n<li><a href=\"https:\/\/news.google.com\/rss\/articles\/CBMisAFBVV95cUxOalg3dEF0S2NzVFhENGkxeDZLZnk0Q3ZXTmg3SlpGd1A3NzNlUm9BSWM2UEJBaEZWblYxNDVpVE14MU9IQTBwNVBiOG9nNEpQUEt2ZlVBRUFUNTd6czU5NGVxU29lVlY0cmhoaEZuZWQ1YU9TZVZwMVcyaldrNlEtMFRHeUg4WTl4dXJSaGRyVmR4blQ5WDY4Ny03UTZnT0ROaDRuZ3M2MERwUUctQmg2cg?oc=5\" target=\"_blank\" rel=\"nofollow noopener\">Sheinbaum rechaza usar el t\u00e9rmino \u201cnarcoterrorismo\u201d y descarta acci\u00f3n militar de EE.UU. en M\u00e9xico<\/a>&nbsp;&nbsp;ABC<\/li>\n<li><a href=\"https:\/\/news.google.com\/rss\/articles\/CBMixwFBVV95cUxPekg2Q29XTlEwQU5kb3RaUkNtc1lsZXZPUFpiNHZFQThPTHJ4NGNiQVJOaWhRV3lISmRUWEFkcmVEbjBuMXdmTUxKMWZDSTdNeUwwZ3lHTFUtcTZaejhFMkRfY3BZdzVtSVJ1akZFTUIwcXdxYWNydnFSZHZlZ1lkZDIzeEJmQkctTG9jYmZrTUFlUmcyWkVLdVU4Ykh5eGJ2NFl6REpJZjF1ZUptVGhYeW9vajFrTDRkSHAzVHRvTXNCdmc0NExR0gHHAUFVX3lxTE11WFpySGFBbmdib2JGQ3hRNEc2M2VMalc5ODZKMUZiNFFGN0dBbW9vZzh6akpySkVzVENELVdOYUZJWEJiUVVycmQyUkF2dVpnTFVFRndiOXprb0ZSUXR1dXJFNnZOZDY1SGdwMlY0V2NFdHZPd3hTVE1TYzh1em1HSktNLXZRcng5YWFKWFNrWEViU3Q4WlVUblpRUE9YMURhV240RTBZak0xQzdPNzJGeWdiSndtcG9ITEpWaE55OUc1ZGJ5aTA?oc=5\" target=\"_blank\" rel=\"nofollow noopener\">Sheinbaum descarta la intervenci\u00f3n militar de EEUU tras una conversaci\u00f3n telef\u00f3nica con Trump<\/a>&nbsp;&nbsp;El Peri\u00f3dico<\/li>\n<\/ol>\n","protected":false},"excerpt":{"rendered":"Tuvimos una muy buena conversaci\u00f3n: Presidenta sostiene llamada con Donald Trump; dialogaron sobre seguridad, comercio e inversiones&nbsp;&nbsp;Gob MX&hellip;\n","protected":false},"author":2,"featured_media":330182,"comment_status":"","ping_status":"","sticky":false,"template":"","format":"standard","meta":{"footnotes":""},"categories":[5],"tags":[17,18,25,24,13,14,11,19,20,9,10,15,16,23,12,21,22],"class_list":{"0":"post-337853","1":"post","2":"type-post","3":"status-publish","4":"format-standard","5":"has-post-thumbnail","7":"category-titulares","8":"tag-breaking-news","9":"tag-breakingnews","10":"tag-es","11":"tag-espana","12":"tag-featured-news","13":"tag-featurednews","14":"tag-headlines","15":"tag-latest-news","16":"tag-latestnews","17":"tag-news","18":"tag-noticias","19":"tag-noticias-destacadas","20":"tag-noticiasdestacadas","21":"tag-spain","22":"tag-titulares","23":"tag-ultimas-noticias","24":"tag-ultimasnoticias"},"share_on_mastodon":{"url":"https:\/\/pubeurope.com\/@es\/115886122791736680","error":""},"_links":{"self":[{"href":"https:\/\/www.europesays.com\/es\/wp-json\/wp\/v2\/posts\/337853","targetHints":{"allow":["GET"]}}],"collection":[{"href":"https:\/\/www.europesays.com\/es\/wp-json\/wp\/v2\/posts"}],"about":[{"href":"https:\/\/www.europesays.com\/es\/wp-json\/wp\/v2\/types\/post"}],"author":[{"embeddable":true,"href":"https:\/\/www.europesays.com\/es\/wp-json\/wp\/v2\/users\/2"}],"replies":[{"embeddable":true,"href":"https:\/\/www.europesays.com\/es\/wp-json\/wp\/v2\/comments?post=337853"}],"version-history":[{"count":0,"href":"https:\/\/www.europesays.com\/es\/wp-json\/wp\/v2\/posts\/337853\/revisions"}],"wp:featuredmedia":[{"embeddable":true,"href":"https:\/\/www.europesays.com\/es\/wp-json\/wp\/v2\/media\/330182"}],"wp:attachment":[{"href":"https:\/\/www.europesays.com\/es\/wp-json\/wp\/v2\/media?parent=337853"}],"wp:term":[{"taxonomy":"category","embeddable":true,"href":"https:\/\/www.europesays.com\/es\/wp-json\/wp\/v2\/categories?post=337853"},{"taxonomy":"post_tag","embeddable":true,"href":"https:\/\/www.europesays.com\/es\/wp-json\/wp\/v2\/tags?post=337853"}],"curies":[{"name":"wp","href":"https:\/\/api.w.org\/{rel}","templated":true}]}}