{"id":337868,"date":"2026-01-13T05:41:34","date_gmt":"2026-01-13T05:41:34","guid":{"rendered":"https:\/\/www.europesays.com\/es\/337868\/"},"modified":"2026-01-13T05:41:34","modified_gmt":"2026-01-13T05:41:34","slug":"la-comunidad-de-madrid-celebra-los-70-anos-del-corral-de-la-moreria-con-seis-espectaculos-de-danza-flamenca-en-los-teatros-del-canal","status":"publish","type":"post","link":"https:\/\/www.europesays.com\/es\/337868\/","title":{"rendered":"La Comunidad de Madrid celebra los 70 a\u00f1os del Corral de la Morer\u00eda con seis espect\u00e1culos de danza flamenca en los Teatros del Canal"},"content":{"rendered":"<p>El consejero de Cultura, Turismo y Deporte, Mariano de Paco Serrano, ha participado hoy en la presentaci\u00f3n de esta cita. \u201cDesde hace a\u00f1os, el Ejecutivo auton\u00f3mico trabaja para reforzar la posici\u00f3n e imagen de Madrid como el gran referente de este baile y cante, incluye\u0301ndolo en sus programaciones culturales y campa\u00f1as tur\u00edsticas como parte esencial de nuestra cultura\u201d, ha enfatizado. \u00a0<\/p>\n<p>Este tablao madrile\u00f1o es el m\u00e1s famoso y antiguo del mundo, un icono mundial de la cultura y el arte jondo. Ostenta el premio al Mejor Tablao Flamenco del Mundo y es el \u00fanico cuyo restaurante ha sido reconocido con una Estrella Michelin, y en el que m\u00e1s artistas importantes han actuado en toda la historia del flamenco.<\/p>\n<p>Ana Morales abrir\u00e1 este homenaje especial el 16 de enero en la Sala de Cristal con M\u00e1s que baile, una colecci\u00f3n de piezas recopiladas e in\u00e9ditas que viajan desde el minimalismo y la abstracci\u00f3n al corporativismo. Para ello, utiliza todas las posibilidades musicales y danc\u00edsticas, desde el bajo el\u00e9ctrico y la bater\u00eda a la guitarra y el metal de la voz flamenca en su esencia m\u00e1s tradicional.<\/p>\n<p>Al d\u00eda siguiente ser\u00e1 el turno de Bel\u00e9n L\u00f3pez con el espect\u00e1culo Tiempos, cuya coreograf\u00eda se inspira en el comp\u00e1s de los palos flamencos, sus ritmos, m\u00fasica y silencios. La core\u00f3grafa y bailaora Mar\u00eda Moreno pondr\u00e1 cuerpo y ritmo en Yo bailo (23 de enero) al libro fotogr\u00e1fico que public\u00f3 en 2020 junto a la fot\u00f3grafa Susana Gir\u00f3n.<\/p>\n<p>Por su parte, Joaqu\u00edn Grilo teje en Grilo, el 24 de enero, una obra alegre y desenfadada, una visi\u00f3n moderna del flamenco, pero desde el respeto. Flamencos de C\u00e1diz, el recital de Marcos Flores del 30 de enero, realizar\u00e1 un viaje por zorongos, canti\u00f1as, buler\u00edas, siguiriyas, farrucas\u2026 con un marcado acento jerezano y gaditano.<\/p>\n<p>El homenaje al Corral de la Morer\u00eda lo cerrar\u00e1 el 31 de enero David Coria con Entre l\u00edneas, que parte de la memoria de los grandes maestros del flamenco para interrogar la vigencia de sus trazos en el cuerpo actual. El espect\u00e1culo propone una cartograf\u00eda abierta donde tradici\u00f3n y presente se cruzan a trav\u00e9s de un lenguaje entre la depuraci\u00f3n minimalista y la intensidad expresiva.<\/p>\n","protected":false},"excerpt":{"rendered":"El consejero de Cultura, Turismo y Deporte, Mariano de Paco Serrano, ha participado hoy en la presentaci\u00f3n de&hellip;\n","protected":false},"author":2,"featured_media":337869,"comment_status":"","ping_status":"","sticky":false,"template":"","format":"standard","meta":{"footnotes":""},"categories":[91],"tags":[146,147,25,24,23],"class_list":{"0":"post-337868","1":"post","2":"type-post","3":"status-publish","4":"format-standard","5":"has-post-thumbnail","7":"category-entretenimiento","8":"tag-entertainment","9":"tag-entretenimiento","10":"tag-es","11":"tag-espana","12":"tag-spain"},"share_on_mastodon":{"url":"https:\/\/pubeurope.com\/@es\/115886193594071926","error":""},"_links":{"self":[{"href":"https:\/\/www.europesays.com\/es\/wp-json\/wp\/v2\/posts\/337868","targetHints":{"allow":["GET"]}}],"collection":[{"href":"https:\/\/www.europesays.com\/es\/wp-json\/wp\/v2\/posts"}],"about":[{"href":"https:\/\/www.europesays.com\/es\/wp-json\/wp\/v2\/types\/post"}],"author":[{"embeddable":true,"href":"https:\/\/www.europesays.com\/es\/wp-json\/wp\/v2\/users\/2"}],"replies":[{"embeddable":true,"href":"https:\/\/www.europesays.com\/es\/wp-json\/wp\/v2\/comments?post=337868"}],"version-history":[{"count":0,"href":"https:\/\/www.europesays.com\/es\/wp-json\/wp\/v2\/posts\/337868\/revisions"}],"wp:featuredmedia":[{"embeddable":true,"href":"https:\/\/www.europesays.com\/es\/wp-json\/wp\/v2\/media\/337869"}],"wp:attachment":[{"href":"https:\/\/www.europesays.com\/es\/wp-json\/wp\/v2\/media?parent=337868"}],"wp:term":[{"taxonomy":"category","embeddable":true,"href":"https:\/\/www.europesays.com\/es\/wp-json\/wp\/v2\/categories?post=337868"},{"taxonomy":"post_tag","embeddable":true,"href":"https:\/\/www.europesays.com\/es\/wp-json\/wp\/v2\/tags?post=337868"}],"curies":[{"name":"wp","href":"https:\/\/api.w.org\/{rel}","templated":true}]}}