{"id":337893,"date":"2026-01-13T06:07:10","date_gmt":"2026-01-13T06:07:10","guid":{"rendered":"https:\/\/www.europesays.com\/es\/337893\/"},"modified":"2026-01-13T06:07:10","modified_gmt":"2026-01-13T06:07:10","slug":"rumor-filtrados-detalles-del-siguiente-metroid-2d-incluido-su-ano-de-lanzamiento","status":"publish","type":"post","link":"https:\/\/www.europesays.com\/es\/337893\/","title":{"rendered":"Rumor: Filtrados detalles del siguiente Metroid 2D, incluido su a\u00f1o de lanzamiento"},"content":{"rendered":"<p>Parece que hay un rumor de la franquicia m\u00e1s all\u00e1 de <a href=\"https:\/\/www.nintenderos.com\/2024\/01\/se-cumplen-5-anos-desde-el-reinicio-de-metroid-prime-4\/\" rel=\"nofollow noopener\" target=\"_blank\">Metroid Prime 4: Beyond<\/a> despu\u00e9s de su lanzamiento. Parece que Nintendo planea continuar el estilo Metroidvania tras el \u00e9xito de <a href=\"https:\/\/www.nintenderos.com\/2021\/10\/analisis-metroid-dread-para-nintendo-switch\/\" rel=\"nofollow noopener\" target=\"_blank\">Metroid Dread<\/a>, aunque con un cambio muy relevante.<\/p>\n<p>Seg\u00fan Reece Reilly, una fuente con contactos en la industria, <strong>el pr\u00f3ximo Metroid en 2D ser\u00eda un t\u00edtulo clave que marcar\u00eda el fin de una era dentro de la franquicia y podr\u00eda resultar muy divisivo entre los fans<\/strong>, al introducir un acontecimiento importante que generar\u00e1 opiniones enfrentadas. Adem\u00e1s, se\u00f1ala que su lanzamiento estar\u00eda <strong>previsto para 2027<\/strong>.<\/p>\n<p>Os dejamos con su mensaje:<\/p>\n<p>Otros contenidos en esta categor\u00eda:<\/p>\n<blockquote>\n<p>No lo creo, creo que ser\u00e1 lanzado en 2027. El pr\u00f3ximo Metroid 2D es MUY MUY importante porque es el final de una era debido a algo sustancial que sucedi\u00f3 con ese juego y los fans estar\u00e1n divididos sobre si es algo bueno o malo.<\/p>\n<\/blockquote>\n<p>Nosotros seguiremos atentos para ver qu\u00e9 sucede finalmente. Mientras tanto, \u00bfqu\u00e9 pens\u00e1is al respecto?<\/p>\n<p><a class=\"external\" href=\"https:\/\/x.com\/kiwitalkz\/status\/2010442826652565838\" rel=\"nofollow\">Fuente<\/a>.<\/p>\n","protected":false},"excerpt":{"rendered":"Parece que hay un rumor de la franquicia m\u00e1s all\u00e1 de Metroid Prime 4: Beyond despu\u00e9s de su&hellip;\n","protected":false},"author":2,"featured_media":337894,"comment_status":"","ping_status":"","sticky":false,"template":"","format":"standard","meta":{"footnotes":""},"categories":[81],"tags":[119,123,124,25,24,4336,77253,117,121,122,23,118,120],"class_list":{"0":"post-337893","1":"post","2":"type-post","3":"status-publish","4":"format-standard","5":"has-post-thumbnail","7":"category-ciencia-y-tecnologia","8":"tag-ciencia","9":"tag-ciencia-y-tecnologia","10":"tag-cienciaytecnologia","11":"tag-es","12":"tag-espana","13":"tag-metroid","14":"tag-metroid-2d","15":"tag-science","16":"tag-science-and-technology","17":"tag-scienceandtechnology","18":"tag-spain","19":"tag-technology","20":"tag-tecnologia"},"share_on_mastodon":{"url":"https:\/\/pubeurope.com\/@es\/115886295845005793","error":""},"_links":{"self":[{"href":"https:\/\/www.europesays.com\/es\/wp-json\/wp\/v2\/posts\/337893","targetHints":{"allow":["GET"]}}],"collection":[{"href":"https:\/\/www.europesays.com\/es\/wp-json\/wp\/v2\/posts"}],"about":[{"href":"https:\/\/www.europesays.com\/es\/wp-json\/wp\/v2\/types\/post"}],"author":[{"embeddable":true,"href":"https:\/\/www.europesays.com\/es\/wp-json\/wp\/v2\/users\/2"}],"replies":[{"embeddable":true,"href":"https:\/\/www.europesays.com\/es\/wp-json\/wp\/v2\/comments?post=337893"}],"version-history":[{"count":0,"href":"https:\/\/www.europesays.com\/es\/wp-json\/wp\/v2\/posts\/337893\/revisions"}],"wp:featuredmedia":[{"embeddable":true,"href":"https:\/\/www.europesays.com\/es\/wp-json\/wp\/v2\/media\/337894"}],"wp:attachment":[{"href":"https:\/\/www.europesays.com\/es\/wp-json\/wp\/v2\/media?parent=337893"}],"wp:term":[{"taxonomy":"category","embeddable":true,"href":"https:\/\/www.europesays.com\/es\/wp-json\/wp\/v2\/categories?post=337893"},{"taxonomy":"post_tag","embeddable":true,"href":"https:\/\/www.europesays.com\/es\/wp-json\/wp\/v2\/tags?post=337893"}],"curies":[{"name":"wp","href":"https:\/\/api.w.org\/{rel}","templated":true}]}}