{"id":338000,"date":"2026-01-13T07:48:36","date_gmt":"2026-01-13T07:48:36","guid":{"rendered":"https:\/\/www.europesays.com\/es\/338000\/"},"modified":"2026-01-13T07:48:36","modified_gmt":"2026-01-13T07:48:36","slug":"adios-a-la-compra-de-groenlandia-donald-trump-se-topa-con-un-acuerdo-de-1951-si-no-nos-la-quedamos-lo-haran-china-o-rusia-vandal","status":"publish","type":"post","link":"https:\/\/www.europesays.com\/es\/338000\/","title":{"rendered":"Adi\u00f3s a la compra de Groenlandia, Donald Trump se topa con un acuerdo de 1951: &#039;Si no nos la quedamos lo har\u00e1n China o Rusia&#039; &#8211; Vandal"},"content":{"rendered":"<ol>\n<li><a href=\"https:\/\/news.google.com\/rss\/articles\/CBMi-gFBVV95cUxObFpyWEhFTUIzcmhuWko0V0tuR2lIU3p2OFAxX1o0U1V4RUJ2cC1CSnVzRU42aWF3WkNqMmd5NHNKX0tGX2VySzhvX1VMdU9pQk40MUE0QTJoZEo3QmZjRVVqY3ZHRTlKbEVJV1Y4WmFWX3gtRmtmT044UWMzaWt3Y2Z1NE9zc2FEdjdiRlRQUDc0UFNBSXRoVW9KNnhKcFJIRW01OW5RMEtWYWkzS3JRZUxMZlg0UHhvTEJVY3NHaUJmSURkeDc3U1R6TnJ4aDNoa2lmaU5PRTdaem9nUW8tSzFxVFBtZ3laem1acE4yQkU2MVVXeEdKQk9n0gH_AUFVX3lxTFBlTmh3SFhwZ21EcHRGcWdBZDJDcDFTY2p5X1pmaGV2TFJSZGVzalVWeUcwSEIzVVd5bG84M1daMF92cDQwUjZ2OGozcXJWOWZuN21ZUTJrcF9SVUF0NE81X1JLMGhnaFBOdmdfVkJTNWFhRG1temM5WDhDZUR6Qld5ZjJqS1N6V2xOaGtJUVNsR2dIR1lUN3BhLTIxNFdQZnVwSzNEWEdJYjFyQlZDcGVDT2JEcG5tQjVEQzV5TnVnc3ZXTnFpY2tCUUg1YjRVbTJMbi1pRGRHLWNtUnBuX1o0UVI4MkNGWmVFbVFDSUtOc01MamxQYWFDMjJGQUpKWQ?oc=5\" target=\"_blank\" rel=\"nofollow noopener\">Adi\u00f3s a la compra de Groenlandia, Donald Trump se topa con un acuerdo de 1951: &#8216;Si no nos la quedamos lo har\u00e1n China o Rusia&#8217;<\/a>&nbsp;&nbsp;Vandal<\/li>\n<li><a href=\"https:\/\/news.google.com\/rss\/articles\/CBMijgFBVV95cUxOZy1HZkRDVUhlUzlIa3doaGI3RU15OXhCeE5iZW5fakZ4VGNocHdQN0I3bVU3MWx5bmlNNnc3MURNTWViSU5IcTE4djUwVHJqNWU2YUdMaklTZW4xWXgzM09kMVFLRl93c2F4czI5anYxTUN0ZG9nalBVcU9YMzBIUU0xMlBRQ04wRWZubm9B?oc=5\" target=\"_blank\" rel=\"nofollow noopener\">Los inuit frente al imperio norteamericano<\/a>&nbsp;&nbsp;EL PA\u00cdS<\/li>\n<li><a href=\"https:\/\/news.google.com\/rss\/articles\/CBMigwFBVV95cUxOcVBkV1FOVWpFWVp1WUFZY3MtLVRpZGlfQmtpR3RhTUc1U29MWFV5UGZrSF93RlRxeERHd2hWOVp5YlVPczh3YllOXzdfTmxWazAyMkZoTnJuUEVkbFFMYy1fQktzYTdfRHQteDlUUS00QlFYWVZWRmd5d1JlN3VqOVI3RdIBgwFBVV95cUxPY0RqSnFwZXhKSGRIZ3pneTlXeXZzUnJxQktGd21mMzgzMmZWQ2pjZU1oQ1habGl3eHI1akpTWVZwcERKRVpIckdINlk5QXNJOVpudjRJRjBqVGtpSnI2NFJaeENkTTdRTWNuX2xsQWtfR2U0aXlHcHVoWkRrZjNCNFNQSQ?oc=5\" target=\"_blank\" rel=\"nofollow noopener\">Bruselas avisa de que si EEUU toma Groenlandia \u00abser\u00eda el final de la OTAN\u00bb mientras Rutte evitar criticar a Trump: \u00abEst\u00e1 haciendo lo correcto para la Alianza\u00bb<\/a>&nbsp;&nbsp;El Mundo<\/li>\n<li><a href=\"https:\/\/news.google.com\/rss\/articles\/CBMi2AFBVV95cUxNdHlaTjhJenctd2VoVkkzVmEwdElTR3RSUVZJRHJwTWhKYS1uZ0lfZnFrWVhQbXVkTWdzYjJJX2pWa1FldExhdjJKMnUwS2Y0TU5DdzFfblNhdWhvU25oN0Eydm00XzRqSUlzWUR4eHdGVkYwY2RHQUtqOUVvR2IwRFFxakhsNnhoRzNQbW50cDNkeU5hTHNnZUFwY05ZOVNOUGdhRl9jcEdYS2RlTGk5aTAwX0N2cFM1cmtCZmF4cXVyVnVoN0xHelZVWlJYUl9QX2M1cVo3bWzSAdgBQVVfeXFMTk9hUTdfYVRJVTlQSk1nU2dtaVBicDIzMnE2d1phYjBRd0pKQ0Q4a1hrb3pYVUdGb3Q0VUlCWFZ4WEEzZDRZdjNiUzNoQWx2NmsyS2g0b1VINmpfOFY5N2ZDOE1JVldIUTdjQ2cxNzRxbUdvNC1fNzFGaFljY01Gc3JrbkFaRGc1dmZmTmJ0eEFkUnlBQldfR2lDQmRmSXZUQ3ZhMTl1TzdTV0xxbHBmcUpBSnBVVWdYSXdlekttMkMzQldFOGJrdG9pbU5pbjFzTVdqY25zcTRH?oc=5\" target=\"_blank\" rel=\"nofollow noopener\">China defiende sus actividades en el \u00c1rtico frente a la acusaci\u00f3n de Trump de una posible invasi\u00f3n de Groenlandia<\/a>&nbsp;&nbsp;El Peri\u00f3dico<\/li>\n<li><a href=\"https:\/\/news.google.com\/rss\/articles\/CBMixwFBVV95cUxQLUdseGItZzZQRkRsWUhiYi13NWdvSVRPS0ZxRXYxMzNZTlJpNTVTZ2YwdVl6Q0FMVjJxR3JfcGNwa0c4SFlyakt6bGRKZzl2YUJSTlV3WE1HaHpJUkdMcjFLNHV4T0U0N082MmtFRG9MS2IwblFnRGM4aENKNXJnMTJKLWxZRHlGcnc5VTM2X2tMSWVvVDQwUUxUTVRRSkoyYUdYdTYxb2ZkdWJWZzJ4amFRbjhfRzB6TVBjOWpxN2xkT0pvM1hJ?oc=5\" target=\"_blank\" rel=\"nofollow noopener\">Un diputado republicano introduce una propuesta legislativa para la anexi\u00f3n de Groenlandia<\/a>&nbsp;&nbsp;ABC<\/li>\n<\/ol>\n","protected":false},"excerpt":{"rendered":"Adi\u00f3s a la compra de Groenlandia, Donald Trump se topa con un acuerdo de 1951: &#8216;Si no nos&hellip;\n","protected":false},"author":2,"featured_media":330182,"comment_status":"","ping_status":"","sticky":false,"template":"","format":"standard","meta":{"footnotes":""},"categories":[5],"tags":[17,18,25,24,13,14,11,19,20,9,10,15,16,23,12,21,22],"class_list":{"0":"post-338000","1":"post","2":"type-post","3":"status-publish","4":"format-standard","5":"has-post-thumbnail","7":"category-titulares","8":"tag-breaking-news","9":"tag-breakingnews","10":"tag-es","11":"tag-espana","12":"tag-featured-news","13":"tag-featurednews","14":"tag-headlines","15":"tag-latest-news","16":"tag-latestnews","17":"tag-news","18":"tag-noticias","19":"tag-noticias-destacadas","20":"tag-noticiasdestacadas","21":"tag-spain","22":"tag-titulares","23":"tag-ultimas-noticias","24":"tag-ultimasnoticias"},"share_on_mastodon":{"url":"https:\/\/pubeurope.com\/@es\/115886692927753342","error":""},"_links":{"self":[{"href":"https:\/\/www.europesays.com\/es\/wp-json\/wp\/v2\/posts\/338000","targetHints":{"allow":["GET"]}}],"collection":[{"href":"https:\/\/www.europesays.com\/es\/wp-json\/wp\/v2\/posts"}],"about":[{"href":"https:\/\/www.europesays.com\/es\/wp-json\/wp\/v2\/types\/post"}],"author":[{"embeddable":true,"href":"https:\/\/www.europesays.com\/es\/wp-json\/wp\/v2\/users\/2"}],"replies":[{"embeddable":true,"href":"https:\/\/www.europesays.com\/es\/wp-json\/wp\/v2\/comments?post=338000"}],"version-history":[{"count":0,"href":"https:\/\/www.europesays.com\/es\/wp-json\/wp\/v2\/posts\/338000\/revisions"}],"wp:featuredmedia":[{"embeddable":true,"href":"https:\/\/www.europesays.com\/es\/wp-json\/wp\/v2\/media\/330182"}],"wp:attachment":[{"href":"https:\/\/www.europesays.com\/es\/wp-json\/wp\/v2\/media?parent=338000"}],"wp:term":[{"taxonomy":"category","embeddable":true,"href":"https:\/\/www.europesays.com\/es\/wp-json\/wp\/v2\/categories?post=338000"},{"taxonomy":"post_tag","embeddable":true,"href":"https:\/\/www.europesays.com\/es\/wp-json\/wp\/v2\/tags?post=338000"}],"curies":[{"name":"wp","href":"https:\/\/api.w.org\/{rel}","templated":true}]}}