{"id":338054,"date":"2026-01-13T08:44:09","date_gmt":"2026-01-13T08:44:09","guid":{"rendered":"https:\/\/www.europesays.com\/es\/338054\/"},"modified":"2026-01-13T08:44:09","modified_gmt":"2026-01-13T08:44:09","slug":"estar-de-baja-no-son-vacaciones-es-un-duelo","status":"publish","type":"post","link":"https:\/\/www.europesays.com\/es\/338054\/","title":{"rendered":"Estar de baja no son vacaciones, es un duelo"},"content":{"rendered":"<p class=\"c-paragraph\">La periodista y presentadora <a href=\"https:\/\/www.20minutos.es\/tags\/personas\/carme-chaparro.html\" title=\"Carme Chaparro\" rel=\"nofollow noopener\" target=\"_blank\">Carme Chaparro<\/a> lleva ya un a\u00f1o y tres meses alejada de los plat\u00f3s por una afecci\u00f3n, <b>por un problema de salud al que no ha querido poner nombre<\/b>, pero sobre el que s\u00ed ha reflexionado, porque \u00aba\u00fan no es el momento de contar\u00bb.<\/p>\n<p class=\"c-paragraph\">\u00abUn a\u00f1o y casi tres meses. Se dice pronto. \u00bfOs acord\u00e1is de aquel \u00faltimo &#8216;Matinal&#8217; en informativos?<b>\u00a0Incontables d\u00edas desde que mi vida profesional se puso en pausa y mi vida personal entr\u00f3 en boxes<\/b>\u00ab, escrib\u00eda la periodista en Instagram.\u00a0<\/p>\n<p class=\"c-paragraph\">\u00abNo he contado por qu\u00e9 a\u00fan, porque las palabras necesitan madurar, igual que las cicatrices. Pero hoy no quer\u00eda hablar de diagn\u00f3sticos, sino de lo que queda cuando te quitan el ruido: queda la verdad. Gracias por respetar mi tiempo. <b>Empiezo a estar lista para volver a conversar<\/b>\u00ab, a\u00f1ad\u00eda la periodista, que acaba de publicar su nueva novela, Venganza, que seg\u00fan cuenta, lleva un a\u00f1o escrita, aunque salga a la venta ahora.\u00a0<\/p>\n<p class=\"c-paragraph\">Sobre estar alejada de su profesi\u00f3n, la comunicaci\u00f3n, aseguraba que lo llev\u00f3 mal, que fue un aprendizaje. \u00abEl mundo te ense\u00f1a que tu valor es igual a tu productividad. <b>Si no est\u00e1s en la tele, si no sacas un libro, si no posteas&#8230; \u00bfExistes?<\/b>\u00a0El primer mes de silencio me dio p\u00e1nico\u00bb, revelaba.\u00a0<\/p>\n<p class=\"c-paragraph\">\u00abEstar de baja no son vacaciones. Es un duelo, un duelo por la persona que cre\u00edas que eras\u00bb, ha expresado. \u00ab<b>He aprendido que la identidad no es el cargo que pone en tu contrato<\/b>, sino lo que queda cuando apagan los focos\u00bb, reflexiona sobre el mundo laboral y el personal.\u00a0\u00a0<\/p>\n<p class=\"c-paragraph\">A menudo a los escritores se les pregunta cu\u00e1nto de biogr\u00e1fico hay en sus obras. Chaparro comparte con ellos el conflicto. \u00abComo escritora, siempre busco el conflicto en mis personajes. <b>No sab\u00eda que el conflicto m\u00e1s dif\u00edcil ser\u00eda el m\u00edo: aceptar que el cuerpo tiene sus propias leyes<\/b> y que &#8216;poder con todo&#8217; es la mentira m\u00e1s peligrosa que nos hemos cre\u00eddo\u00bb, dice sobre la autoexigencia y el ritmo de vida moderno.\u00a0<\/p>\n<p class=\"c-paragraph\">La periodista se dirig\u00eda tambi\u00e9n a quien pueda estar en una situaci\u00f3n parecida: \u00ab<b>Si est\u00e1s \u00a0pasando por un t\u00fanel y no ves la salida, recuerda: El silencio no es un vac\u00edo, es espacio para construir<\/b>; no le debes una explicaci\u00f3n a nadie mientras te curas y tu ritmo es el \u00fanico que importa\u00bb, expresaba.\u00a0<\/p>\n<p class=\"c-paragraph\">\u00abDos pasos duros por quir\u00f3fano en pocos d\u00edas. Dos estancias largas y complicadas en la rea\u2026 <b>pero siempre la sonrisa, las caricias, los desvelos y los cuidados de los sanitarios que se dejan el alma,<\/b> la piel y su bienestar para conseguir que sanemos incluso cuando se nos quiere ir el alma\u00bb, dec\u00eda la presentadora el pasado noviembre, junto a una imagen de su mano en una cama de hospital, con una v\u00eda puesta.<\/p>\n","protected":false},"excerpt":{"rendered":"La periodista y presentadora Carme Chaparro lleva ya un a\u00f1o y tres meses alejada de los plat\u00f3s por&hellip;\n","protected":false},"author":2,"featured_media":234061,"comment_status":"","ping_status":"","sticky":false,"template":"","format":"standard","meta":{"footnotes":""},"categories":[174],"tags":[36998,255,46405,2996,146,147,25,24,256,4596,23,3271],"class_list":{"0":"post-338054","1":"post","2":"type-post","3":"status-publish","4":"format-standard","5":"has-post-thumbnail","7":"category-famosos","8":"tag-carme","9":"tag-celebrities","10":"tag-chaparro","11":"tag-enfermedad","12":"tag-entertainment","13":"tag-entretenimiento","14":"tag-es","15":"tag-espana","16":"tag-famosos","17":"tag-habla","18":"tag-spain","19":"tag-su"},"share_on_mastodon":{"url":"https:\/\/pubeurope.com\/@es\/115886913113752433","error":""},"_links":{"self":[{"href":"https:\/\/www.europesays.com\/es\/wp-json\/wp\/v2\/posts\/338054","targetHints":{"allow":["GET"]}}],"collection":[{"href":"https:\/\/www.europesays.com\/es\/wp-json\/wp\/v2\/posts"}],"about":[{"href":"https:\/\/www.europesays.com\/es\/wp-json\/wp\/v2\/types\/post"}],"author":[{"embeddable":true,"href":"https:\/\/www.europesays.com\/es\/wp-json\/wp\/v2\/users\/2"}],"replies":[{"embeddable":true,"href":"https:\/\/www.europesays.com\/es\/wp-json\/wp\/v2\/comments?post=338054"}],"version-history":[{"count":0,"href":"https:\/\/www.europesays.com\/es\/wp-json\/wp\/v2\/posts\/338054\/revisions"}],"wp:featuredmedia":[{"embeddable":true,"href":"https:\/\/www.europesays.com\/es\/wp-json\/wp\/v2\/media\/234061"}],"wp:attachment":[{"href":"https:\/\/www.europesays.com\/es\/wp-json\/wp\/v2\/media?parent=338054"}],"wp:term":[{"taxonomy":"category","embeddable":true,"href":"https:\/\/www.europesays.com\/es\/wp-json\/wp\/v2\/categories?post=338054"},{"taxonomy":"post_tag","embeddable":true,"href":"https:\/\/www.europesays.com\/es\/wp-json\/wp\/v2\/tags?post=338054"}],"curies":[{"name":"wp","href":"https:\/\/api.w.org\/{rel}","templated":true}]}}