{"id":338106,"date":"2026-01-13T09:38:07","date_gmt":"2026-01-13T09:38:07","guid":{"rendered":"https:\/\/www.europesays.com\/es\/338106\/"},"modified":"2026-01-13T09:38:07","modified_gmt":"2026-01-13T09:38:07","slug":"la-estetica-de-2026-sera-predictiva-muscular-y-postural-segun-yvette-pons-interempresas-net","status":"publish","type":"post","link":"https:\/\/www.europesays.com\/es\/338106\/","title":{"rendered":"La est\u00e9tica de 2026 ser\u00e1 predictiva, muscular y postural, seg\u00fan Yvette Pons &#8211; Interempresas.net"},"content":{"rendered":"<ol>\n<li><a href=\"https:\/\/news.google.com\/rss\/articles\/CBMiTkFVX3lxTFBDUnJ0S1pDNktvUE5GODByS0h6OTB1QlpoNDZuNVpLMHJlaVZLWkNYOUFmX1FtTzdkQ1pPRUpSSXFLVjZKQ29uaGZJSEp0Zw?oc=5\" target=\"_blank\" rel=\"nofollow noopener\">La est\u00e9tica de 2026 ser\u00e1 predictiva, muscular y postural, seg\u00fan Yvette Pons<\/a>&nbsp;&nbsp;Interempresas.net<\/li>\n<li><a href=\"https:\/\/news.google.com\/rss\/articles\/CBMiwwFBVV95cUxOS1J2djExem9XNG5NLTFHZGpkbGR3eUhoY2FOczJrbFJ1b05rcndDbnZJUV8yenZIN1RISGtDVnF2dkU2b3ZIbkN0RnRXV0R6Q2NZaGtTUW9KaG5FQTVnSWRiT3NORXJ3elk1RlpBd0dNQ1d0bVl4N0lvVXRENDZIcWpXYTlzTzd5eVBsWl9uT0FsazItOE8wWnN1dTFPUERIa0QxYVZPQjFlT1VhTVA1aTN1U0pkemk4Ymt6XzRlNFhpbWPSAcgBQVVfeXFMT0FmUl9mRGtqMl8xQXgzdzBxUkMwb2lpOWRBaGpsaVVIdXNFRjJtMHNITWhhRW1HLXlmVURaMFBsekl4SENUcElrcTJ2OUtQdjU4V21hcjE2MjlMZkJwdTZkQmlXa2hCMUFzVGxJUTNuUWVOaTMxU21leEh3c1IxbVFBbm1MV1dZdDVfVFYzU0lFNHFSWUpxQnotYnBLU1RqZ19xRklSSWNzU0NKdzFDQUhNdWZXMWNuVTJJbVk3QkJIcmp3Ulo3a2Y?oc=5\" target=\"_blank\" rel=\"nofollow noopener\">Los tratamientos de belleza que debes tener en el radar en 2026<\/a>&nbsp;&nbsp;Mujerhoy<\/li>\n<li><a href=\"https:\/\/news.google.com\/rss\/articles\/CBMi1AFBVV95cUxOMWctMVJlNDhUenRxemlHOFZzZHc4QXhvVkZGYWlsWFVmQ0dSeDhTZU5pSnVIVU92WnlZbTFNc2hrNEltU2g0NmRwdHg1dXhidG15OUUxTnVHd1h0cy1tMjdFbUcyeF8zQlZKa0dkb2x2cHpvZ2F3TXUtMFRNVUx5bTFGaEI0LWNSOUJONkREdy13S2pNb3J4N1hqZHRfWnU3ZHVheFQ2YzN6MzlWTEJ2SjBOdEs0RHEzV2haNXlGeXFEdERVZ2hyWmRxeWlzczByTzBabg?oc=5\" target=\"_blank\" rel=\"nofollow noopener\">Adi\u00f3s 2025 a la falta de naturalidad, 2026 hola al reinado del b\u00f3tox: hablan los expertos<\/a>&nbsp;&nbsp;Vanitatis<\/li>\n<li><a href=\"https:\/\/news.google.com\/rss\/articles\/CBMi1gFBVV95cUxNbFFLMC0zckFOeEwtekd2QzYwYUlZcmhDOVB1a1BoUU5GNHdGbDBBRHo3dWRKVGRlejRDZjBLa0t5Y1hWVjM2Y282ZERzdnhFaDJpbWU0Nm9MS3FKOGY2bEJ0eEg0cmpxU1RKYzg4eUM0VnFsSTNHOHY0amlhUUpiMUxDZ1dteThQcnpXODNMQVRrQXZhT2lJeDM4blB4OEdxUVYxRVNPOEJPc1JCLVlLei15SWNfWUtBOEh6Z3l2LVpoMHlmT0RLOWxoSHhJZndidTdXdkpn0gHqAUFVX3lxTE5SRGNYRFA1VG14dnhNdTF1QnVYTzIwOFh0aE5BV3NuNC1BWUR1XzR1VGpOcHg4Z2ZxZ0NLZmZ5ZU1vc3N2RGw0UXBLeVA1MUx6WC1hV1AxUUd1WUdZYl9TVElhdXlVNHlUQ2pTWS1PUXhIZlZyMXBDaUxhVXpLbGtQM0ZYeDRvT21JM3gxYUpzXy1QWC1WN20xMU51TW9tbmM5Z2pCcGhLMGl6UTZqZlJMdndvc0RDYV9CN08zNW50ZW91Y1oyZ0czd05QM2FiUUQxbC04NkR0WTdHRTVjdmxkV1g2Z3hpeWltdw?oc=5\" target=\"_blank\" rel=\"nofollow noopener\">La tendencia en medicina est\u00e9tica que marcar\u00e1 2026: \u00abNo es lo mismo pinchar que armonizar\u00bb<\/a>&nbsp;&nbsp;La Raz\u00f3n<\/li>\n<li><a href=\"https:\/\/news.google.com\/rss\/articles\/CBMivAFBVV95cUxQWjd1Yzd4TkE2STNkM2Z1Q3RqbXNqdTNFWjZYVm1GbzNMX3N3dTBiejFJbHBLaEYyS2htdThrdnRKNFlkWExVQkpQY2JzVTlfQVpKZE5zdTBaS3YtNkc1UFdlOHlnMWt4cmNuanJMMkR3aWpVQ1BtR3l2Vjd0SV95b08wbG82WFNCekZPQUdwb3lPSjdHeVVOR2lSYmpYeUNwbnRuZ2F2bmJSWHFiVF9VN0l5cTlERE5Jd3UzNA?oc=5\" target=\"_blank\" rel=\"nofollow noopener\">La medicina est\u00e9tica en 2026 transforma los tratamientos clave que cambiar\u00e1n el sector<\/a>&nbsp;&nbsp;consalud.es<\/li>\n<\/ol>\n","protected":false},"excerpt":{"rendered":"La est\u00e9tica de 2026 ser\u00e1 predictiva, muscular y postural, seg\u00fan Yvette Pons&nbsp;&nbsp;Interempresas.net Los tratamientos de belleza que debes&hellip;\n","protected":false},"author":2,"featured_media":338107,"comment_status":"","ping_status":"","sticky":false,"template":"","format":"standard","meta":{"footnotes":""},"categories":[92],"tags":[25,24,165,166,23],"class_list":{"0":"post-338106","1":"post","2":"type-post","3":"status-publish","4":"format-standard","5":"has-post-thumbnail","7":"category-salud","8":"tag-es","9":"tag-espana","10":"tag-health","11":"tag-salud","12":"tag-spain"},"share_on_mastodon":{"url":"https:\/\/pubeurope.com\/@es\/115887125536556240","error":""},"_links":{"self":[{"href":"https:\/\/www.europesays.com\/es\/wp-json\/wp\/v2\/posts\/338106","targetHints":{"allow":["GET"]}}],"collection":[{"href":"https:\/\/www.europesays.com\/es\/wp-json\/wp\/v2\/posts"}],"about":[{"href":"https:\/\/www.europesays.com\/es\/wp-json\/wp\/v2\/types\/post"}],"author":[{"embeddable":true,"href":"https:\/\/www.europesays.com\/es\/wp-json\/wp\/v2\/users\/2"}],"replies":[{"embeddable":true,"href":"https:\/\/www.europesays.com\/es\/wp-json\/wp\/v2\/comments?post=338106"}],"version-history":[{"count":0,"href":"https:\/\/www.europesays.com\/es\/wp-json\/wp\/v2\/posts\/338106\/revisions"}],"wp:featuredmedia":[{"embeddable":true,"href":"https:\/\/www.europesays.com\/es\/wp-json\/wp\/v2\/media\/338107"}],"wp:attachment":[{"href":"https:\/\/www.europesays.com\/es\/wp-json\/wp\/v2\/media?parent=338106"}],"wp:term":[{"taxonomy":"category","embeddable":true,"href":"https:\/\/www.europesays.com\/es\/wp-json\/wp\/v2\/categories?post=338106"},{"taxonomy":"post_tag","embeddable":true,"href":"https:\/\/www.europesays.com\/es\/wp-json\/wp\/v2\/tags?post=338106"}],"curies":[{"name":"wp","href":"https:\/\/api.w.org\/{rel}","templated":true}]}}