{"id":338110,"date":"2026-01-13T09:40:08","date_gmt":"2026-01-13T09:40:08","guid":{"rendered":"https:\/\/www.europesays.com\/es\/338110\/"},"modified":"2026-01-13T09:40:08","modified_gmt":"2026-01-13T09:40:08","slug":"la-nasa-se-prepara-contra-reloj-y-con-riesgos-para-el-primer-viaje-tripulado-para-orbitar-la-luna-en-medio-siglo-el-pais-expres","status":"publish","type":"post","link":"https:\/\/www.europesays.com\/es\/338110\/","title":{"rendered":"La NASA se prepara contra reloj (y con riesgos) para el primer viaje tripulado para orbitar la Luna en medio siglo | El PA\u00cdS Expr\u00e9s"},"content":{"rendered":"<p><img fetchpriority=\"high\" decoding=\"auto\" class=\"_re  a_m-h\" height=\"414\"  width=\"414\"  src=\"https:\/\/www.europesays.com\/es\/wp-content\/uploads\/2026\/01\/WKLLVUFHDBG23CKZZDPHQH2JVU.jpg\" loading=\"eager\"\/>La tripulaci\u00f3n de la Artemis 2, desde la izquierda, Victor Glover, Jeremy Hansen, Christina Koch y Reid Wiseman.FOTO: NASA<\/p>\n<p class=\"\">La NASA ya ha comenzado el proceso para lanzar este 6 de febrero la Artemis 2, la primera misi\u00f3n tripulada a la Luna en el \u00faltimo medio siglo.<\/p>\n<p class=\"\"><b>\u00bfQu\u00e9 se sabe del viaje?<\/b><\/p>\n<ul>\n<li>Hay cuatro elegidos. Reid Wiseman (comandante), Victor Glover (piloto), Christina Koch (especialista de misi\u00f3n) y Jeremy Hansen, de la Agencia Espacial Canadiense, tambi\u00e9n especialista.<\/li>\n<li>Durar\u00e1 10 d\u00edas. Es un viaje de ida y vuelta en el que orbitar\u00e1n una vez la Luna para despu\u00e9s regresar a la Tierra.<\/li>\n<li>Y se espera que este mismo s\u00e1bado se coloque en la plataforma de despegue el cohete SLS, el mayor construido por la NASA en los \u00faltimos 50 a\u00f1os.<\/li>\n<\/ul>\n<p class=\"\"><b>La presi\u00f3n es enorme. <\/b>Washington adelant\u00f3 a febrero el lanzamiento para desviar la atenci\u00f3n del retraso de la Artemis 3 (que llevar\u00e1 a cuatro astronautas a un aterrizaje en la Luna) hasta al menos 2028, con el riesgo de que China pueda llevar astronautas al sat\u00e9lite antes que la Am\u00e9rica de Trump.<\/p>\n<p class=\"\"><b>Y existen varios riesgos. <\/b>Algunos expertos creen que la Artemis 2 no deber\u00eda volar en febrero como est\u00e1 dise\u00f1ada actualmente.<\/p>\n<ul>\n<li>Un motivo es el escudo t\u00e9rmico de la c\u00e1psula Orion, que protege de temperaturas de m\u00e1s de 2.700 grados durante la entrada en la atm\u00f3sfera. En la misi\u00f3n no tripulada del Artemis 1 se dieron cuenta de que el escudo se desgast\u00f3 m\u00e1s de lo planeado, y fueron este tipo de fallos los que provocaron la muerte de los tripulantes del Columbia en 2003.<\/li>\n<li>Tambi\u00e9n hay dudas sobre el sistema ambiental, que provee de ox\u00edgeno a los tripulantes y no se ha probado en vuelo de forma completa.<\/li>\n<\/ul>\n<p class=\"\">\u00a9Foto: NASA<\/p>\n<p class=\"\"><a href=\"https:\/\/elpais.com\/ciencia\/2026-01-13\/ee-uu-inicia-la-cuenta-atras-para-volver-a-la-luna-entre-dudas-sobre-el-riesgo-que-corren-sus-astronautas.html\" target=\"_self\" rel=\"nofollow noopener\" title=\"https:\/\/elpais.com\/ciencia\/2026-01-13\/ee-uu-inicia-la-cuenta-atras-para-volver-a-la-luna-entre-dudas-sobre-el-riesgo-que-corren-sus-astronautas.html\">Si quieres saber m\u00e1s, puedes leer aqu\u00ed<\/a>.<\/p>\n","protected":false},"excerpt":{"rendered":"La tripulaci\u00f3n de la Artemis 2, desde la izquierda, Victor Glover, Jeremy Hansen, Christina Koch y Reid Wiseman.FOTO:&hellip;\n","protected":false},"author":2,"featured_media":338111,"comment_status":"","ping_status":"","sticky":false,"template":"","format":"standard","meta":{"footnotes":""},"categories":[81],"tags":[647,119,123,124,25,21512,24,629,642,117,121,122,23,118,120],"class_list":{"0":"post-338110","1":"post","2":"type-post","3":"status-publish","4":"format-standard","5":"has-post-thumbnail","7":"category-ciencia-y-tecnologia","8":"tag-astronomia","9":"tag-ciencia","10":"tag-ciencia-y-tecnologia","11":"tag-cienciaytecnologia","12":"tag-es","13":"tag-espacio-exterior","14":"tag-espana","15":"tag-estados-unidos","16":"tag-nasa","17":"tag-science","18":"tag-science-and-technology","19":"tag-scienceandtechnology","20":"tag-spain","21":"tag-technology","22":"tag-tecnologia"},"share_on_mastodon":{"url":"https:\/\/pubeurope.com\/@es\/115887133454080712","error":""},"_links":{"self":[{"href":"https:\/\/www.europesays.com\/es\/wp-json\/wp\/v2\/posts\/338110","targetHints":{"allow":["GET"]}}],"collection":[{"href":"https:\/\/www.europesays.com\/es\/wp-json\/wp\/v2\/posts"}],"about":[{"href":"https:\/\/www.europesays.com\/es\/wp-json\/wp\/v2\/types\/post"}],"author":[{"embeddable":true,"href":"https:\/\/www.europesays.com\/es\/wp-json\/wp\/v2\/users\/2"}],"replies":[{"embeddable":true,"href":"https:\/\/www.europesays.com\/es\/wp-json\/wp\/v2\/comments?post=338110"}],"version-history":[{"count":0,"href":"https:\/\/www.europesays.com\/es\/wp-json\/wp\/v2\/posts\/338110\/revisions"}],"wp:featuredmedia":[{"embeddable":true,"href":"https:\/\/www.europesays.com\/es\/wp-json\/wp\/v2\/media\/338111"}],"wp:attachment":[{"href":"https:\/\/www.europesays.com\/es\/wp-json\/wp\/v2\/media?parent=338110"}],"wp:term":[{"taxonomy":"category","embeddable":true,"href":"https:\/\/www.europesays.com\/es\/wp-json\/wp\/v2\/categories?post=338110"},{"taxonomy":"post_tag","embeddable":true,"href":"https:\/\/www.europesays.com\/es\/wp-json\/wp\/v2\/tags?post=338110"}],"curies":[{"name":"wp","href":"https:\/\/api.w.org\/{rel}","templated":true}]}}