{"id":338116,"date":"2026-01-13T09:43:19","date_gmt":"2026-01-13T09:43:19","guid":{"rendered":"https:\/\/www.europesays.com\/es\/338116\/"},"modified":"2026-01-13T09:43:19","modified_gmt":"2026-01-13T09:43:19","slug":"abierto-el-plazo-para-de-inscripcion-o-renovacion-en-el-registro-municipal-de-entidades-ciudadanas","status":"publish","type":"post","link":"https:\/\/www.europesays.com\/es\/338116\/","title":{"rendered":"Abierto el plazo para de inscripci\u00f3n o renovaci\u00f3n en el Registro Municipal de Entidades Ciudadanas"},"content":{"rendered":"<p>El Ayuntamiento de Ejea de los Caballeros ha abierto el plazo para la inscripci\u00f3n o de renovaci\u00f3n en el Registro de Entidades Ciudadanas. Las entidades deber\u00e1n realizar este tr\u00e1mite a trav\u00e9s de la sede electr\u00f3nica municipal presentando la siguiente documentaci\u00f3n:<\/p>\n<p><strong>Inscripci\u00f3n<\/strong><\/p>\n<p>\u2013 NIF.<br \/>\u2013 Estatutos.<br \/>\u2013 Certificado del n\u00famero de socios.<br \/>\u2013 Resoluci\u00f3n de inscripci\u00f3n en el Registro de Asociaciones del Gobierno de Arag\u00f3n u otro registro p\u00fablico.<br \/>\u2013 Acta o certificaci\u00f3n de miembros de la Junta Directiva.<br \/>\u2013 Memoria anual de actividades.<br \/>\u2013 Presupuesto anual.<br \/>\u2013 Ficha de terceros.<br \/>\u2013 Otros documentos.<\/p>\n<p><strong>Renovaci\u00f3n<\/strong><\/p>\n<p>\u2013 Certificado del n\u00famero de socios.<br \/>\u2013 Acta o certificaci\u00f3n de miembros de la Junta Directiva, solamente si ha habido cambios en su composici\u00f3n.<br \/>\u2013 Memoria anual de actividades.<br \/>\u2013 Presupuesto anual.<br \/>\u2013 Otros documentos.<\/p>\n","protected":false},"excerpt":{"rendered":"El Ayuntamiento de Ejea de los Caballeros ha abierto el plazo para la inscripci\u00f3n o de renovaci\u00f3n en&hellip;\n","protected":false},"author":2,"featured_media":338117,"comment_status":"","ping_status":"","sticky":false,"template":"","format":"standard","meta":{"footnotes":""},"categories":[8],"tags":[26464,77277,26465,17,18,26466,25,24,13,14,11,19,20,9,10,15,16,23,12,21,22],"class_list":{"0":"post-338116","1":"post","2":"type-post","3":"status-publish","4":"format-standard","5":"has-post-thumbnail","7":"category-espana","8":"tag-ejeadeloscaballeros","9":"tag-participacionciudadana","10":"tag-pueblosejea","11":"tag-breaking-news","12":"tag-breakingnews","13":"tag-ejea","14":"tag-es","15":"tag-espana","16":"tag-featured-news","17":"tag-featurednews","18":"tag-headlines","19":"tag-latest-news","20":"tag-latestnews","21":"tag-news","22":"tag-noticias","23":"tag-noticias-destacadas","24":"tag-noticiasdestacadas","25":"tag-spain","26":"tag-titulares","27":"tag-ultimas-noticias","28":"tag-ultimasnoticias"},"share_on_mastodon":{"url":"https:\/\/pubeurope.com\/@es\/115887145197057222","error":""},"_links":{"self":[{"href":"https:\/\/www.europesays.com\/es\/wp-json\/wp\/v2\/posts\/338116","targetHints":{"allow":["GET"]}}],"collection":[{"href":"https:\/\/www.europesays.com\/es\/wp-json\/wp\/v2\/posts"}],"about":[{"href":"https:\/\/www.europesays.com\/es\/wp-json\/wp\/v2\/types\/post"}],"author":[{"embeddable":true,"href":"https:\/\/www.europesays.com\/es\/wp-json\/wp\/v2\/users\/2"}],"replies":[{"embeddable":true,"href":"https:\/\/www.europesays.com\/es\/wp-json\/wp\/v2\/comments?post=338116"}],"version-history":[{"count":0,"href":"https:\/\/www.europesays.com\/es\/wp-json\/wp\/v2\/posts\/338116\/revisions"}],"wp:featuredmedia":[{"embeddable":true,"href":"https:\/\/www.europesays.com\/es\/wp-json\/wp\/v2\/media\/338117"}],"wp:attachment":[{"href":"https:\/\/www.europesays.com\/es\/wp-json\/wp\/v2\/media?parent=338116"}],"wp:term":[{"taxonomy":"category","embeddable":true,"href":"https:\/\/www.europesays.com\/es\/wp-json\/wp\/v2\/categories?post=338116"},{"taxonomy":"post_tag","embeddable":true,"href":"https:\/\/www.europesays.com\/es\/wp-json\/wp\/v2\/tags?post=338116"}],"curies":[{"name":"wp","href":"https:\/\/api.w.org\/{rel}","templated":true}]}}