{"id":338128,"date":"2026-01-13T10:01:10","date_gmt":"2026-01-13T10:01:10","guid":{"rendered":"https:\/\/www.europesays.com\/es\/338128\/"},"modified":"2026-01-13T10:01:10","modified_gmt":"2026-01-13T10:01:10","slug":"deficit-calorico-o-ayuno-intermitente-que-metodo-realmente-funciona-para-perder-peso-segun-la-ciencia","status":"publish","type":"post","link":"https:\/\/www.europesays.com\/es\/338128\/","title":{"rendered":"D\u00e9ficit cal\u00f3rico o ayuno intermitente: qu\u00e9 m\u00e9todo realmente funciona para perder peso seg\u00fan la ciencia"},"content":{"rendered":"<p><img alt=\"El d\u00e9ficit cal\u00f3rico y el\" class=\"global-image\" decoding=\"async\" fetchpriority=\"high\" height=\"565\" loading=\"eager\" src=\"https:\/\/www.europesays.com\/es\/wp-content\/uploads\/2026\/01\/7DJ534PT4NB43PQIGZJ5ZL4QRU.jpeg\" width=\"1004\"\/>El d\u00e9ficit cal\u00f3rico y el ayuno intermitente destacan como dos de las estrategias m\u00e1s populares para la p\u00e9rdida de peso seg\u00fan Verywell Health (Imagen ilustrativa infobae)<\/p>\n<p class=\"paragraph\">La b\u00fasqueda de <b>m\u00e9todos efectivos para la <\/b><a href=\"https:\/\/www.infobae.com\/salud\/2025\/09\/18\/la-perdida-de-peso-rapida-implica-riesgos-fisicos-y-emocionales-advierten-especialistas\/\" target=\"_blank\" rel=\"noreferrer nofollow noopener\" title=\"https:\/\/www.infobae.com\/salud\/2025\/09\/18\/la-perdida-de-peso-rapida-implica-riesgos-fisicos-y-emocionales-advierten-especialistas\/\"><b>p\u00e9rdida de peso<\/b><\/a><b> ha posicionado al d\u00e9ficit cal\u00f3rico y al ayuno intermitente entre las estrategias <\/b>m\u00e1s debatidas y adoptadas en todo el mundo, seg\u00fan un an\u00e1lisis de Verywell Health. <\/p>\n<p class=\"paragraph\">Ambas alternativas han mostrado eficacia para favorecer la p\u00e9rdida de peso, aunque difieren en su modo de implementaci\u00f3n y en la adaptaci\u00f3n a las necesidades individuales, <b>factores determinantes a la hora de elegir.<\/b><\/p>\n<p class=\"paragraph\">El <b>d\u00e9ficit cal\u00f3rico<\/b> consiste en ingerir menos calor\u00edas de las que el organismo gasta diariamente. Por su parte, el <b>ayuno intermitente implica restringir la ingesta de alimentos a un periodo concreto del d\u00eda,<\/b> con abstinencia el resto de la jornada, seg\u00fan la revisi\u00f3n del doctor Sohaib Imtiaz para Verywell Health.<\/p>\n<p class=\"paragraph\">En el d\u00e9ficit cal\u00f3rico, el objetivo es reducir el consumo energ\u00e9tico diario mediante la disminuci\u00f3n de porciones, la selecci\u00f3n de alimentos menos cal\u00f3ricos o el incremento de la actividad f\u00edsica. Este m\u00e9todo <b>no exige eliminar tipos espec\u00edficos de alimentos, aunque se aconseja priorizar los bajos en calor\u00edas y ricos en nutrientes.<\/b><\/p>\n<p><img alt=\"El ayuno intermitente organiza la\" class=\"global-image\" decoding=\"async\" fetchpriority=\"low\" height=\"1080\" loading=\"lazy\" src=\"https:\/\/www.europesays.com\/es\/wp-content\/uploads\/2026\/01\/KIAKHY5BCRCVRDBJCSGNWPHAGE.jpg\" width=\"1920\"\/>El ayuno intermitente organiza la alimentaci\u00f3n en ventanas horarias, promoviendo abstinencia fuera de ese periodo y regulando solo el momento de la ingesta<\/p>\n<p class=\"paragraph\">El ayuno intermitente, en cambio, regula el momento de las comidas, no su composici\u00f3n, proponiendo organizar la alimentaci\u00f3n dentro de una ventana horaria definida. Fuera de ese intervalo, se mantiene el ayuno.<\/p>\n<p class=\"paragraph\">La evidencia m\u00e1s actual respalda la eficacia de <b>ambas estrategias para la p\u00e9rdida de peso y la salud metab\u00f3lica<\/b>. Un estudio en <a href=\"https:\/\/www.acpjournals.org\/doi\/10.7326\/ANNALS-24-01631\" target=\"_blank\" rel=\"noreferrer nofollow noopener\" title=\"https:\/\/www.acpjournals.org\/doi\/10.7326\/ANNALS-24-01631\">Annals of Internal Medicine<\/a> mostr\u00f3 que el ayuno intermitente 4:3 permiti\u00f3 una reducci\u00f3n promedio del 7,6% del peso corporal, frente al 5% logrado con restricci\u00f3n cal\u00f3rica diaria, junto con mejoras en presi\u00f3n arterial, colesterol y glucosa.<\/p>\n<p class=\"paragraph\">Cient\u00edficos del Instituto de Investigaci\u00f3n Biom\u00e9dica de M\u00e1laga asociaron el ayuno intermitente con mejoras cognitivas y reducci\u00f3n de la inflamaci\u00f3n en adultos con obesidad. Adem\u00e1s, una revisi\u00f3n en<a rel=\"noopener noreferrer sponsored nofollow\" href=\"https:\/\/www.bmj.com\/content\/389\/bmj.r1156?utm_source=chatgpt.com\" target=\"_blank\" title=\"https:\/\/www.bmj.com\/content\/389\/bmj.r1156?utm_source=chatgpt.com\"> The BMJ<\/a>, basada en 99 ensayos con m\u00e1s de 6.500 adultos, concluy\u00f3 que<b> tanto el ayuno en d\u00edas alternos como la restricci\u00f3n cal\u00f3rica tradicional ofrecen resultados similares a largo plazo. <\/b><\/p>\n<p class=\"paragraph\">Tanto el d\u00e9ficit cal\u00f3rico como el ayuno intermitente ofrecen beneficios para la salud metab\u00f3lica y la composici\u00f3n corporal. Mantener un d\u00e9ficit cal\u00f3rico sostenido puede favorecer la <b>p\u00e9rdida de peso, la reducci\u00f3n de grasa visceral y la mejora de indicadores como la presi\u00f3n arterial y el colesterol<\/b>, adem\u00e1s de promover h\u00e1bitos de alimentaci\u00f3n m\u00e1s conscientes. <\/p>\n<p class=\"paragraph\">Por su parte, el ayuno intermitente ayuda a reducir la ingesta cal\u00f3rica total, mejorar la sensibilidad a la insulina, favorecer la reparaci\u00f3n celular y, expertos de Harvard podr\u00eda asociarse a mayor longevidad; algunos usuarios reportan tambi\u00e9n mayor claridad mental y energ\u00eda durante los periodos sin comida.<\/p>\n<p><img alt=\"Un estudio en Annals of\" class=\"global-image\" decoding=\"async\" fetchpriority=\"low\" height=\"816\" loading=\"lazy\" src=\"https:\/\/www.europesays.com\/es\/wp-content\/uploads\/2026\/01\/46NT67JJPFAYFMJKEX753VTWVI.jpg\" width=\"1456\"\/>Un estudio en Annals of Internal Medicine hall\u00f3 que el ayuno intermitente 4:3 permiti\u00f3 mayor reducci\u00f3n de peso y mejoras metab\u00f3licas frente a la restricci\u00f3n cal\u00f3rica diaria (Imagen Ilustrativa Infobae)<\/p>\n<p class=\"paragraph\">Ambos m\u00e9todos presentan limitaciones: un d\u00e9ficit cal\u00f3rico excesivo puede provocar <b>p\u00e9rdida de masa muscular, disminuci\u00f3n del metabolismo, <\/b><a href=\"https:\/\/www.infobae.com\/salud\/2025\/08\/31\/fatiga-diaria-8-habitos-comunes-que-roban-energia-y-como-revertirlos\/\" target=\"_blank\" rel=\"noreferrer nofollow noopener\" title=\"https:\/\/www.infobae.com\/salud\/2025\/08\/31\/fatiga-diaria-8-habitos-comunes-que-roban-energia-y-como-revertirlos\/\"><b>fatiga<\/b><\/a><b>, alteraciones hormonales y deficiencias nutricionales<\/b>, as\u00ed como efectos emocionales negativos como irritabilidad. <\/p>\n<p class=\"paragraph\">El ayuno intermitente puede generar hambre intensa fuera de la ventana alimentaria, episodios de ingesta excesiva, molestias digestivas y dificultades para integrarlo en la vida social o laboral; si no se asegura una ingesta adecuada de prote\u00ednas y ejercicio de fuerza, tambi\u00e9n puede llevar a p\u00e9rdida muscular y favorecer conductas alimentarias desordenadas.<\/p>\n<p class=\"paragraph\">La elecci\u00f3n entre ambos m\u00e9todos depende de las preferencias personales, el estilo de vida y la orientaci\u00f3n m\u00e9dica. La sostenibilidad es esencial:<b> el d\u00e9ficit cal\u00f3rico ofrece mayor flexibilidad en los horarios y el control de las raciones,<\/b> mientras que el ayuno intermitente resulta apropiado para quienes prefieren horarios estrictos y se sienten c\u00f3modos alternando periodos de alimentaci\u00f3n y ayuno. <\/p>\n<p><img alt=\"La elecci\u00f3n entre ayuno intermitente\" class=\"global-image\" decoding=\"async\" fetchpriority=\"low\" height=\"1080\" loading=\"lazy\" src=\"https:\/\/www.europesays.com\/es\/wp-content\/uploads\/2026\/01\/1768298470_524_QBDQGHBLZVEOZAWY74AQ5C2X74.jpg\" width=\"1920\"\/>La elecci\u00f3n entre ayuno intermitente y d\u00e9ficit cal\u00f3rico depende de preferencias personales, estilo de vida y recomendaciones m\u00e9dicas (Canva)<\/p>\n<p class=\"paragraph\">Especialistas de Verywell Health se\u00f1alan que no existe una \u00fanica estrategia v\u00e1lida para todos; lo fundamental es optar por una alternativa sostenible que no ponga en riesgo la nutrici\u00f3n ni el bienestar.<\/p>\n<p class=\"paragraph\">La efectividad de cualquier m\u00e9todo reside en integrarlo como parte de un estilo de vida saludable y constante. <b>Priorizar h\u00e1bitos alimentarios equilibrados y sostenibles<\/b> es decisivo no solo para la p\u00e9rdida de peso, sino tambi\u00e9n para mantener la salud y el bienestar duraderos.<\/p>\n","protected":false},"excerpt":{"rendered":"El d\u00e9ficit cal\u00f3rico y el ayuno intermitente destacan como dos de las estrategias m\u00e1s populares para la p\u00e9rdida&hellip;\n","protected":false},"author":2,"featured_media":338129,"comment_status":"","ping_status":"","sticky":false,"template":"","format":"standard","meta":{"footnotes":""},"categories":[92],"tags":[25,24,165,166,23],"class_list":{"0":"post-338128","1":"post","2":"type-post","3":"status-publish","4":"format-standard","5":"has-post-thumbnail","7":"category-salud","8":"tag-es","9":"tag-espana","10":"tag-health","11":"tag-salud","12":"tag-spain"},"share_on_mastodon":{"url":"https:\/\/pubeurope.com\/@es\/115887216289967176","error":""},"_links":{"self":[{"href":"https:\/\/www.europesays.com\/es\/wp-json\/wp\/v2\/posts\/338128","targetHints":{"allow":["GET"]}}],"collection":[{"href":"https:\/\/www.europesays.com\/es\/wp-json\/wp\/v2\/posts"}],"about":[{"href":"https:\/\/www.europesays.com\/es\/wp-json\/wp\/v2\/types\/post"}],"author":[{"embeddable":true,"href":"https:\/\/www.europesays.com\/es\/wp-json\/wp\/v2\/users\/2"}],"replies":[{"embeddable":true,"href":"https:\/\/www.europesays.com\/es\/wp-json\/wp\/v2\/comments?post=338128"}],"version-history":[{"count":0,"href":"https:\/\/www.europesays.com\/es\/wp-json\/wp\/v2\/posts\/338128\/revisions"}],"wp:featuredmedia":[{"embeddable":true,"href":"https:\/\/www.europesays.com\/es\/wp-json\/wp\/v2\/media\/338129"}],"wp:attachment":[{"href":"https:\/\/www.europesays.com\/es\/wp-json\/wp\/v2\/media?parent=338128"}],"wp:term":[{"taxonomy":"category","embeddable":true,"href":"https:\/\/www.europesays.com\/es\/wp-json\/wp\/v2\/categories?post=338128"},{"taxonomy":"post_tag","embeddable":true,"href":"https:\/\/www.europesays.com\/es\/wp-json\/wp\/v2\/tags?post=338128"}],"curies":[{"name":"wp","href":"https:\/\/api.w.org\/{rel}","templated":true}]}}