{"id":338179,"date":"2026-01-13T10:51:09","date_gmt":"2026-01-13T10:51:09","guid":{"rendered":"https:\/\/www.europesays.com\/es\/338179\/"},"modified":"2026-01-13T10:51:09","modified_gmt":"2026-01-13T10:51:09","slug":"albares-anuncia-la-liberacion-de-otros-tres-presos","status":"publish","type":"post","link":"https:\/\/www.europesays.com\/es\/338179\/","title":{"rendered":"Albares anuncia la liberaci\u00f3n de otros tres presos"},"content":{"rendered":"<p>El ministro de Asuntos Exteriores, <strong>Jos\u00e9 Manuel Albares<\/strong>, ha anunciado que este lunes fueron liberados otros tres presos espa\u00f1oles en Venezuela. <\/p>\n<p><strong>Los tres liberados tienen doble nacionalidad<\/strong>. \u00abUn ciudadano espa\u00f1ol ha decidido mantenerse en Venezuela por su propia voluntad. Otra ciudadana ha decidido volar y lo har\u00e1 hoy mismo saldr\u00e1 de Venezuela rumbo a Espa\u00f1a y otra ciudadana est\u00e1 pensando si prefiere quedarse en Venezuela o regresar a Espa\u00f1a\u00bb, ha explicado Albares en una entrevista en Catalunya R\u00e0dio.<\/p>\n<p><strong>Se trata de un \u00abpaso muy positivo\u00bb, ha afirmado Albares<\/strong>, que ha animado al Gobierno venezolano a \u00abseguir avanzando en esa l\u00ednea\u00bb de las liberaciones.<\/p>\n<p>Albares ha aplaudido la labor \u00abdiscreta\u00bb que realiza el expresidente del Gobierno <strong>Jos\u00e9 Luis Rodr\u00edguez Zapatero<\/strong>, que \u00abno act\u00faa ni a nombre ni a demanda del Gobierno de Espa\u00f1a\u00bb, sino \u00aba solicitud de la oposici\u00f3n\u00bb venezolana.<\/p>\n<p>Ocho espa\u00f1oles liberados en total<\/p>\n<p>Con estos tres liberados, en total son ocho los espa\u00f1oles excarcelados de las prisiones de Venezuela. El pasado viernes aterrizaron en Madrid <strong>Miguel Moreno Dapena, Andr\u00e9s Mart\u00ednez Adasme, Jos\u00e9 Mar\u00eda Basoa, Ernesto Gorbe Cardona<\/strong> y la activista con doble nacionalidad<strong> Roc\u00edo San Miguel<\/strong>. Uno de los liberados este lunes es <strong>Alejandro Gonz\u00e1lez de Canales Plaza<\/strong>, exmarido de Sanmiguel, seg\u00fan anunci\u00f3 la ONG Foro Legal. Los nombres de los otros dos se desconocen por el momento.<\/p>\n<p>El Gobierno de <strong>Venezuela<\/strong> anunci\u00f3 este pasado lunes la <strong>liberaci\u00f3n de otros 116 presos pol\u00edticos<\/strong>, con lo que el n\u00famero total de excarcelados se eleva a 133 desde que la presidenta \u00abencargada\u00bb del pa\u00eds tras el secuestro de Nicol\u00e1s Maduro por EE.UU., <strong>Delcy Rodr\u00edguez<\/strong>, dio la orden la semana pasada.<\/p>\n<p>El presidente de la Asamblea Nacional de Venezuela, <strong>Jorge Rodr\u00edguez<\/strong>, anunci\u00f3 el pasado d\u00eda 8 de enero el inicio del proceso de excarcelaci\u00f3n de \u00abun n\u00famero importante de personas venezolanas o extranjeras\u00bb, como \u00abgesto\u00bb para avanzar en la \u00abb\u00fasqueda de la paz\u00bb. Familiares y ONG, sin embargo, critican la lentitud de las liberaciones y la falta de informaci\u00f3n oficial. <\/p>\n","protected":false},"excerpt":{"rendered":"El ministro de Asuntos Exteriores, Jos\u00e9 Manuel Albares, ha anunciado que este lunes fueron liberados otros tres presos&hellip;\n","protected":false},"author":2,"featured_media":338180,"comment_status":"","ping_status":"","sticky":false,"template":"","format":"standard","meta":{"footnotes":""},"categories":[42],"tags":[17,18,13,14,11,61,62,63,64,19,20,9,10,15,16,12,21,22,65,66,67],"class_list":{"0":"post-338179","1":"post","2":"type-post","3":"status-publish","4":"format-standard","5":"has-post-thumbnail","7":"category-internacional","8":"tag-breaking-news","9":"tag-breakingnews","10":"tag-featured-news","11":"tag-featurednews","12":"tag-headlines","13":"tag-internacional","14":"tag-international","15":"tag-international-news","16":"tag-internationalnews","17":"tag-latest-news","18":"tag-latestnews","19":"tag-news","20":"tag-noticias","21":"tag-noticias-destacadas","22":"tag-noticiasdestacadas","23":"tag-titulares","24":"tag-ultimas-noticias","25":"tag-ultimasnoticias","26":"tag-world","27":"tag-world-news","28":"tag-worldnews"},"share_on_mastodon":{"url":"https:\/\/pubeurope.com\/@es\/115887412552896710","error":""},"_links":{"self":[{"href":"https:\/\/www.europesays.com\/es\/wp-json\/wp\/v2\/posts\/338179","targetHints":{"allow":["GET"]}}],"collection":[{"href":"https:\/\/www.europesays.com\/es\/wp-json\/wp\/v2\/posts"}],"about":[{"href":"https:\/\/www.europesays.com\/es\/wp-json\/wp\/v2\/types\/post"}],"author":[{"embeddable":true,"href":"https:\/\/www.europesays.com\/es\/wp-json\/wp\/v2\/users\/2"}],"replies":[{"embeddable":true,"href":"https:\/\/www.europesays.com\/es\/wp-json\/wp\/v2\/comments?post=338179"}],"version-history":[{"count":0,"href":"https:\/\/www.europesays.com\/es\/wp-json\/wp\/v2\/posts\/338179\/revisions"}],"wp:featuredmedia":[{"embeddable":true,"href":"https:\/\/www.europesays.com\/es\/wp-json\/wp\/v2\/media\/338180"}],"wp:attachment":[{"href":"https:\/\/www.europesays.com\/es\/wp-json\/wp\/v2\/media?parent=338179"}],"wp:term":[{"taxonomy":"category","embeddable":true,"href":"https:\/\/www.europesays.com\/es\/wp-json\/wp\/v2\/categories?post=338179"},{"taxonomy":"post_tag","embeddable":true,"href":"https:\/\/www.europesays.com\/es\/wp-json\/wp\/v2\/tags?post=338179"}],"curies":[{"name":"wp","href":"https:\/\/api.w.org\/{rel}","templated":true}]}}