{"id":338224,"date":"2026-01-13T11:35:08","date_gmt":"2026-01-13T11:35:08","guid":{"rendered":"https:\/\/www.europesays.com\/es\/338224\/"},"modified":"2026-01-13T11:35:08","modified_gmt":"2026-01-13T11:35:08","slug":"el-cielo-en-2026-charla-con-astrocantabria","status":"publish","type":"post","link":"https:\/\/www.europesays.com\/es\/338224\/","title":{"rendered":"\u00abEl cielo en 2026\u00bb, charla con AstroCantabria"},"content":{"rendered":"<p>El primer martes no festivo de cada mes <strong>AstroCantabria<\/strong> realiza una charla abierta al p\u00fablico en el Centro Cultural Doctor Madrazo. El martes 13 de enero a las 19:30h <strong>Neila Campos<\/strong> impartir\u00e1 la charla<strong> \u00abEl cielo en 2026\u00bb.<\/strong><\/p>\n<p>En 2026 se podr\u00e1n observar varios fen\u00f3menos interesantes, como ocultaciones de estrellas por la Luna, conjunciones planetarias, lluvias de estrellas fugaces, y el eclipse total de Sol que tendr\u00e1 lugar en agosto. En esta charla explicar\u00e1 en qu\u00e9 consiste cada uno de estos fen\u00f3menos y c\u00f3mo podremos observarlos.<\/p>\n<p>No se necesita inscripci\u00f3n previa. Entrada libre.<\/p>\n<p>El aforo es limitado, y una vez completado el aforo no se podr\u00e1 acceder a la sala.<\/p>\n<p>Hora: 19:30. Se recomienda acceder a la sala hacia las 19:15.\u00a0<\/p>\n","protected":false},"excerpt":{"rendered":"El primer martes no festivo de cada mes AstroCantabria realiza una charla abierta al p\u00fablico en el Centro&hellip;\n","protected":false},"author":2,"featured_media":338225,"comment_status":"","ping_status":"","sticky":false,"template":"","format":"standard","meta":{"footnotes":""},"categories":[81],"tags":[119,123,124,25,24,117,121,122,23,118,120],"class_list":{"0":"post-338224","1":"post","2":"type-post","3":"status-publish","4":"format-standard","5":"has-post-thumbnail","7":"category-ciencia-y-tecnologia","8":"tag-ciencia","9":"tag-ciencia-y-tecnologia","10":"tag-cienciaytecnologia","11":"tag-es","12":"tag-espana","13":"tag-science","14":"tag-science-and-technology","15":"tag-scienceandtechnology","16":"tag-spain","17":"tag-technology","18":"tag-tecnologia"},"share_on_mastodon":{"url":"https:\/\/pubeurope.com\/@es\/115887586861435818","error":""},"_links":{"self":[{"href":"https:\/\/www.europesays.com\/es\/wp-json\/wp\/v2\/posts\/338224","targetHints":{"allow":["GET"]}}],"collection":[{"href":"https:\/\/www.europesays.com\/es\/wp-json\/wp\/v2\/posts"}],"about":[{"href":"https:\/\/www.europesays.com\/es\/wp-json\/wp\/v2\/types\/post"}],"author":[{"embeddable":true,"href":"https:\/\/www.europesays.com\/es\/wp-json\/wp\/v2\/users\/2"}],"replies":[{"embeddable":true,"href":"https:\/\/www.europesays.com\/es\/wp-json\/wp\/v2\/comments?post=338224"}],"version-history":[{"count":0,"href":"https:\/\/www.europesays.com\/es\/wp-json\/wp\/v2\/posts\/338224\/revisions"}],"wp:featuredmedia":[{"embeddable":true,"href":"https:\/\/www.europesays.com\/es\/wp-json\/wp\/v2\/media\/338225"}],"wp:attachment":[{"href":"https:\/\/www.europesays.com\/es\/wp-json\/wp\/v2\/media?parent=338224"}],"wp:term":[{"taxonomy":"category","embeddable":true,"href":"https:\/\/www.europesays.com\/es\/wp-json\/wp\/v2\/categories?post=338224"},{"taxonomy":"post_tag","embeddable":true,"href":"https:\/\/www.europesays.com\/es\/wp-json\/wp\/v2\/tags?post=338224"}],"curies":[{"name":"wp","href":"https:\/\/api.w.org\/{rel}","templated":true}]}}