{"id":338228,"date":"2026-01-13T11:37:08","date_gmt":"2026-01-13T11:37:08","guid":{"rendered":"https:\/\/www.europesays.com\/es\/338228\/"},"modified":"2026-01-13T11:37:08","modified_gmt":"2026-01-13T11:37:08","slug":"espana-sera-pais-invitado-de-honor-en-la-bienal-internacional-del-libro-de-sao-paulo-2026","status":"publish","type":"post","link":"https:\/\/www.europesays.com\/es\/338228\/","title":{"rendered":"Espa\u00f1a ser\u00e1 Pa\u00eds Invitado de Honor en la Bienal Internacional del Libro de S\u00e3o Paulo 2026"},"content":{"rendered":"<p>Espa\u00f1a ser\u00e1 Pa\u00eds Invitado de Honor en la 28\u00aa Bienal Internacional del Libro de S\u00e3o Paulo 2026, que se celebrar\u00e1 en la ciudad brasile\u00f1a entre el 4 y el 13 septiembre. Se trata de una de las grandes citas iberoamericanas del sector del libro, clave para la difusi\u00f3n de literatura internacional en el mercado brasile\u00f1o.<\/p>\n<p>La participaci\u00f3n espa\u00f1ola estar\u00e1 coordinada por la Direcci\u00f3n General del Libro, del C\u00f3mic y de la Lectura del Ministerio de Cultura, en colaboraci\u00f3n con Acci\u00f3n Cultural Espa\u00f1ola (AC\/E), la Agencia Espa\u00f1ola de Cooperaci\u00f3n Internacional para el Desarrollo (AECID) y el Instituto Cervantes.<\/p>\n<p>El programa de actividades a desarrollar en S\u00e3o Paulo estar\u00e1 comisariado por la escritora Marta Sanz y promover\u00e1 el sector del libro espa\u00f1ol en toda su pluralidad geogr\u00e1fica, ling\u00fc\u00edstica y tambi\u00e9n en cuanto a los g\u00e9neros literarios.<\/p>\n<p>La presencia de Espa\u00f1a en la Bienal del Libro de S\u00e3o Paulo tiene el objetivo de contribuir a la difusi\u00f3n de la literatura espa\u00f1ola en el mercado editorial iberoamericano, as\u00ed como llegar a nuevos p\u00fablicos y facilitar el intercambio entre profesionales del sector, tanto autores y autoras como cr\u00edticos literarios y editores, para lo que se contar\u00e1 con el apoyo de la Federaci\u00f3n del Gremio de Editores de Espa\u00f1a.<\/p>\n<p><strong>Impulso a la internacionalizaci\u00f3n del libro espa\u00f1ol<\/strong><\/p>\n<p>La participaci\u00f3n de Espa\u00f1a en la Bienal del Libro de S\u00e3o Paulo como Pa\u00eds Invitado de Honor se enmarca en la estrategia de internacionalizaci\u00f3n del libro desarrollada por el Ministerio de Cultura, a trav\u00e9s de la Direcci\u00f3n General del Libro, del C\u00f3mic y de la Lectura, que en los \u00faltimos a\u00f1os ha desarrollado una amplia presencia en los principales eventos internacionales del sector.<\/p>\n<p>As\u00ed, este mes de enero Espa\u00f1a es Pa\u00eds Foco en la Feria Internacional del Libro de Nueva Delhi, y el pasado octubre la Feria Internacional del Libro de Nueva York cont\u00f3 con una amplia presencia espa\u00f1ola promovida por el Ministerio de Cultura.<\/p>\n<p>En el caso de los pa\u00edses de Am\u00e9rica Latina, Espa\u00f1a fue Pa\u00eds Invitado de Honor en la Feria del Libro de Guatemala en julio de 2025, en la Feria Internacional del Libro de Bogot\u00e1 (Colombia) en abril de 2025, y en 2024 tambi\u00e9n fue Pa\u00eds Invitado en la Feria Internacional del Libro de Panam\u00e1 y en la Feria Internacional del Libro de Guadalajara (M\u00e9xico).<\/p>\n<p>Adem\u00e1s, tambi\u00e9n se ha puesto el foco en mercados especializados como el del c\u00f3mic, con la reciente participaci\u00f3n de Espa\u00f1a como Pa\u00eds Foco en el Festival Internacional del C\u00f3mic de Angulema, en Francia, a comienzos de 2025.<\/p>\n<p><strong>Apoyo a la traducci\u00f3n a lenguas extranjeras<\/strong><\/p>\n<p>Entre las medidas de las que dispone el Ministerio de Cultura para la internacionalizaci\u00f3n del sector del libro espa\u00f1ol se encuentran las ayudas a la traducci\u00f3n, que se convocan anualmente.<\/p>\n<p>Esta l\u00ednea de ayudas tiene el objetivo de fomentar la traducci\u00f3n en lenguas extranjeras de obras publicadas en las lenguas oficiales de Espa\u00f1a, as\u00ed como en aquellas con reconocimiento en los estatutos de autonom\u00eda. Se trata de ayudas en concurrencia competitiva que apoyan la traducci\u00f3n de obras completas de car\u00e1cter literario o cient\u00edfico, cl\u00e1sicas o contempor\u00e1neas, de autores espa\u00f1oles o publicadas por editoriales con sede en Espa\u00f1a.<\/p>\n","protected":false},"excerpt":{"rendered":"Espa\u00f1a ser\u00e1 Pa\u00eds Invitado de Honor en la 28\u00aa Bienal Internacional del Libro de S\u00e3o Paulo 2026, que&hellip;\n","protected":false},"author":2,"featured_media":338229,"comment_status":"","ping_status":"","sticky":false,"template":"","format":"standard","meta":{"footnotes":""},"categories":[42],"tags":[17,18,77293,13,14,11,61,62,63,64,19,20,9,10,15,16,12,21,22,65,66,67],"class_list":{"0":"post-338228","1":"post","2":"type-post","3":"status-publish","4":"format-standard","5":"has-post-thumbnail","7":"category-internacional","8":"tag-breaking-news","9":"tag-breakingnews","10":"tag-espana-pais-invitado-en-bienal-libro-de-sao-paulo","11":"tag-featured-news","12":"tag-featurednews","13":"tag-headlines","14":"tag-internacional","15":"tag-international","16":"tag-international-news","17":"tag-internationalnews","18":"tag-latest-news","19":"tag-latestnews","20":"tag-news","21":"tag-noticias","22":"tag-noticias-destacadas","23":"tag-noticiasdestacadas","24":"tag-titulares","25":"tag-ultimas-noticias","26":"tag-ultimasnoticias","27":"tag-world","28":"tag-world-news","29":"tag-worldnews"},"share_on_mastodon":{"url":"","error":""},"_links":{"self":[{"href":"https:\/\/www.europesays.com\/es\/wp-json\/wp\/v2\/posts\/338228","targetHints":{"allow":["GET"]}}],"collection":[{"href":"https:\/\/www.europesays.com\/es\/wp-json\/wp\/v2\/posts"}],"about":[{"href":"https:\/\/www.europesays.com\/es\/wp-json\/wp\/v2\/types\/post"}],"author":[{"embeddable":true,"href":"https:\/\/www.europesays.com\/es\/wp-json\/wp\/v2\/users\/2"}],"replies":[{"embeddable":true,"href":"https:\/\/www.europesays.com\/es\/wp-json\/wp\/v2\/comments?post=338228"}],"version-history":[{"count":0,"href":"https:\/\/www.europesays.com\/es\/wp-json\/wp\/v2\/posts\/338228\/revisions"}],"wp:featuredmedia":[{"embeddable":true,"href":"https:\/\/www.europesays.com\/es\/wp-json\/wp\/v2\/media\/338229"}],"wp:attachment":[{"href":"https:\/\/www.europesays.com\/es\/wp-json\/wp\/v2\/media?parent=338228"}],"wp:term":[{"taxonomy":"category","embeddable":true,"href":"https:\/\/www.europesays.com\/es\/wp-json\/wp\/v2\/categories?post=338228"},{"taxonomy":"post_tag","embeddable":true,"href":"https:\/\/www.europesays.com\/es\/wp-json\/wp\/v2\/tags?post=338228"}],"curies":[{"name":"wp","href":"https:\/\/api.w.org\/{rel}","templated":true}]}}