{"id":338234,"date":"2026-01-13T11:44:11","date_gmt":"2026-01-13T11:44:11","guid":{"rendered":"https:\/\/www.europesays.com\/es\/338234\/"},"modified":"2026-01-13T11:44:11","modified_gmt":"2026-01-13T11:44:11","slug":"milos-raonic-cuelga-la-raqueta","status":"publish","type":"post","link":"https:\/\/www.europesays.com\/es\/338234\/","title":{"rendered":"Milos Raonic cuelga la raqueta"},"content":{"rendered":"<p data-mrf-recirculation=\"Links P\u00e1rrafos\" class=\"ue-c-article__paragraph paragraph xai-icon-container ue-c-article--first-letter-highlighted\">\u00abHa llegado el momento, me retiro del tenis. Es un momento que sabes que llegar\u00e1 alg\u00fan d\u00eda, pero por alguna raz\u00f3n nunca te sientes preparado. Estoy m\u00e1s preparado que nunca\u00bb. As\u00ed anunci\u00f3 Milos Raonic, en sus redes sociales,\u00a0 su decisi\u00f3n de colgar la raqueta.\u00a0<br \/>\u200b<br \/>\u200bEl tenista canadiense no hab\u00eda jugado partido alguno desde que cayera\u00a0en primera ronda en los Juegos Ol\u00edmpicos de Par\u00eds. Con ochos t\u00edtulos ATP en su palmar\u00e9s, el finalista de Wimbledon en 2016 se despedi agradecido por lo que ha podido vivir durante su carrera en activo: \u00abEl tenis ha sido mi pasi\u00f3n y mi obsesi\u00f3n durante la mayor parte de mi vida. He sido la persona m\u00e1s afortunada por haber podido vivir y cumplir mis sue\u00f1os. <strong>Pude presentarme cada d\u00eda y concentrarme en mejorar, ver d\u00f3nde me llevar\u00eda eso, y jugar a un juego que descubr\u00ed a los 8 a\u00f1os por pura suerte<\/strong>. De alguna manera, esto se convirti\u00f3 en mi obsesi\u00f3n y mi infancia, y luego en mi profesi\u00f3n y mi vida\u00bb.<\/p>\n<p data-mrf-recirculation=\"Links P\u00e1rrafos\" class=\"ue-c-article__paragraph paragraph\">Nacido en la actual Montenegro, se mud\u00f3 a Canad\u00e1 a los tres a\u00f1os. Gan\u00f3 su primer t\u00edtulo ATP en el Torneo de San Jos\u00e9 en 2011. <strong>Su \u00faltimo trofeo lo levant\u00f3 en Brisbane en 2016<\/strong>. Lleg\u00f3 a la final de cuatro Masters 1000 (Canad\u00e1 2013, Par\u00eds 2014, Indian Wells 2016 y Cincinnati 2020) y se encaram\u00f3 al tercer puesto del ranking mundial en 2016.\u00a0<br \/>\u200b<br \/>\u200b<br \/>\u200b\u00bb<strong>Hay much\u00edsima vida por delante, y estoy tan motivado y con tantas ganas como en 2011, <\/strong>cuando empec\u00e9 en el circuito. Pondr\u00e9 el mismo esfuerzo e intensidad en lo que viene. Si logro alcanzar la misma excelencia que con el tenis, intentando ser mejor cada d\u00eda, veremos d\u00f3nde me lleva\u00bb, acaba Raonic.<br \/>\u200b<br \/>\u200b<\/p>\n","protected":false},"excerpt":{"rendered":"\u00abHa llegado el momento, me retiro del tenis. Es un momento que sabes que llegar\u00e1 alg\u00fan d\u00eda, pero&hellip;\n","protected":false},"author":2,"featured_media":338235,"comment_status":"","ping_status":"","sticky":false,"template":"","format":"standard","meta":{"footnotes":""},"categories":[274],"tags":[168,25,24,23,167,327,326],"class_list":{"0":"post-338234","1":"post","2":"type-post","3":"status-publish","4":"format-standard","5":"has-post-thumbnail","7":"category-tenis","8":"tag-deportes","9":"tag-es","10":"tag-espana","11":"tag-spain","12":"tag-sports","13":"tag-tenis","14":"tag-tennis"},"share_on_mastodon":{"url":"https:\/\/pubeurope.com\/@es\/115887621060137453","error":""},"_links":{"self":[{"href":"https:\/\/www.europesays.com\/es\/wp-json\/wp\/v2\/posts\/338234","targetHints":{"allow":["GET"]}}],"collection":[{"href":"https:\/\/www.europesays.com\/es\/wp-json\/wp\/v2\/posts"}],"about":[{"href":"https:\/\/www.europesays.com\/es\/wp-json\/wp\/v2\/types\/post"}],"author":[{"embeddable":true,"href":"https:\/\/www.europesays.com\/es\/wp-json\/wp\/v2\/users\/2"}],"replies":[{"embeddable":true,"href":"https:\/\/www.europesays.com\/es\/wp-json\/wp\/v2\/comments?post=338234"}],"version-history":[{"count":0,"href":"https:\/\/www.europesays.com\/es\/wp-json\/wp\/v2\/posts\/338234\/revisions"}],"wp:featuredmedia":[{"embeddable":true,"href":"https:\/\/www.europesays.com\/es\/wp-json\/wp\/v2\/media\/338235"}],"wp:attachment":[{"href":"https:\/\/www.europesays.com\/es\/wp-json\/wp\/v2\/media?parent=338234"}],"wp:term":[{"taxonomy":"category","embeddable":true,"href":"https:\/\/www.europesays.com\/es\/wp-json\/wp\/v2\/categories?post=338234"},{"taxonomy":"post_tag","embeddable":true,"href":"https:\/\/www.europesays.com\/es\/wp-json\/wp\/v2\/tags?post=338234"}],"curies":[{"name":"wp","href":"https:\/\/api.w.org\/{rel}","templated":true}]}}