{"id":338254,"date":"2026-01-13T12:01:15","date_gmt":"2026-01-13T12:01:15","guid":{"rendered":"https:\/\/www.europesays.com\/es\/338254\/"},"modified":"2026-01-13T12:01:15","modified_gmt":"2026-01-13T12:01:15","slug":"la-diputacion-impulsa-los-deportes-de-montana-con-los-circuitos-provinciales-de-senderismo-escalada-y-carrera-por-montana","status":"publish","type":"post","link":"https:\/\/www.europesays.com\/es\/338254\/","title":{"rendered":"La Diputaci\u00f3n impulsa los deportes de monta\u00f1a con los circuitos provinciales de senderismo, escalada y carrera por monta\u00f1a"},"content":{"rendered":"<p>El Palacio de la Merced, sede de la Diputaci\u00f3n de C\u00f3rdoba, ha acogido hoy la presentaci\u00f3n de los programas de deportes de monta\u00f1a para 2026 entre los que se incluyen el XIV Circuito de Senderismo, el X Circuito de Carrera por Monta\u00f1a y el III Circuito de Escalada Deportiva. Unos circuitos \u201cque est\u00e1n muy consolidados en la provincia y por los que apostamos no solo en el apartado t\u00e9cnico, sino dot\u00e1ndolos con m\u00e1s recursos\u201d.<\/p>\n<p>As\u00ed lo ha indicado el delegado de Deportes de la Diputaci\u00f3n, Antonio Mart\u00edn quien, acompa\u00f1ado por el responsable provincial de la Federaci\u00f3n Andaluza de Deportes de Monta\u00f1a, Escalada y Senderismo (FADMES), Jos\u00e9 Miguel Guerrero, ha detallado las actividades de este programa, que en lo relativo al circuito de NaturCOR de senderismo \u201cse va ampliando a\u00f1o tras a\u00f1o debido a la mayor demanda de los distintos municipios de la provincia, lo que nos ha llevado a asumir m\u00e1s presupuesto para incluir nuevas rutas\u201d.<\/p>\n<p>Para Mart\u00edn, estas actividades \u201caportan mucho dinamismo a los municipios, no solo en lo deportivo, sino tambi\u00e9n en lo econ\u00f3mico. Es un programa provincial impulsado por la Diputaci\u00f3n, que se ha consolidado como un referente de la promoci\u00f3n del deporte en la naturaleza, los h\u00e1bitos de vida saludable y la apuesta del valor patrimonial, cultural, natural y rural de la provincia.<\/p>\n<p>Para la edici\u00f3n de 2026 \u201cse han previsto 13 rutas cuya convocatoria para solicitudes de ayuntamientos y entidades finaliza el 27 de enero\u201d. El delegado de Deportes ha se\u00f1alado que \u201cel \u00e9xito de este circuito lo demuestra la participaci\u00f3n de 1.000 deportistas en las rutas de 2025, en una edici\u00f3n en la que tambi\u00e9n se ha se\u00f1alizado y homologado una ruta en Belalc\u00e1zar\u201d.<\/p>\n<p>En cuanto al circuito de Escalada Deportiva, Mart\u00edn ha indicado que \u201cempez\u00f3 hace dos a\u00f1os como un proyecto piloto con dos pruebas y que este a\u00f1o alcanza su tercera edici\u00f3n consolidada con cinco pruebas que se van a desarrollar en los municipios de C\u00f3rdoba, Espiel, Castro del R\u00edo, Rute y Priego de C\u00f3rdoba\u201d.<\/p>\n<p>Finalmente, el responsable provincial de Deportes se ha referido al Circuito de Carreras por Monta\u00f1a, \u201cque va a contar con 12 pruebas, dos m\u00e1s que el a\u00f1o anterior, entre las que se incluyen algunas tan importantes como el \u2018Califa Mountain Festival\u2019 y el \u2018Ti\u00f1osa Trail\u2019, que tambi\u00e9n forman parte de distintas competiciones andaluzas\u201d.<\/p>\n<p>Mart\u00edn ha hecho hincapi\u00e9 en que \u201cestas actividades se realizan de la mano de la Federaci\u00f3n Andaluza de Deportes de Monta\u00f1a, gracias a cuya colaboraci\u00f3n podemos contar con tres circuitos de gran relevancia, por lo que reitero el compromiso con los convenios que lo hacen posible\u201d.<\/p>\n<p>Por su parte, Guerrero ha destacado el apoyo de la instituci\u00f3n provincial a unas actividades \u201cque son multidisciplinares y que facilitan la participaci\u00f3n de un gran numero de deportistas de todas las edades, con la escalada y la carrera por monta\u00f1a en las que participan m\u00e1s j\u00f3venes y el senderismo que atrae a personas de una edad madura, destacando tambi\u00e9n una gran participaci\u00f3n de la mujer\u201d.<\/p>\n<p>Adem\u00e1s, ha a\u00f1adido que \u201cen estos circuitos se incluyen todas las comarcas de la provincia, lo que facilita la participaci\u00f3n de muchos deportistas que, de otra manera, no podr\u00edan acudir a estas citas\u201d.<\/p>\n","protected":false},"excerpt":{"rendered":"El Palacio de la Merced, sede de la Diputaci\u00f3n de C\u00f3rdoba, ha acogido hoy la presentaci\u00f3n de los&hellip;\n","protected":false},"author":2,"featured_media":338255,"comment_status":"","ping_status":"","sticky":false,"template":"","format":"standard","meta":{"footnotes":""},"categories":[8],"tags":[17,18,25,24,13,14,11,19,20,9,10,15,16,23,12,21,22],"class_list":{"0":"post-338254","1":"post","2":"type-post","3":"status-publish","4":"format-standard","5":"has-post-thumbnail","7":"category-espana","8":"tag-breaking-news","9":"tag-breakingnews","10":"tag-es","11":"tag-espana","12":"tag-featured-news","13":"tag-featurednews","14":"tag-headlines","15":"tag-latest-news","16":"tag-latestnews","17":"tag-news","18":"tag-noticias","19":"tag-noticias-destacadas","20":"tag-noticiasdestacadas","21":"tag-spain","22":"tag-titulares","23":"tag-ultimas-noticias","24":"tag-ultimasnoticias"},"share_on_mastodon":{"url":"https:\/\/pubeurope.com\/@es\/115887687924043640","error":""},"_links":{"self":[{"href":"https:\/\/www.europesays.com\/es\/wp-json\/wp\/v2\/posts\/338254","targetHints":{"allow":["GET"]}}],"collection":[{"href":"https:\/\/www.europesays.com\/es\/wp-json\/wp\/v2\/posts"}],"about":[{"href":"https:\/\/www.europesays.com\/es\/wp-json\/wp\/v2\/types\/post"}],"author":[{"embeddable":true,"href":"https:\/\/www.europesays.com\/es\/wp-json\/wp\/v2\/users\/2"}],"replies":[{"embeddable":true,"href":"https:\/\/www.europesays.com\/es\/wp-json\/wp\/v2\/comments?post=338254"}],"version-history":[{"count":0,"href":"https:\/\/www.europesays.com\/es\/wp-json\/wp\/v2\/posts\/338254\/revisions"}],"wp:featuredmedia":[{"embeddable":true,"href":"https:\/\/www.europesays.com\/es\/wp-json\/wp\/v2\/media\/338255"}],"wp:attachment":[{"href":"https:\/\/www.europesays.com\/es\/wp-json\/wp\/v2\/media?parent=338254"}],"wp:term":[{"taxonomy":"category","embeddable":true,"href":"https:\/\/www.europesays.com\/es\/wp-json\/wp\/v2\/categories?post=338254"},{"taxonomy":"post_tag","embeddable":true,"href":"https:\/\/www.europesays.com\/es\/wp-json\/wp\/v2\/tags?post=338254"}],"curies":[{"name":"wp","href":"https:\/\/api.w.org\/{rel}","templated":true}]}}